{"id":13049,"date":"2021-07-20T15:34:04","date_gmt":"2021-07-20T13:34:04","guid":{"rendered":"https:\/\/novisad2022.rs\/?p=13049"},"modified":"2021-07-20T15:34:04","modified_gmt":"2021-07-20T13:34:04","slug":"thirty-projects-of-local-artists-for-this-years-kaleidoscope-of-culture-chosen","status":"publish","type":"post","link":"https:\/\/novisad2022.rs\/en\/thirty-projects-of-local-artists-for-this-years-kaleidoscope-of-culture-chosen\/","title":{"rendered":"Thirty Projects of Local Artists for This Year&#8217;s Kaleidoscope of Culture Chosen"},"content":{"rendered":"<p><strong>30 projects<\/strong> were selected at the call that was intended for Novi Sad artists to participate in this year&#8217;s Kaleidoscope of Culture.<br \/>\n<!--more--><\/p>\n<p>Since the <a href=\"https:\/\/kaleidoskopkulture.com\/en\/\" target=\"_blank\" rel=\"noopener\">Kaleidoscope of Culture<\/a> represents a <strong>culture of community through five weeks and five types of art<\/strong> (performing, visual, applied, literature and architecture), the projects selected include <strong>performing, fine arts, audio-visual and digital creation, multimedia, musical, circus, street art and the like.<\/strong><\/p>\n<h4>List of approved projects in the Public call for support of local artists in 2021<\/h4>\n<p>&nbsp;<\/p>\n<table style=\"height: 1426px; width: 100%; border-collapse: collapse; border-style: solid; border-color: #000000;\">\n<tbody>\n<tr style=\"height: 46px;\">\n<td style=\"width: 5.82052%; height: 46px; border-style: solid; border-color: #000000; text-align: center;\"><strong>Number<\/strong><\/td>\n<td style=\"width: 15.7694%; height: 46px; border-style: solid; border-color: #000000; text-align: center;\"><strong>Component of the call<\/strong><\/td>\n<td style=\"width: 26.2307%; height: 46px; border-style: solid; border-color: #000000; text-align: center;\"><strong>Applicant<\/strong><\/td>\n<td style=\"width: 52.1795%; height: 46px; border-style: solid; border-color: #000000; text-align: center;\"><strong>Name of the project<\/strong><\/td>\n<\/tr>\n<tr style=\"height: 46px;\">\n<td style=\"width: 5.82052%; height: 46px; border-style: solid; border-color: #000000; text-align: center;\">1.<\/td>\n<td style=\"width: 15.7694%; height: 46px; border-style: solid; border-color: #000000; text-align: center;\">Component 1<\/td>\n<td style=\"width: 26.2307%; height: 46px; border-style: solid; border-color: #000000;\">Dragana Kuzmanovi\u0107<\/td>\n<td style=\"width: 52.1795%; height: 46px; border-style: solid; border-color: #000000;\">Novi Sad Tango Quintet \u2013 homage to Astor Piazzolla<\/td>\n<\/tr>\n<tr style=\"height: 46px;\">\n<td style=\"width: 5.82052%; height: 46px; border-style: solid; border-color: #000000; text-align: center;\">2.<\/td>\n<td style=\"width: 15.7694%; height: 46px; border-style: solid; border-color: #000000; text-align: center;\">Component 1<\/td>\n<td style=\"width: 26.2307%; height: 46px; border-style: solid; border-color: #000000;\">Vojana Obradovi\u0107<\/td>\n<td style=\"width: 52.1795%; height: 46px; border-style: solid; border-color: #000000;\">Pri\u010de iz du\u0161e III<\/td>\n<\/tr>\n<tr style=\"height: 46px;\">\n<td style=\"width: 5.82052%; height: 46px; border-style: solid; border-color: #000000; text-align: center;\">3.<\/td>\n<td style=\"width: 15.7694%; height: 46px; border-style: solid; border-color: #000000; text-align: center;\">Component 2<\/td>\n<td style=\"width: 26.2307%; height: 46px; border-style: solid; border-color: #000000;\">Sara Masnikosa<\/td>\n<td style=\"width: 52.1795%; height: 46px; border-style: solid; border-color: #000000;\">Outside, such a lonely place<\/td>\n<\/tr>\n<tr style=\"height: 46px;\">\n<td style=\"width: 5.82052%; height: 46px; border-style: solid; border-color: #000000; text-align: center;\">4.<\/td>\n<td style=\"width: 15.7694%; height: 46px; border-style: solid; border-color: #000000; text-align: center;\">Component 1<\/td>\n<td style=\"width: 26.2307%; height: 46px; border-style: solid; border-color: #000000;\">Ljubica Denkovi\u0107<\/td>\n<td style=\"width: 52.1795%; height: 46px; border-style: solid; border-color: #000000;\">Night Motions<\/td>\n<\/tr>\n<tr style=\"height: 46px;\">\n<td style=\"width: 5.82052%; height: 46px; border-style: solid; border-color: #000000; text-align: center;\">5.<\/td>\n<td style=\"width: 15.7694%; height: 46px; border-style: solid; border-color: #000000; text-align: center;\">Component 1<\/td>\n<td style=\"width: 26.2307%; height: 46px; border-style: solid; border-color: #000000;\">Dragana Koji\u010di\u0107<\/td>\n<td style=\"width: 52.1795%; height: 46px; border-style: solid; border-color: #000000;\">Stanica od \/ do zemlje<\/td>\n<\/tr>\n<tr style=\"height: 46px;\">\n<td style=\"width: 5.82052%; height: 46px; border-style: solid; border-color: #000000; text-align: center;\">6.<\/td>\n<td style=\"width: 15.7694%; height: 46px; border-style: solid; border-color: #000000; text-align: center;\">Component 1<\/td>\n<td style=\"width: 26.2307%; height: 46px; border-style: solid; border-color: #000000;\">Vitomirka Trebovac<\/td>\n<td style=\"width: 52.1795%; height: 46px; border-style: solid; border-color: #000000;\">Dani punog meseca<\/td>\n<\/tr>\n<tr style=\"height: 46px;\">\n<td style=\"width: 5.82052%; height: 46px; border-style: solid; border-color: #000000; text-align: center;\">7.<\/td>\n<td style=\"width: 15.7694%; height: 46px; border-style: solid; border-color: #000000; text-align: center;\">Component 1<\/td>\n<td style=\"width: 26.2307%; height: 46px; border-style: solid; border-color: #000000;\">Marina Milanovi\u0107<\/td>\n<td style=\"width: 52.1795%; height: 46px; border-style: solid; border-color: #000000;\">Radna sveska<\/td>\n<\/tr>\n<tr style=\"height: 46px;\">\n<td style=\"width: 5.82052%; height: 46px; border-style: solid; border-color: #000000; text-align: center;\">8.<\/td>\n<td style=\"width: 15.7694%; height: 46px; border-style: solid; border-color: #000000; text-align: center;\">Component 1<\/td>\n<td style=\"width: 26.2307%; height: 46px; border-style: solid; border-color: #000000;\">Aleksandra \u010cavi\u0107<\/td>\n<td style=\"width: 52.1795%; height: 46px; border-style: solid; border-color: #000000;\">Novi Sad kroz ples<\/td>\n<\/tr>\n<tr style=\"height: 46px;\">\n<td style=\"width: 5.82052%; height: 46px; border-style: solid; border-color: #000000; text-align: center;\">9.<\/td>\n<td style=\"width: 15.7694%; height: 46px; border-style: solid; border-color: #000000; text-align: center;\">Component 1<\/td>\n<td style=\"width: 26.2307%; height: 46px; border-style: solid; border-color: #000000;\">Dimitrije Beljanski<\/td>\n<td style=\"width: 52.1795%; height: 46px; border-style: solid; border-color: #000000;\">Alice in Wonderland immersive play<\/td>\n<\/tr>\n<tr style=\"height: 46px;\">\n<td style=\"width: 5.82052%; height: 46px; border-style: solid; border-color: #000000; text-align: center;\">10.<\/td>\n<td style=\"width: 15.7694%; height: 46px; border-style: solid; border-color: #000000; text-align: center;\">Component 1<\/td>\n<td style=\"width: 26.2307%; height: 46px; border-style: solid; border-color: #000000;\">Ana Javoran<\/td>\n<td style=\"width: 52.1795%; height: 46px; border-style: solid; border-color: #000000;\">stasis: to visit<\/td>\n<\/tr>\n<tr style=\"height: 46px;\">\n<td style=\"width: 5.82052%; height: 46px; border-style: solid; border-color: #000000; text-align: center;\">11.<\/td>\n<td style=\"width: 15.7694%; height: 46px; border-style: solid; border-color: #000000; text-align: center;\">Component 1<\/td>\n<td style=\"width: 26.2307%; height: 46px; border-style: solid; border-color: #000000;\">Milica Sekuli\u0107<\/td>\n<td style=\"width: 52.1795%; height: 46px; border-style: solid; border-color: #000000;\">Savremeni izazovi i tradicionalna znanja konzervacije i restauracije<\/td>\n<\/tr>\n<tr style=\"height: 46px;\">\n<td style=\"width: 5.82052%; height: 46px; border-style: solid; border-color: #000000; text-align: center;\">12.<\/td>\n<td style=\"width: 15.7694%; height: 46px; border-style: solid; border-color: #000000; text-align: center;\">Component 1<\/td>\n<td style=\"width: 26.2307%; height: 46px; border-style: solid; border-color: #000000;\">Neda Nosovi\u0107<\/td>\n<td style=\"width: 52.1795%; height: 46px; border-style: solid; border-color: #000000;\">\u017divot Margite Stefanovi\u0107<\/td>\n<\/tr>\n<tr style=\"height: 46px;\">\n<td style=\"width: 5.82052%; height: 46px; border-style: solid; border-color: #000000; text-align: center;\">13.<\/td>\n<td style=\"width: 15.7694%; height: 46px; border-style: solid; border-color: #000000; text-align: center;\">Component 1<\/td>\n<td style=\"width: 26.2307%; height: 46px; border-style: solid; border-color: #000000;\">Gojko Dutina<\/td>\n<td style=\"width: 52.1795%; height: 46px; border-style: solid; border-color: #000000;\">Pustinjsko polarni voz<\/td>\n<\/tr>\n<tr style=\"height: 46px;\">\n<td style=\"width: 5.82052%; height: 46px; border-style: solid; border-color: #000000; text-align: center;\">14.<\/td>\n<td style=\"width: 15.7694%; height: 46px; border-style: solid; border-color: #000000; text-align: center;\">Component 1<\/td>\n<td style=\"width: 26.2307%; height: 46px; border-style: solid; border-color: #000000;\">\u017deljko Grulovi\u0107<\/td>\n<td style=\"width: 52.1795%; height: 46px; border-style: solid; border-color: #000000;\">Muzej budu\u0107nosti<\/td>\n<\/tr>\n<tr style=\"height: 46px;\">\n<td style=\"width: 5.82052%; height: 46px; border-style: solid; border-color: #000000; text-align: center;\">15.<\/td>\n<td style=\"width: 15.7694%; height: 46px; border-style: solid; border-color: #000000; text-align: center;\">Component 2<\/td>\n<td style=\"width: 26.2307%; height: 46px; border-style: solid; border-color: #000000;\">Jelena Gajinovi\u0107<\/td>\n<td style=\"width: 52.1795%; height: 46px; border-style: solid; border-color: #000000;\">Lost landscape<\/td>\n<\/tr>\n<tr style=\"height: 46px;\">\n<td style=\"width: 5.82052%; height: 46px; border-style: solid; border-color: #000000; text-align: center;\">16.<\/td>\n<td style=\"width: 15.7694%; height: 46px; border-style: solid; border-color: #000000; text-align: center;\">Component 1<\/td>\n<td style=\"width: 26.2307%; height: 46px; border-style: solid; border-color: #000000;\">Darija Dragojlovi\u0107<\/td>\n<td style=\"width: 52.1795%; height: 46px; border-style: solid; border-color: #000000;\">Homogeno u nehomogenom<\/td>\n<\/tr>\n<tr style=\"height: 46px;\">\n<td style=\"width: 5.82052%; height: 46px; border-style: solid; border-color: #000000; text-align: center;\">17.<\/td>\n<td style=\"width: 15.7694%; height: 46px; border-style: solid; border-color: #000000; text-align: center;\">Component 1<\/td>\n<td style=\"width: 26.2307%; height: 46px; border-style: solid; border-color: #000000;\">Arpad Fe\u0161i\u0161<\/td>\n<td style=\"width: 52.1795%; height: 46px; border-style: solid; border-color: #000000;\">Novosadski uli\u010dni svira\u010di<\/td>\n<\/tr>\n<tr style=\"height: 46px;\">\n<td style=\"width: 5.82052%; height: 46px; border-style: solid; border-color: #000000; text-align: center;\">18.<\/td>\n<td style=\"width: 15.7694%; height: 46px; border-style: solid; border-color: #000000; text-align: center;\">Component 1<\/td>\n<td style=\"width: 26.2307%; height: 46px; border-style: solid; border-color: #000000;\">Milan Tripkovi\u0107<\/td>\n<td style=\"width: 52.1795%; height: 46px; border-style: solid; border-color: #000000;\">Urbani simboli i signali: paralelni svetovi Novog Sada<\/td>\n<\/tr>\n<tr style=\"height: 46px;\">\n<td style=\"width: 5.82052%; height: 46px; border-style: solid; border-color: #000000; text-align: center;\">19.<\/td>\n<td style=\"width: 15.7694%; height: 46px; border-style: solid; border-color: #000000; text-align: center;\">Component 1<\/td>\n<td style=\"width: 26.2307%; height: 46px; border-style: solid; border-color: #000000;\">Aleksa Vujovi\u0107<\/td>\n<td style=\"width: 52.1795%; height: 46px; border-style: solid; border-color: #000000;\">Galerija Mimova<\/td>\n<\/tr>\n<tr style=\"height: 46px;\">\n<td style=\"width: 5.82052%; height: 46px; border-style: solid; border-color: #000000; text-align: center;\">20.<\/td>\n<td style=\"width: 15.7694%; height: 46px; border-style: solid; border-color: #000000; text-align: center;\">Component 1<\/td>\n<td style=\"width: 26.2307%; height: 46px; border-style: solid; border-color: #000000;\">Milan Stojanovi\u0107<\/td>\n<td style=\"width: 52.1795%; height: 46px; border-style: solid; border-color: #000000;\">Muzi\u010dko putovanje kroz stilske epohe<\/td>\n<\/tr>\n<tr style=\"height: 46px;\">\n<td style=\"width: 5.82052%; height: 46px; border-style: solid; border-color: #000000; text-align: center;\">21.<\/td>\n<td style=\"width: 15.7694%; height: 46px; border-style: solid; border-color: #000000; text-align: center;\">Component 1<\/td>\n<td style=\"width: 26.2307%; height: 46px; border-style: solid; border-color: #000000;\">Atila Kapitanj<\/td>\n<td style=\"width: 52.1795%; height: 46px; border-style: solid; border-color: #000000;\">Udarna vest \u2013 predstava<\/td>\n<\/tr>\n<tr style=\"height: 46px;\">\n<td style=\"width: 5.82052%; height: 46px; border-style: solid; border-color: #000000; text-align: center;\">22.<\/td>\n<td style=\"width: 15.7694%; height: 46px; border-style: solid; border-color: #000000; text-align: center;\">Component 1<\/td>\n<td style=\"width: 26.2307%; height: 46px; border-style: solid; border-color: #000000;\">Goran Eri\u0107<\/td>\n<td style=\"width: 52.1795%; height: 46px; border-style: solid; border-color: #000000;\">Klatno<\/td>\n<\/tr>\n<tr style=\"height: 46px;\">\n<td style=\"width: 5.82052%; height: 46px; border-style: solid; border-color: #000000; text-align: center;\">23.<\/td>\n<td style=\"width: 15.7694%; height: 46px; border-style: solid; border-color: #000000; text-align: center;\">Component 1<\/td>\n<td style=\"width: 26.2307%; height: 46px; border-style: solid; border-color: #000000;\">Helena Mak<\/td>\n<td style=\"width: 52.1795%; height: 46px; border-style: solid; border-color: #000000;\">Razmena knjiga pod vedrim nebom<\/td>\n<\/tr>\n<tr style=\"height: 46px;\">\n<td style=\"width: 5.82052%; height: 46px; border-style: solid; border-color: #000000; text-align: center;\">24.<\/td>\n<td style=\"width: 15.7694%; height: 46px; border-style: solid; border-color: #000000; text-align: center;\">Component 1<\/td>\n<td style=\"width: 26.2307%; height: 46px; border-style: solid; border-color: #000000;\">Filip Markovinovi\u0107<\/td>\n<td style=\"width: 52.1795%; height: 46px; border-style: solid; border-color: #000000;\">Pra\u0161ina<\/td>\n<\/tr>\n<tr style=\"height: 46px;\">\n<td style=\"width: 5.82052%; height: 46px; border-style: solid; border-color: #000000; text-align: center;\">25.<\/td>\n<td style=\"width: 15.7694%; height: 46px; border-style: solid; border-color: #000000; text-align: center;\">Component 1<\/td>\n<td style=\"width: 26.2307%; height: 46px; border-style: solid; border-color: #000000;\">Mirjana Rai\u0107 Tepi\u0107<\/td>\n<td style=\"width: 52.1795%; height: 46px; border-style: solid; border-color: #000000;\">Raw\u0111enice<\/td>\n<\/tr>\n<tr style=\"height: 46px;\">\n<td style=\"width: 5.82052%; height: 46px; border-style: solid; border-color: #000000; text-align: center;\">26.<\/td>\n<td style=\"width: 15.7694%; height: 46px; border-style: solid; border-color: #000000; text-align: center;\">Component 1<\/td>\n<td style=\"width: 26.2307%; height: 46px; border-style: solid; border-color: #000000;\">Marko \u010cur\u010di\u0107<\/td>\n<td style=\"width: 52.1795%; height: 46px; border-style: solid; border-color: #000000;\">Koncert grupe <em>Dabi\u0161ka<\/em><\/td>\n<\/tr>\n<tr style=\"height: 46px;\">\n<td style=\"width: 5.82052%; height: 46px; border-style: solid; border-color: #000000; text-align: center;\">27.<\/td>\n<td style=\"width: 15.7694%; height: 46px; border-style: solid; border-color: #000000; text-align: center;\">Component 1<\/td>\n<td style=\"width: 26.2307%; height: 46px; border-style: solid; border-color: #000000;\">Marko Ka\u0107anski<\/td>\n<td style=\"width: 52.1795%; height: 46px; border-style: solid; border-color: #000000;\">Premiere of the film made within the Kizuna project and a multimedia concert of the <em>Bruke<\/em> band<\/td>\n<\/tr>\n<tr style=\"height: 46px;\">\n<td style=\"width: 5.82052%; height: 46px; border-style: solid; border-color: #000000; text-align: center;\">28.<\/td>\n<td style=\"width: 15.7694%; height: 46px; border-style: solid; border-color: #000000; text-align: center;\">Component 1<\/td>\n<td style=\"width: 26.2307%; height: 46px; border-style: solid; border-color: #000000;\">\u017darko Sebi\u0107<\/td>\n<td style=\"width: 52.1795%; height: 46px; border-style: solid; border-color: #000000;\">Interactive music workshops for children<\/td>\n<\/tr>\n<tr style=\"height: 46px;\">\n<td style=\"width: 5.82052%; height: 46px; border-style: solid; border-color: #000000; text-align: center;\">29.<\/td>\n<td style=\"width: 15.7694%; height: 46px; border-style: solid; border-color: #000000; text-align: center;\">Component 1<\/td>\n<td style=\"width: 26.2307%; height: 46px; border-style: solid; border-color: #000000;\">Jovan Adamov<\/td>\n<td style=\"width: 52.1795%; height: 46px; border-style: solid; border-color: #000000;\">Children&#8217;s digital music world<\/td>\n<\/tr>\n<tr style=\"height: 46px;\">\n<td style=\"width: 5.82052%; height: 46px; border-style: solid; border-color: #000000; text-align: center;\">30.<\/td>\n<td style=\"width: 15.7694%; height: 46px; border-style: solid; border-color: #000000; text-align: center;\">Component 1<\/td>\n<td style=\"width: 26.2307%; height: 46px; border-style: solid; border-color: #000000;\">Milo\u0161 Zubac<\/td>\n<td style=\"width: 52.1795%; height: 46px; border-style: solid; border-color: #000000;\">Yesterday&#8217;s world \u2013 presentation of the poetry-music edition through concert<\/td>\n<\/tr>\n<\/tbody>\n<\/table>\n<p>The call, which lasted from 7 June to 5 July, was launched by the \u2018<a href=\"https:\/\/novisad2022.rs\/en\/home-3\/\" target=\"_blank\" rel=\"noopener\">Novi Sad \u2013 European Capital of Culture\u2019 Foundation<\/a> in the spirit of activating all relevant actors on the cultural scene, and iconic city spaces, cultural stations and new places, and putting them in the service of culture and art within the fourth Kaleidoscope of Culture planned from 2 September to 8 October.<\/p>\n<p>The amount of RSD 12.5 million has been allocated for public calls and invitations within the upcoming Kaleidoscope of Culture. The calls will be implemented in cooperation with renowned partners, such as the prestigious world institution for development and experiment in the field of transmedia art and new art media, <strong>Ars Electronica<\/strong>, art gallery in the Austrian St. P\u00f6lten <strong>(Landhausgalerie Ausstellungsbr\u00fccke<\/strong>), <strong>Association of Novi Sad Architects<\/strong>, with the support of the<strong> Austrian Cultural Forum<\/strong> and the<strong> Centre for the Promotion of Science.<\/strong><\/p>\n<p>Therefore, a special segment of this call was the application of artists to participate in the exhibition that the \u2018Novi Sad \u2013 European Capital of Culture\u2019 Foundation will implement in the aforementioned art gallery in the Austrian St. P\u00f6lten in cooperation with the Provincial Government of Lower Austria. <strong>The projects of two Novi Sad artists Sara Masnikosa \u2013 Outside, such as a lonely place and Jelena Gajinovi\u0107 \u2013 Lost landscape, were selected for the exhibition.<\/strong> At the same time, as a product of that cooperation, Austrian artists will exhibit in Novi Sad as part of the Kaleidoscope of Culture. Let us remind you that the <a href=\"https:\/\/novisad2022.rs\/en\/novi-sad-academy-of-arts-wins-the-call-for-the-exhibition-at-the-national-pavilion-of-ars-electronica\/\" target=\"_blank\" rel=\"noopener\">winner of the call implemented with Ars Electronica is the Academy of Arts in Novi Sad<\/a>, while the <a href=\"https:\/\/novisad2022.rs\/en\/deadline-for-the-new-places-call-extended\/\" target=\"_blank\" rel=\"noopener\">deadline for the \u2018New Places\u2019 call is extended.<\/a> The call is being implemented by the Foundation together with the Association of Architects of Novi Sad and the City Administration for Construction Land and Investments, therefore it will be open until 24 August 24 2021. You can find more information <a href=\"https:\/\/novisad2022.rs\/en\/rs\/konkurs-za-uredjenje-novih-mesta-u-kaleidoskopu-kulture\/\" target=\"_blank\" rel=\"noopener\">our website, in the Public calls section.<\/a><\/p>\n<p><a href=\"https:\/\/novisad2022.rs\/wp-content\/uploads\/2021\/07\/1092-13-Odluka-o-raspodeli-sredstava-po-Javnom-konkursu-za-PLU-u-2021.-Kaleidoskop-kulture-1.pdf\" target=\"_blank\" rel=\"noopener\">Decision on the allocation of funds under the Public call for support of local artists in 2021. Kaleidoscope of Culture<\/a><\/p>","protected":false},"excerpt":{"rendered":"<p>30 projects were selected at the call that was intended for Novi Sad artists to participate in this year&#8217;s Kaleidoscope of Culture.<\/p>","protected":false},"author":8,"featured_media":12936,"comment_status":"open","ping_status":"open","sticky":false,"template":"","format":"standard","meta":{"site-sidebar-layout":"default","site-content-layout":"default","ast-site-content-layout":"default","site-content-style":"default","site-sidebar-style":"default","ast-global-header-display":"","ast-banner-title-visibility":"","ast-main-header-display":"","ast-hfb-above-header-display":"","ast-hfb-below-header-display":"","ast-hfb-mobile-header-display":"","site-post-title":"","ast-breadcrumbs-content":"","ast-featured-img":"","footer-sml-layout":"","ast-disable-related-posts":"","theme-transparent-header-meta":"default","adv-header-id-meta":"","stick-header-meta":"","header-above-stick-meta":"","header-main-stick-meta":"","header-below-stick-meta":"","astra-migrate-meta-layouts":"default","ast-page-background-enabled":"default","ast-page-background-meta":{"desktop":{"background-color":"","background-image":"","background-repeat":"repeat","background-position":"center center","background-size":"auto","background-attachment":"scroll","background-type":"","background-media":"","overlay-type":"","overlay-color":"","overlay-opacity":"","overlay-gradient":""},"tablet":{"background-color":"","background-image":"","background-repeat":"repeat","background-position":"center center","background-size":"auto","background-attachment":"scroll","background-type":"","background-media":"","overlay-type":"","overlay-color":"","overlay-opacity":"","overlay-gradient":""},"mobile":{"background-color":"","background-image":"","background-repeat":"repeat","background-position":"center center","background-size":"auto","background-attachment":"scroll","background-type":"","background-media":"","overlay-type":"","overlay-color":"","overlay-opacity":"","overlay-gradient":""}},"ast-content-background-meta":{"desktop":{"background-color":"var(--ast-global-color-5)","background-image":"","background-repeat":"repeat","background-position":"center center","background-size":"auto","background-attachment":"scroll","background-type":"","background-media":"","overlay-type":"","overlay-color":"","overlay-opacity":"","overlay-gradient":""},"tablet":{"background-color":"var(--ast-global-color-5)","background-image":"","background-repeat":"repeat","background-position":"center center","background-size":"auto","background-attachment":"scroll","background-type":"","background-media":"","overlay-type":"","overlay-color":"","overlay-opacity":"","overlay-gradient":""},"mobile":{"background-color":"var(--ast-global-color-5)","background-image":"","background-repeat":"repeat","background-position":"center center","background-size":"auto","background-attachment":"scroll","background-type":"","background-media":"","overlay-type":"","overlay-color":"","overlay-opacity":"","overlay-gradient":""}},"footnotes":""},"categories":[70],"tags":[],"class_list":["post-13049","post","type-post","status-publish","format-standard","has-post-thumbnail","hentry","category-news"],"yoast_head":"<!-- This site is optimized with the Yoast SEO plugin v27.0 - https:\/\/yoast.com\/product\/yoast-seo-wordpress\/ -->\n<title>Thirty Projects of Local Artists for This Year&#039;s Kaleidoscope of Culture Chosen<\/title>\n<meta name=\"description\" content=\"30 projects were selected at the call that was intended for Novi Sad artists to participate in this year&#039;s Kaleidoscope of Culture.\" \/>\n<meta name=\"robots\" content=\"index, follow, max-snippet:-1, max-image-preview:large, max-video-preview:-1\" \/>\n<link rel=\"canonical\" href=\"https:\/\/novisad2022.rs\/en\/thirty-projects-of-local-artists-for-this-years-kaleidoscope-of-culture-chosen\/\" \/>\n<meta property=\"og:locale\" content=\"en_US\" \/>\n<meta property=\"og:type\" content=\"article\" \/>\n<meta property=\"og:title\" content=\"Thirty Projects of Local Artists for This Year&#039;s Kaleidoscope of Culture Chosen\" \/>\n<meta property=\"og:description\" content=\"30 projects were selected at the call that was intended for Novi Sad artists to participate in this year&#039;s Kaleidoscope of Culture.\" \/>\n<meta property=\"og:url\" content=\"https:\/\/novisad2022.rs\/en\/thirty-projects-of-local-artists-for-this-years-kaleidoscope-of-culture-chosen\/\" \/>\n<meta property=\"og:site_name\" content=\"Novi Sad 2022\" \/>\n<meta property=\"article:published_time\" content=\"2021-07-20T13:34:04+00:00\" \/>\n<meta property=\"og:image\" content=\"https:\/\/novisad2022.rs\/wp-content\/uploads\/2021\/07\/kk_konkursi.png\" \/>\n\t<meta property=\"og:image:width\" content=\"1620\" \/>\n\t<meta property=\"og:image:height\" content=\"1080\" \/>\n\t<meta property=\"og:image:type\" content=\"image\/png\" \/>\n<meta name=\"author\" content=\"Jasmina\" \/>\n<meta name=\"twitter:card\" content=\"summary_large_image\" \/>\n<meta name=\"twitter:label1\" content=\"Written by\" \/>\n\t<meta name=\"twitter:data1\" content=\"Jasmina\" \/>\n\t<meta name=\"twitter:label2\" content=\"Est. reading time\" \/>\n\t<meta name=\"twitter:data2\" content=\"4 minutes\" \/>\n<script type=\"application\/ld+json\" class=\"yoast-schema-graph\">{\"@context\":\"https:\/\/schema.org\",\"@graph\":[{\"@type\":\"Article\",\"@id\":\"https:\/\/novisad2022.rs\/en\/thirty-projects-of-local-artists-for-this-years-kaleidoscope-of-culture-chosen\/#article\",\"isPartOf\":{\"@id\":\"https:\/\/novisad2022.rs\/en\/thirty-projects-of-local-artists-for-this-years-kaleidoscope-of-culture-chosen\/\"},\"author\":{\"name\":\"Jasmina\",\"@id\":\"https:\/\/novisad2022.rs\/en\/#\/schema\/person\/ac5cc999e141a0cc6699aee7c62e6a77\"},\"headline\":\"Thirty Projects of Local Artists for This Year&#8217;s Kaleidoscope of Culture Chosen\",\"datePublished\":\"2021-07-20T13:34:04+00:00\",\"mainEntityOfPage\":{\"@id\":\"https:\/\/novisad2022.rs\/en\/thirty-projects-of-local-artists-for-this-years-kaleidoscope-of-culture-chosen\/\"},\"wordCount\":674,\"commentCount\":0,\"image\":{\"@id\":\"https:\/\/novisad2022.rs\/en\/thirty-projects-of-local-artists-for-this-years-kaleidoscope-of-culture-chosen\/#primaryimage\"},\"thumbnailUrl\":\"https:\/\/novisad2022.rs\/wp-content\/uploads\/2021\/07\/kk_konkursi.png\",\"articleSection\":[\"News\"],\"inLanguage\":\"en-US\",\"potentialAction\":[{\"@type\":\"CommentAction\",\"name\":\"Comment\",\"target\":[\"https:\/\/novisad2022.rs\/en\/thirty-projects-of-local-artists-for-this-years-kaleidoscope-of-culture-chosen\/#respond\"]}]},{\"@type\":\"WebPage\",\"@id\":\"https:\/\/novisad2022.rs\/en\/thirty-projects-of-local-artists-for-this-years-kaleidoscope-of-culture-chosen\/\",\"url\":\"https:\/\/novisad2022.rs\/en\/thirty-projects-of-local-artists-for-this-years-kaleidoscope-of-culture-chosen\/\",\"name\":\"Thirty Projects of Local Artists for This Year's Kaleidoscope of Culture Chosen\",\"isPartOf\":{\"@id\":\"https:\/\/novisad2022.rs\/en\/#website\"},\"primaryImageOfPage\":{\"@id\":\"https:\/\/novisad2022.rs\/en\/thirty-projects-of-local-artists-for-this-years-kaleidoscope-of-culture-chosen\/#primaryimage\"},\"image\":{\"@id\":\"https:\/\/novisad2022.rs\/en\/thirty-projects-of-local-artists-for-this-years-kaleidoscope-of-culture-chosen\/#primaryimage\"},\"thumbnailUrl\":\"https:\/\/novisad2022.rs\/wp-content\/uploads\/2021\/07\/kk_konkursi.png\",\"datePublished\":\"2021-07-20T13:34:04+00:00\",\"author\":{\"@id\":\"https:\/\/novisad2022.rs\/en\/#\/schema\/person\/ac5cc999e141a0cc6699aee7c62e6a77\"},\"description\":\"30 projects were selected at the call that was intended for Novi Sad artists to participate in this year's Kaleidoscope of Culture.\",\"breadcrumb\":{\"@id\":\"https:\/\/novisad2022.rs\/en\/thirty-projects-of-local-artists-for-this-years-kaleidoscope-of-culture-chosen\/#breadcrumb\"},\"inLanguage\":\"en-US\",\"potentialAction\":[{\"@type\":\"ReadAction\",\"target\":[\"https:\/\/novisad2022.rs\/en\/thirty-projects-of-local-artists-for-this-years-kaleidoscope-of-culture-chosen\/\"]}]},{\"@type\":\"ImageObject\",\"inLanguage\":\"en-US\",\"@id\":\"https:\/\/novisad2022.rs\/en\/thirty-projects-of-local-artists-for-this-years-kaleidoscope-of-culture-chosen\/#primaryimage\",\"url\":\"https:\/\/novisad2022.rs\/wp-content\/uploads\/2021\/07\/kk_konkursi.png\",\"contentUrl\":\"https:\/\/novisad2022.rs\/wp-content\/uploads\/2021\/07\/kk_konkursi.png\",\"width\":1620,\"height\":1080,\"caption\":\"\u043a\u0430\u043b\u0435\u0438\u0434\u043e\u0441\u043a\u043e\u043f \u043a\u0443\u043b\u0442\u0443\u0440\u0435\"},{\"@type\":\"BreadcrumbList\",\"@id\":\"https:\/\/novisad2022.rs\/en\/thirty-projects-of-local-artists-for-this-years-kaleidoscope-of-culture-chosen\/#breadcrumb\",\"itemListElement\":[{\"@type\":\"ListItem\",\"position\":1,\"name\":\"\u041f\u043e\u0447\u0435\u0442\u043d\u0430\",\"item\":\"https:\/\/novisad2022.rs\/en\/home-page\/\"},{\"@type\":\"ListItem\",\"position\":2,\"name\":\"Thirty Projects of Local Artists for This Year&#8217;s Kaleidoscope of Culture Chosen\"}]},{\"@type\":\"WebSite\",\"@id\":\"https:\/\/novisad2022.rs\/en\/#website\",\"url\":\"https:\/\/novisad2022.rs\/en\/\",\"name\":\"Novi Sad 2022\",\"description\":\"European Capital of Culture\",\"potentialAction\":[{\"@type\":\"SearchAction\",\"target\":{\"@type\":\"EntryPoint\",\"urlTemplate\":\"https:\/\/novisad2022.rs\/en\/?s={search_term_string}\"},\"query-input\":{\"@type\":\"PropertyValueSpecification\",\"valueRequired\":true,\"valueName\":\"search_term_string\"}}],\"inLanguage\":\"en-US\"},{\"@type\":\"Person\",\"@id\":\"https:\/\/novisad2022.rs\/en\/#\/schema\/person\/ac5cc999e141a0cc6699aee7c62e6a77\",\"name\":\"Jasmina\",\"image\":{\"@type\":\"ImageObject\",\"inLanguage\":\"en-US\",\"@id\":\"https:\/\/novisad2022.rs\/en\/#\/schema\/person\/image\/\",\"url\":\"https:\/\/secure.gravatar.com\/avatar\/1e299e2f3bd9f7617d41a61a43fc086c80151f6f5c6fa7873322cb5d18af2492?s=96&d=mm&r=g\",\"contentUrl\":\"https:\/\/secure.gravatar.com\/avatar\/1e299e2f3bd9f7617d41a61a43fc086c80151f6f5c6fa7873322cb5d18af2492?s=96&d=mm&r=g\",\"caption\":\"Jasmina\"}}]}<\/script>\n<!-- \/ Yoast SEO plugin. -->","yoast_head_json":{"title":"Thirty Projects of Local Artists for This Year's Kaleidoscope of Culture Chosen","description":"30 projects were selected at the call that was intended for Novi Sad artists to participate in this year's Kaleidoscope of Culture.","robots":{"index":"index","follow":"follow","max-snippet":"max-snippet:-1","max-image-preview":"max-image-preview:large","max-video-preview":"max-video-preview:-1"},"canonical":"https:\/\/novisad2022.rs\/en\/thirty-projects-of-local-artists-for-this-years-kaleidoscope-of-culture-chosen\/","og_locale":"en_US","og_type":"article","og_title":"Thirty Projects of Local Artists for This Year's Kaleidoscope of Culture Chosen","og_description":"30 projects were selected at the call that was intended for Novi Sad artists to participate in this year's Kaleidoscope of Culture.","og_url":"https:\/\/novisad2022.rs\/en\/thirty-projects-of-local-artists-for-this-years-kaleidoscope-of-culture-chosen\/","og_site_name":"Novi Sad 2022","article_published_time":"2021-07-20T13:34:04+00:00","og_image":[{"width":1620,"height":1080,"url":"https:\/\/novisad2022.rs\/wp-content\/uploads\/2021\/07\/kk_konkursi.png","type":"image\/png"}],"author":"Jasmina","twitter_card":"summary_large_image","twitter_misc":{"Written by":"Jasmina","Est. reading time":"4 minutes"},"schema":{"@context":"https:\/\/schema.org","@graph":[{"@type":"Article","@id":"https:\/\/novisad2022.rs\/en\/thirty-projects-of-local-artists-for-this-years-kaleidoscope-of-culture-chosen\/#article","isPartOf":{"@id":"https:\/\/novisad2022.rs\/en\/thirty-projects-of-local-artists-for-this-years-kaleidoscope-of-culture-chosen\/"},"author":{"name":"Jasmina","@id":"https:\/\/novisad2022.rs\/en\/#\/schema\/person\/ac5cc999e141a0cc6699aee7c62e6a77"},"headline":"Thirty Projects of Local Artists for This Year&#8217;s Kaleidoscope of Culture Chosen","datePublished":"2021-07-20T13:34:04+00:00","mainEntityOfPage":{"@id":"https:\/\/novisad2022.rs\/en\/thirty-projects-of-local-artists-for-this-years-kaleidoscope-of-culture-chosen\/"},"wordCount":674,"commentCount":0,"image":{"@id":"https:\/\/novisad2022.rs\/en\/thirty-projects-of-local-artists-for-this-years-kaleidoscope-of-culture-chosen\/#primaryimage"},"thumbnailUrl":"https:\/\/novisad2022.rs\/wp-content\/uploads\/2021\/07\/kk_konkursi.png","articleSection":["News"],"inLanguage":"en-US","potentialAction":[{"@type":"CommentAction","name":"Comment","target":["https:\/\/novisad2022.rs\/en\/thirty-projects-of-local-artists-for-this-years-kaleidoscope-of-culture-chosen\/#respond"]}]},{"@type":"WebPage","@id":"https:\/\/novisad2022.rs\/en\/thirty-projects-of-local-artists-for-this-years-kaleidoscope-of-culture-chosen\/","url":"https:\/\/novisad2022.rs\/en\/thirty-projects-of-local-artists-for-this-years-kaleidoscope-of-culture-chosen\/","name":"Thirty Projects of Local Artists for This Year's Kaleidoscope of Culture Chosen","isPartOf":{"@id":"https:\/\/novisad2022.rs\/en\/#website"},"primaryImageOfPage":{"@id":"https:\/\/novisad2022.rs\/en\/thirty-projects-of-local-artists-for-this-years-kaleidoscope-of-culture-chosen\/#primaryimage"},"image":{"@id":"https:\/\/novisad2022.rs\/en\/thirty-projects-of-local-artists-for-this-years-kaleidoscope-of-culture-chosen\/#primaryimage"},"thumbnailUrl":"https:\/\/novisad2022.rs\/wp-content\/uploads\/2021\/07\/kk_konkursi.png","datePublished":"2021-07-20T13:34:04+00:00","author":{"@id":"https:\/\/novisad2022.rs\/en\/#\/schema\/person\/ac5cc999e141a0cc6699aee7c62e6a77"},"description":"30 projects were selected at the call that was intended for Novi Sad artists to participate in this year's Kaleidoscope of Culture.","breadcrumb":{"@id":"https:\/\/novisad2022.rs\/en\/thirty-projects-of-local-artists-for-this-years-kaleidoscope-of-culture-chosen\/#breadcrumb"},"inLanguage":"en-US","potentialAction":[{"@type":"ReadAction","target":["https:\/\/novisad2022.rs\/en\/thirty-projects-of-local-artists-for-this-years-kaleidoscope-of-culture-chosen\/"]}]},{"@type":"ImageObject","inLanguage":"en-US","@id":"https:\/\/novisad2022.rs\/en\/thirty-projects-of-local-artists-for-this-years-kaleidoscope-of-culture-chosen\/#primaryimage","url":"https:\/\/novisad2022.rs\/wp-content\/uploads\/2021\/07\/kk_konkursi.png","contentUrl":"https:\/\/novisad2022.rs\/wp-content\/uploads\/2021\/07\/kk_konkursi.png","width":1620,"height":1080,"caption":"\u043a\u0430\u043b\u0435\u0438\u0434\u043e\u0441\u043a\u043e\u043f \u043a\u0443\u043b\u0442\u0443\u0440\u0435"},{"@type":"BreadcrumbList","@id":"https:\/\/novisad2022.rs\/en\/thirty-projects-of-local-artists-for-this-years-kaleidoscope-of-culture-chosen\/#breadcrumb","itemListElement":[{"@type":"ListItem","position":1,"name":"\u041f\u043e\u0447\u0435\u0442\u043d\u0430","item":"https:\/\/novisad2022.rs\/en\/home-page\/"},{"@type":"ListItem","position":2,"name":"Thirty Projects of Local Artists for This Year&#8217;s Kaleidoscope of Culture Chosen"}]},{"@type":"WebSite","@id":"https:\/\/novisad2022.rs\/en\/#website","url":"https:\/\/novisad2022.rs\/en\/","name":"Novi Sad 2022","description":"European Capital of Culture","potentialAction":[{"@type":"SearchAction","target":{"@type":"EntryPoint","urlTemplate":"https:\/\/novisad2022.rs\/en\/?s={search_term_string}"},"query-input":{"@type":"PropertyValueSpecification","valueRequired":true,"valueName":"search_term_string"}}],"inLanguage":"en-US"},{"@type":"Person","@id":"https:\/\/novisad2022.rs\/en\/#\/schema\/person\/ac5cc999e141a0cc6699aee7c62e6a77","name":"Jasmina","image":{"@type":"ImageObject","inLanguage":"en-US","@id":"https:\/\/novisad2022.rs\/en\/#\/schema\/person\/image\/","url":"https:\/\/secure.gravatar.com\/avatar\/1e299e2f3bd9f7617d41a61a43fc086c80151f6f5c6fa7873322cb5d18af2492?s=96&d=mm&r=g","contentUrl":"https:\/\/secure.gravatar.com\/avatar\/1e299e2f3bd9f7617d41a61a43fc086c80151f6f5c6fa7873322cb5d18af2492?s=96&d=mm&r=g","caption":"Jasmina"}}]}},"_links":{"self":[{"href":"https:\/\/novisad2022.rs\/en\/wp-json\/wp\/v2\/posts\/13049","targetHints":{"allow":["GET"]}}],"collection":[{"href":"https:\/\/novisad2022.rs\/en\/wp-json\/wp\/v2\/posts"}],"about":[{"href":"https:\/\/novisad2022.rs\/en\/wp-json\/wp\/v2\/types\/post"}],"author":[{"embeddable":true,"href":"https:\/\/novisad2022.rs\/en\/wp-json\/wp\/v2\/users\/8"}],"replies":[{"embeddable":true,"href":"https:\/\/novisad2022.rs\/en\/wp-json\/wp\/v2\/comments?post=13049"}],"version-history":[{"count":1,"href":"https:\/\/novisad2022.rs\/en\/wp-json\/wp\/v2\/posts\/13049\/revisions"}],"predecessor-version":[{"id":13051,"href":"https:\/\/novisad2022.rs\/en\/wp-json\/wp\/v2\/posts\/13049\/revisions\/13051"}],"wp:featuredmedia":[{"embeddable":true,"href":"https:\/\/novisad2022.rs\/en\/wp-json\/wp\/v2\/media\/12936"}],"wp:attachment":[{"href":"https:\/\/novisad2022.rs\/en\/wp-json\/wp\/v2\/media?parent=13049"}],"wp:term":[{"taxonomy":"category","embeddable":true,"href":"https:\/\/novisad2022.rs\/en\/wp-json\/wp\/v2\/categories?post=13049"},{"taxonomy":"post_tag","embeddable":true,"href":"https:\/\/novisad2022.rs\/en\/wp-json\/wp\/v2\/tags?post=13049"}],"curies":[{"name":"wp","href":"https:\/\/api.w.org\/{rel}","templated":true}]}}