{"id":15656,"date":"2021-10-27T13:36:44","date_gmt":"2021-10-27T11:36:44","guid":{"rendered":"https:\/\/novisad2022.rs\/?p=15656"},"modified":"2021-10-28T12:47:01","modified_gmt":"2021-10-28T10:47:01","slug":"new-reading-of-fairy-tales-revealing-hidden-stereotypes-and-prejudices-in-fairy-tales","status":"publish","type":"post","link":"https:\/\/novisad2022.rs\/en\/new-reading-of-fairy-tales-revealing-hidden-stereotypes-and-prejudices-in-fairy-tales\/","title":{"rendered":"\u2018New Reading of Fairy Tales\u2019 \u2013 Revealing Hidden Stereotypes and Prejudices in Fairy Tales"},"content":{"rendered":"<div data-elementor-type=\"wp-post\" data-elementor-id=\"15656\" class=\"elementor elementor-15656\" data-elementor-post-type=\"post\">\r\n\t\t\t\t\t\t<section class=\"elementor-section elementor-top-section elementor-element elementor-element-30663cd8 elementor-section-boxed elementor-section-height-default elementor-section-height-default\" data-id=\"30663cd8\" data-element_type=\"section\" data-e-type=\"section\">\r\n\t\t\t\t\t\t<div class=\"elementor-container elementor-column-gap-default\">\r\n\t\t\t\t\t<div class=\"elementor-column elementor-col-100 elementor-top-column elementor-element elementor-element-42f9ba3e\" data-id=\"42f9ba3e\" data-element_type=\"column\" data-e-type=\"column\">\r\n\t\t\t<div class=\"elementor-widget-wrap elementor-element-populated\">\r\n\t\t\t\t\t\t<div class=\"elementor-element elementor-element-11fe01b9 elementor-widget elementor-widget-text-editor\" data-id=\"11fe01b9\" data-element_type=\"widget\" data-e-type=\"widget\" data-widget_type=\"text-editor.default\">\r\n\t\t\t\t<div class=\"elementor-widget-container\">\r\n\t\t\t\t\t\t\t\t\t<p>\u2018The general impression is that we have known each other for a long time, because we quickly developed an important relationship of trust at the workshops. It was intense, fun, creative and we certainly learned a lot from each other\u2019 \u2013 this is how the writer <strong>Lamija Begagi\u0107<\/strong> describes the <strong>creative reading and writing workshops \u2018New Reading of Fairy Tales\u2019<\/strong> which she held, together with the writer <strong>Bojan Krivokapi\u0107<\/strong>, in the Cultural Centre of Novi Sad and the Digital Youth Centre at the City Library from 18 to 22 October.<\/p><p>\u2018The whole process, after meeting a group of children made up of boys and girls aged 9 to 12, was that we talked about everyday situations in an attempt to detect gender stereotypes and social expectations that are placed before girls and boys. Later, we would try to deconstruct these situations in a way that we would reverse the roles, put our heroines and heroes in new roles and watch how they manage there. The idea of the whole process was to identify places that are \u2018problematic\u2019 and \u2018fix\u2019 them,\u2019 Lamija said.<\/p><p>Through the workshops, Bojan and Lamija had a task to draw children&#8217;s attention to all kinds of gender, class, racial stereotypes and prejudices, as well as elements of violence, and, through joint work and writing new texts, to come up with fairy tales that will be gender correct, inclusive, fair, witty, understandable and receptive to age.<\/p><p>In this creative process, the children naturally managed, showing how free and open they are, and how easily they recognize social pranks, which was, as Lamija states, extremely encouraging.<\/p>\t\t\t\t\t\t\t\t<\/div>\r\n\t\t\t\t<\/div>\r\n\t\t\t\t\t<\/div>\r\n\t\t<\/div>\r\n\t\t\t\t\t<\/div>\r\n\t\t<\/section>\r\n\t\t\t\t<section class=\"elementor-section elementor-top-section elementor-element elementor-element-377ebd4 elementor-section-boxed elementor-section-height-default elementor-section-height-default\" data-id=\"377ebd4\" data-element_type=\"section\" data-e-type=\"section\">\r\n\t\t\t\t\t\t<div class=\"elementor-container elementor-column-gap-default\">\r\n\t\t\t\t\t<div class=\"elementor-column elementor-col-100 elementor-top-column elementor-element elementor-element-254935d\" data-id=\"254935d\" data-element_type=\"column\" data-e-type=\"column\">\r\n\t\t\t<div class=\"elementor-widget-wrap elementor-element-populated\">\r\n\t\t\t\t\t\t<div class=\"elementor-element elementor-element-c123a1a elementor-widget elementor-widget-gallery\" data-id=\"c123a1a\" data-element_type=\"widget\" data-e-type=\"widget\" data-settings=\"{&quot;columns&quot;:3,&quot;lazyload&quot;:&quot;yes&quot;,&quot;gallery_layout&quot;:&quot;grid&quot;,&quot;columns_tablet&quot;:2,&quot;columns_mobile&quot;:1,&quot;gap&quot;:{&quot;unit&quot;:&quot;px&quot;,&quot;size&quot;:10,&quot;sizes&quot;:[]},&quot;gap_tablet&quot;:{&quot;unit&quot;:&quot;px&quot;,&quot;size&quot;:10,&quot;sizes&quot;:[]},&quot;gap_mobile&quot;:{&quot;unit&quot;:&quot;px&quot;,&quot;size&quot;:10,&quot;sizes&quot;:[]},&quot;link_to&quot;:&quot;file&quot;,&quot;aspect_ratio&quot;:&quot;3:2&quot;,&quot;overlay_background&quot;:&quot;yes&quot;,&quot;content_hover_animation&quot;:&quot;fade-in&quot;}\" data-widget_type=\"gallery.default\">\r\n\t\t\t\t<div class=\"elementor-widget-container\">\r\n\t\t\t\t\t\t\t<div class=\"elementor-gallery__container\">\r\n\t\t\t\t\t\t\t<a class=\"e-gallery-item elementor-gallery-item elementor-animated-content\" href=\"https:\/\/novisad2022.rs\/wp-content\/uploads\/2021\/10\/MPU_8826-scaled.jpg\" data-elementor-open-lightbox=\"yes\" data-elementor-lightbox-slideshow=\"c123a1a\" data-elementor-lightbox-title=\"MPU_8826\" data-e-action-hash=\"#elementor-action%3Aaction%3Dlightbox%26settings%3DeyJpZCI6MTU1ODIsInVybCI6Imh0dHBzOlwvXC9ub3Zpc2FkMjAyMi5yc1wvd3AtY29udGVudFwvdXBsb2Fkc1wvMjAyMVwvMTBcL01QVV84ODI2LXNjYWxlZC5qcGciLCJzbGlkZXNob3ciOiJjMTIzYTFhIn0%3D\">\r\n\t\t\t\t\t<div class=\"e-gallery-image elementor-gallery-item__image\" data-thumbnail=\"https:\/\/novisad2022.rs\/wp-content\/uploads\/2021\/10\/MPU_8826-scaled.jpg\" data-width=\"768\" data-height=\"512\" aria-label=\"\" role=\"img\" ><\/div>\r\n\t\t\t\t\t\t\t\t\t\t\t<div class=\"elementor-gallery-item__overlay\"><\/div>\r\n\t\t\t\t\t\t\t\t\t\t\t\t\t\t<\/a>\r\n\t\t\t\t\t\t\t<a class=\"e-gallery-item elementor-gallery-item elementor-animated-content\" href=\"https:\/\/novisad2022.rs\/wp-content\/uploads\/2021\/10\/MPU_8830-scaled.jpg\" data-elementor-open-lightbox=\"yes\" data-elementor-lightbox-slideshow=\"c123a1a\" data-elementor-lightbox-title=\"MPU_8830\" data-e-action-hash=\"#elementor-action%3Aaction%3Dlightbox%26settings%3DeyJpZCI6MTU1ODEsInVybCI6Imh0dHBzOlwvXC9ub3Zpc2FkMjAyMi5yc1wvd3AtY29udGVudFwvdXBsb2Fkc1wvMjAyMVwvMTBcL01QVV84ODMwLXNjYWxlZC5qcGciLCJzbGlkZXNob3ciOiJjMTIzYTFhIn0%3D\">\r\n\t\t\t\t\t<div class=\"e-gallery-image elementor-gallery-item__image\" data-thumbnail=\"https:\/\/novisad2022.rs\/wp-content\/uploads\/2021\/10\/MPU_8830-scaled.jpg\" data-width=\"768\" data-height=\"512\" aria-label=\"\" role=\"img\" ><\/div>\r\n\t\t\t\t\t\t\t\t\t\t\t<div class=\"elementor-gallery-item__overlay\"><\/div>\r\n\t\t\t\t\t\t\t\t\t\t\t\t\t\t<\/a>\r\n\t\t\t\t\t\t\t<a class=\"e-gallery-item elementor-gallery-item elementor-animated-content\" href=\"https:\/\/novisad2022.rs\/wp-content\/uploads\/2021\/10\/MPU_8951-scaled.jpg\" data-elementor-open-lightbox=\"yes\" data-elementor-lightbox-slideshow=\"c123a1a\" data-elementor-lightbox-title=\"MPU_8951\" data-e-action-hash=\"#elementor-action%3Aaction%3Dlightbox%26settings%3DeyJpZCI6MTU1ODAsInVybCI6Imh0dHBzOlwvXC9ub3Zpc2FkMjAyMi5yc1wvd3AtY29udGVudFwvdXBsb2Fkc1wvMjAyMVwvMTBcL01QVV84OTUxLXNjYWxlZC5qcGciLCJzbGlkZXNob3ciOiJjMTIzYTFhIn0%3D\">\r\n\t\t\t\t\t<div class=\"e-gallery-image elementor-gallery-item__image\" data-thumbnail=\"https:\/\/novisad2022.rs\/wp-content\/uploads\/2021\/10\/MPU_8951-scaled.jpg\" data-width=\"768\" data-height=\"512\" aria-label=\"\" role=\"img\" ><\/div>\r\n\t\t\t\t\t\t\t\t\t\t\t<div class=\"elementor-gallery-item__overlay\"><\/div>\r\n\t\t\t\t\t\t\t\t\t\t\t\t\t\t<\/a>\r\n\t\t\t\t\t\t\t<a class=\"e-gallery-item elementor-gallery-item elementor-animated-content\" href=\"https:\/\/novisad2022.rs\/wp-content\/uploads\/2021\/10\/MPU_8979-scaled.jpg\" data-elementor-open-lightbox=\"yes\" data-elementor-lightbox-slideshow=\"c123a1a\" data-elementor-lightbox-title=\"MPU_8979\" data-e-action-hash=\"#elementor-action%3Aaction%3Dlightbox%26settings%3DeyJpZCI6MTU1NzksInVybCI6Imh0dHBzOlwvXC9ub3Zpc2FkMjAyMi5yc1wvd3AtY29udGVudFwvdXBsb2Fkc1wvMjAyMVwvMTBcL01QVV84OTc5LXNjYWxlZC5qcGciLCJzbGlkZXNob3ciOiJjMTIzYTFhIn0%3D\">\r\n\t\t\t\t\t<div class=\"e-gallery-image elementor-gallery-item__image\" data-thumbnail=\"https:\/\/novisad2022.rs\/wp-content\/uploads\/2021\/10\/MPU_8979-scaled.jpg\" data-width=\"768\" data-height=\"512\" aria-label=\"\" role=\"img\" ><\/div>\r\n\t\t\t\t\t\t\t\t\t\t\t<div class=\"elementor-gallery-item__overlay\"><\/div>\r\n\t\t\t\t\t\t\t\t\t\t\t\t\t\t<\/a>\r\n\t\t\t\t\t\t\t<a class=\"e-gallery-item elementor-gallery-item elementor-animated-content\" href=\"https:\/\/novisad2022.rs\/wp-content\/uploads\/2021\/10\/MPU_8992.jpg\" data-elementor-open-lightbox=\"yes\" data-elementor-lightbox-slideshow=\"c123a1a\" data-elementor-lightbox-title=\"MPU_8992\" data-e-action-hash=\"#elementor-action%3Aaction%3Dlightbox%26settings%3DeyJpZCI6MTU1NzgsInVybCI6Imh0dHBzOlwvXC9ub3Zpc2FkMjAyMi5yc1wvd3AtY29udGVudFwvdXBsb2Fkc1wvMjAyMVwvMTBcL01QVV84OTkyLmpwZyIsInNsaWRlc2hvdyI6ImMxMjNhMWEifQ%3D%3D\">\r\n\t\t\t\t\t<div class=\"e-gallery-image elementor-gallery-item__image\" data-thumbnail=\"https:\/\/novisad2022.rs\/wp-content\/uploads\/2021\/10\/MPU_8992.jpg\" data-width=\"1\" data-height=\"1\" aria-label=\"\" role=\"img\" ><\/div>\r\n\t\t\t\t\t\t\t\t\t\t\t<div class=\"elementor-gallery-item__overlay\"><\/div>\r\n\t\t\t\t\t\t\t\t\t\t\t\t\t\t<\/a>\r\n\t\t\t\t\t\t\t<a class=\"e-gallery-item elementor-gallery-item elementor-animated-content\" href=\"https:\/\/novisad2022.rs\/wp-content\/uploads\/2021\/10\/MPU_9001.jpg\" data-elementor-open-lightbox=\"yes\" data-elementor-lightbox-slideshow=\"c123a1a\" data-elementor-lightbox-title=\"MPU_9001\" data-e-action-hash=\"#elementor-action%3Aaction%3Dlightbox%26settings%3DeyJpZCI6MTU1NzcsInVybCI6Imh0dHBzOlwvXC9ub3Zpc2FkMjAyMi5yc1wvd3AtY29udGVudFwvdXBsb2Fkc1wvMjAyMVwvMTBcL01QVV85MDAxLmpwZyIsInNsaWRlc2hvdyI6ImMxMjNhMWEifQ%3D%3D\">\r\n\t\t\t\t\t<div class=\"e-gallery-image elementor-gallery-item__image\" data-thumbnail=\"https:\/\/novisad2022.rs\/wp-content\/uploads\/2021\/10\/MPU_9001.jpg\" data-width=\"1\" data-height=\"1\" aria-label=\"\" role=\"img\" ><\/div>\r\n\t\t\t\t\t\t\t\t\t\t\t<div class=\"elementor-gallery-item__overlay\"><\/div>\r\n\t\t\t\t\t\t\t\t\t\t\t\t\t\t<\/a>\r\n\t\t\t\t\t<\/div>\r\n\t\t\t\t\t<\/div>\r\n\t\t\t\t<\/div>\r\n\t\t\t\t\t<\/div>\r\n\t\t<\/div>\r\n\t\t\t\t\t<\/div>\r\n\t\t<\/section>\r\n\t\t\t\t<section class=\"elementor-section elementor-top-section elementor-element elementor-element-9004a97 elementor-section-boxed elementor-section-height-default elementor-section-height-default\" data-id=\"9004a97\" data-element_type=\"section\" data-e-type=\"section\">\r\n\t\t\t\t\t\t<div class=\"elementor-container elementor-column-gap-default\">\r\n\t\t\t\t\t<div class=\"elementor-column elementor-col-100 elementor-top-column elementor-element elementor-element-69963ec\" data-id=\"69963ec\" data-element_type=\"column\" data-e-type=\"column\">\r\n\t\t\t<div class=\"elementor-widget-wrap elementor-element-populated\">\r\n\t\t\t\t\t\t<div class=\"elementor-element elementor-element-f96c0a0 elementor-widget elementor-widget-text-editor\" data-id=\"f96c0a0\" data-element_type=\"widget\" data-e-type=\"widget\" data-widget_type=\"text-editor.default\">\r\n\t\t\t\t<div class=\"elementor-widget-container\">\r\n\t\t\t\t\t\t\t\t\t<p>\u2018The positions of princesses and princes, where they are located within the framework of gender expectations, are not natural, and therefore they easily managed to recognize and replace them with more inclusive frameworks,\u2019 the writer states and adds:<\/p><p>\u2018The result of the whole process is not only a meaningful and productive four days and exchange of creative energies, but also the development of a platform for further cooperation. The methodology we came up with at the workshop could be applied in working with children, from kindergarten to adolescence, and a combination of drama, debate and encouraging critical thinking and creative writing could contribute to gender-inclusive education and literature reading.\u2019<\/p><p>Lamija Begagi\u0107 writes for children and adults. She is also the editor of the children&#8217;s magazines Kolibri\u0107, Pal\u010di\u0107 and 5Plus. She edited the literary web magazine Omnibus and the Literary Journal. At the competition \u2018Ekran pri\u010de_02\u2019 implemented by Zagreb&#8217;s \u2018Naklada MD\u2019 and \u2018Iskon internet\u2019, she won the first prize for the story Twenty-seven, among 1,209 candidates. The \u2018I Will Learn To Knit One Day\u2019 story was published in the collection of Poqueeren&#8217;s stories.<\/p><p>Bojan Krivokapi\u0107 published a book of short prose \u2018Run Lilith\u2019, a collection of poetry \u017doharov Let, a novel Prole\u0107e Se Na Put Sprema and a collection of poems Gnezdo De\u010daka. He has won awards for prose: Ulaznica (Zrenjanin, 2011), \u0110ura \u0110ukanov (Kikinda, 2012) and Edo Budi\u0161a (Pazin, 2014), as well as the Mak Dizdar Award for his poetry collection (Stolac, 2013). For the \u2018Prole\u0107e Se Na Put Sprema\u2019 novel in 2018, he received the Mirko Kova\u010d Award for the best work of a young author in Serbia, Bosnia and Herzegovina, Croatia and Montenegro.<\/p><p>The result of these workshops will be the production of two new plays for children, through a critical treatment of traditional fairy tales. The plays will have their premiere in May 2022 within the <a href=\"https:\/\/novisad2022.rs\/en\/future-of-europe\/\" target=\"_blank\" rel=\"noopener\">\u2018Future of Europe\u2019 programme arch<\/a>, whose goal is to encourage and involve children and young people in creating a better future for Europe, through culture and art. They, as a basis for a better future of Europe, are encouraged to think critically, but also to actively participate in social issues. This<\/p><p>programme arch will bring many artists from 21 countries to the European Capital of Culture, and will prepare more than 400 interesting events for you. The project is being implemented as a co-production of the<a href=\"https:\/\/novisad2022.rs\/en\/home-3\/\"> \u2018Novi Sad \u2013 European Capital of Culture\u2019 Foundation<\/a>, Rumenka Cultural Centre, \u2018Mi\u0161olovka\u2019 and the \u2018Dr\u017e &#8216;ne daj\u2019 theatre ensembles and Kulturanova Association .<\/p><p><em>Photo: Marko Pudi\u0107<\/em><\/p>\t\t\t\t\t\t\t\t<\/div>\r\n\t\t\t\t<\/div>\r\n\t\t\t\t\t<\/div>\r\n\t\t<\/div>\r\n\t\t\t\t\t<\/div>\r\n\t\t<\/section>\r\n\t\t\t\t<\/div>","protected":false},"excerpt":{"rendered":"<p>\u2018The general impression is that we have known each other for a long time, because we quickly developed an important relationship of trust at the workshops. It was intense, fun, creative and we certainly learned a lot from each other\u2019 \u2013 this is how the writer Lamija Begagi\u0107 describes the creative reading and writing workshops [&hellip;]<\/p>\n","protected":false},"author":8,"featured_media":15583,"comment_status":"open","ping_status":"open","sticky":false,"template":"","format":"standard","meta":{"site-sidebar-layout":"default","site-content-layout":"default","ast-site-content-layout":"default","site-content-style":"default","site-sidebar-style":"default","ast-global-header-display":"","ast-banner-title-visibility":"","ast-main-header-display":"","ast-hfb-above-header-display":"","ast-hfb-below-header-display":"","ast-hfb-mobile-header-display":"","site-post-title":"","ast-breadcrumbs-content":"","ast-featured-img":"","footer-sml-layout":"","ast-disable-related-posts":"","theme-transparent-header-meta":"default","adv-header-id-meta":"","stick-header-meta":"","header-above-stick-meta":"","header-main-stick-meta":"","header-below-stick-meta":"","astra-migrate-meta-layouts":"default","ast-page-background-enabled":"default","ast-page-background-meta":{"desktop":{"background-color":"","background-image":"","background-repeat":"repeat","background-position":"center center","background-size":"auto","background-attachment":"scroll","background-type":"","background-media":"","overlay-type":"","overlay-color":"","overlay-opacity":"","overlay-gradient":""},"tablet":{"background-color":"","background-image":"","background-repeat":"repeat","background-position":"center center","background-size":"auto","background-attachment":"scroll","background-type":"","background-media":"","overlay-type":"","overlay-color":"","overlay-opacity":"","overlay-gradient":""},"mobile":{"background-color":"","background-image":"","background-repeat":"repeat","background-position":"center center","background-size":"auto","background-attachment":"scroll","background-type":"","background-media":"","overlay-type":"","overlay-color":"","overlay-opacity":"","overlay-gradient":""}},"ast-content-background-meta":{"desktop":{"background-color":"var(--ast-global-color-5)","background-image":"","background-repeat":"repeat","background-position":"center center","background-size":"auto","background-attachment":"scroll","background-type":"","background-media":"","overlay-type":"","overlay-color":"","overlay-opacity":"","overlay-gradient":""},"tablet":{"background-color":"var(--ast-global-color-5)","background-image":"","background-repeat":"repeat","background-position":"center center","background-size":"auto","background-attachment":"scroll","background-type":"","background-media":"","overlay-type":"","overlay-color":"","overlay-opacity":"","overlay-gradient":""},"mobile":{"background-color":"var(--ast-global-color-5)","background-image":"","background-repeat":"repeat","background-position":"center center","background-size":"auto","background-attachment":"scroll","background-type":"","background-media":"","overlay-type":"","overlay-color":"","overlay-opacity":"","overlay-gradient":""}},"footnotes":""},"categories":[70],"tags":[2363,2365,2367],"class_list":["post-15656","post","type-post","status-publish","format-standard","has-post-thumbnail","hentry","category-news","tag-cultural-centre-of-novi-sad","tag-digital-youth-centre","tag-future-of-europe"],"yoast_head":"<!-- This site is optimized with the Yoast SEO plugin v27.0 - https:\/\/yoast.com\/product\/yoast-seo-wordpress\/ -->\n<title>\u2018New Reading of Fairy Tales\u2019 \u2013 Revealing Hidden Stereotypes and Prejudices in Fairy Tales<\/title>\n<meta name=\"description\" content=\"Creative reading and writing workshops \u2018New Reading of Fairy Tales\u2019 held in the Cultural Centre of Novi Sad and the Digital Youth Centre at the City Library.\" \/>\n<meta name=\"robots\" content=\"index, follow, max-snippet:-1, max-image-preview:large, max-video-preview:-1\" \/>\n<link rel=\"canonical\" href=\"https:\/\/novisad2022.rs\/en\/new-reading-of-fairy-tales-revealing-hidden-stereotypes-and-prejudices-in-fairy-tales\/\" \/>\n<meta property=\"og:locale\" content=\"en_US\" \/>\n<meta property=\"og:type\" content=\"article\" \/>\n<meta property=\"og:title\" content=\"\u2018New Reading of Fairy Tales\u2019 \u2013 Revealing Hidden Stereotypes and Prejudices in Fairy Tales\" \/>\n<meta property=\"og:description\" content=\"Creative reading and writing workshops \u2018New Reading of Fairy Tales\u2019 held in the Cultural Centre of Novi Sad and the Digital Youth Centre at the City Library.\" \/>\n<meta property=\"og:url\" content=\"https:\/\/novisad2022.rs\/en\/new-reading-of-fairy-tales-revealing-hidden-stereotypes-and-prejudices-in-fairy-tales\/\" \/>\n<meta property=\"og:site_name\" content=\"Novi Sad 2022\" \/>\n<meta property=\"article:published_time\" content=\"2021-10-27T11:36:44+00:00\" \/>\n<meta property=\"article:modified_time\" content=\"2021-10-28T10:47:01+00:00\" \/>\n<meta property=\"og:image\" content=\"https:\/\/novisad2022.rs\/wp-content\/uploads\/2021\/10\/MPU_8825.jpg\" \/>\n\t<meta property=\"og:image:width\" content=\"1\" \/>\n\t<meta property=\"og:image:height\" content=\"1\" \/>\n\t<meta property=\"og:image:type\" content=\"image\/jpeg\" \/>\n<meta name=\"author\" content=\"Jasmina\" \/>\n<meta name=\"twitter:card\" content=\"summary_large_image\" \/>\n<meta name=\"twitter:label1\" content=\"Written by\" \/>\n\t<meta name=\"twitter:data1\" content=\"Jasmina\" \/>\n\t<meta name=\"twitter:label2\" content=\"Est. reading time\" \/>\n\t<meta name=\"twitter:data2\" content=\"4 minutes\" \/>\n<script type=\"application\/ld+json\" class=\"yoast-schema-graph\">{\"@context\":\"https:\/\/schema.org\",\"@graph\":[{\"@type\":\"Article\",\"@id\":\"https:\/\/novisad2022.rs\/en\/new-reading-of-fairy-tales-revealing-hidden-stereotypes-and-prejudices-in-fairy-tales\/#article\",\"isPartOf\":{\"@id\":\"https:\/\/novisad2022.rs\/en\/new-reading-of-fairy-tales-revealing-hidden-stereotypes-and-prejudices-in-fairy-tales\/\"},\"author\":{\"name\":\"Jasmina\",\"@id\":\"https:\/\/novisad2022.rs\/en\/#\/schema\/person\/ac5cc999e141a0cc6699aee7c62e6a77\"},\"headline\":\"\u2018New Reading of Fairy Tales\u2019 \u2013 Revealing Hidden Stereotypes and Prejudices in Fairy Tales\",\"datePublished\":\"2021-10-27T11:36:44+00:00\",\"dateModified\":\"2021-10-28T10:47:01+00:00\",\"mainEntityOfPage\":{\"@id\":\"https:\/\/novisad2022.rs\/en\/new-reading-of-fairy-tales-revealing-hidden-stereotypes-and-prejudices-in-fairy-tales\/\"},\"wordCount\":696,\"commentCount\":0,\"image\":{\"@id\":\"https:\/\/novisad2022.rs\/en\/new-reading-of-fairy-tales-revealing-hidden-stereotypes-and-prejudices-in-fairy-tales\/#primaryimage\"},\"thumbnailUrl\":\"https:\/\/novisad2022.rs\/wp-content\/uploads\/2021\/10\/MPU_8825.jpg\",\"keywords\":[\"Cultural Centre of Novi Sad\",\"Digital Youth Centre\",\"Future of Europe\"],\"articleSection\":[\"News\"],\"inLanguage\":\"en-US\",\"potentialAction\":[{\"@type\":\"CommentAction\",\"name\":\"Comment\",\"target\":[\"https:\/\/novisad2022.rs\/en\/new-reading-of-fairy-tales-revealing-hidden-stereotypes-and-prejudices-in-fairy-tales\/#respond\"]}]},{\"@type\":\"WebPage\",\"@id\":\"https:\/\/novisad2022.rs\/en\/new-reading-of-fairy-tales-revealing-hidden-stereotypes-and-prejudices-in-fairy-tales\/\",\"url\":\"https:\/\/novisad2022.rs\/en\/new-reading-of-fairy-tales-revealing-hidden-stereotypes-and-prejudices-in-fairy-tales\/\",\"name\":\"\u2018New Reading of Fairy Tales\u2019 \u2013 Revealing Hidden Stereotypes and Prejudices in Fairy Tales\",\"isPartOf\":{\"@id\":\"https:\/\/novisad2022.rs\/en\/#website\"},\"primaryImageOfPage\":{\"@id\":\"https:\/\/novisad2022.rs\/en\/new-reading-of-fairy-tales-revealing-hidden-stereotypes-and-prejudices-in-fairy-tales\/#primaryimage\"},\"image\":{\"@id\":\"https:\/\/novisad2022.rs\/en\/new-reading-of-fairy-tales-revealing-hidden-stereotypes-and-prejudices-in-fairy-tales\/#primaryimage\"},\"thumbnailUrl\":\"https:\/\/novisad2022.rs\/wp-content\/uploads\/2021\/10\/MPU_8825.jpg\",\"datePublished\":\"2021-10-27T11:36:44+00:00\",\"dateModified\":\"2021-10-28T10:47:01+00:00\",\"author\":{\"@id\":\"https:\/\/novisad2022.rs\/en\/#\/schema\/person\/ac5cc999e141a0cc6699aee7c62e6a77\"},\"description\":\"Creative reading and writing workshops \u2018New Reading of Fairy Tales\u2019 held in the Cultural Centre of Novi Sad and the Digital Youth Centre at the City Library.\",\"breadcrumb\":{\"@id\":\"https:\/\/novisad2022.rs\/en\/new-reading-of-fairy-tales-revealing-hidden-stereotypes-and-prejudices-in-fairy-tales\/#breadcrumb\"},\"inLanguage\":\"en-US\",\"potentialAction\":[{\"@type\":\"ReadAction\",\"target\":[\"https:\/\/novisad2022.rs\/en\/new-reading-of-fairy-tales-revealing-hidden-stereotypes-and-prejudices-in-fairy-tales\/\"]}]},{\"@type\":\"ImageObject\",\"inLanguage\":\"en-US\",\"@id\":\"https:\/\/novisad2022.rs\/en\/new-reading-of-fairy-tales-revealing-hidden-stereotypes-and-prejudices-in-fairy-tales\/#primaryimage\",\"url\":\"https:\/\/novisad2022.rs\/wp-content\/uploads\/2021\/10\/MPU_8825.jpg\",\"contentUrl\":\"https:\/\/novisad2022.rs\/wp-content\/uploads\/2021\/10\/MPU_8825.jpg\",\"caption\":\"\u043d\u043e\u0432\u043e \u0447\u0438\u0442\u0430\u045a\u0435 \u0431\u0430\u0458\u043a\u0438\"},{\"@type\":\"BreadcrumbList\",\"@id\":\"https:\/\/novisad2022.rs\/en\/new-reading-of-fairy-tales-revealing-hidden-stereotypes-and-prejudices-in-fairy-tales\/#breadcrumb\",\"itemListElement\":[{\"@type\":\"ListItem\",\"position\":1,\"name\":\"\u041f\u043e\u0447\u0435\u0442\u043d\u0430\",\"item\":\"https:\/\/novisad2022.rs\/en\/home-page\/\"},{\"@type\":\"ListItem\",\"position\":2,\"name\":\"\u2018New Reading of Fairy Tales\u2019 \u2013 Revealing Hidden Stereotypes and Prejudices in Fairy Tales\"}]},{\"@type\":\"WebSite\",\"@id\":\"https:\/\/novisad2022.rs\/en\/#website\",\"url\":\"https:\/\/novisad2022.rs\/en\/\",\"name\":\"Novi Sad 2022\",\"description\":\"European Capital of Culture\",\"potentialAction\":[{\"@type\":\"SearchAction\",\"target\":{\"@type\":\"EntryPoint\",\"urlTemplate\":\"https:\/\/novisad2022.rs\/en\/?s={search_term_string}\"},\"query-input\":{\"@type\":\"PropertyValueSpecification\",\"valueRequired\":true,\"valueName\":\"search_term_string\"}}],\"inLanguage\":\"en-US\"},{\"@type\":\"Person\",\"@id\":\"https:\/\/novisad2022.rs\/en\/#\/schema\/person\/ac5cc999e141a0cc6699aee7c62e6a77\",\"name\":\"Jasmina\",\"image\":{\"@type\":\"ImageObject\",\"inLanguage\":\"en-US\",\"@id\":\"https:\/\/novisad2022.rs\/en\/#\/schema\/person\/image\/\",\"url\":\"https:\/\/secure.gravatar.com\/avatar\/1e299e2f3bd9f7617d41a61a43fc086c80151f6f5c6fa7873322cb5d18af2492?s=96&d=mm&r=g\",\"contentUrl\":\"https:\/\/secure.gravatar.com\/avatar\/1e299e2f3bd9f7617d41a61a43fc086c80151f6f5c6fa7873322cb5d18af2492?s=96&d=mm&r=g\",\"caption\":\"Jasmina\"}}]}<\/script>\n<!-- \/ Yoast SEO plugin. -->","yoast_head_json":{"title":"\u2018New Reading of Fairy Tales\u2019 \u2013 Revealing Hidden Stereotypes and Prejudices in Fairy Tales","description":"Creative reading and writing workshops \u2018New Reading of Fairy Tales\u2019 held in the Cultural Centre of Novi Sad and the Digital Youth Centre at the City Library.","robots":{"index":"index","follow":"follow","max-snippet":"max-snippet:-1","max-image-preview":"max-image-preview:large","max-video-preview":"max-video-preview:-1"},"canonical":"https:\/\/novisad2022.rs\/en\/new-reading-of-fairy-tales-revealing-hidden-stereotypes-and-prejudices-in-fairy-tales\/","og_locale":"en_US","og_type":"article","og_title":"\u2018New Reading of Fairy Tales\u2019 \u2013 Revealing Hidden Stereotypes and Prejudices in Fairy Tales","og_description":"Creative reading and writing workshops \u2018New Reading of Fairy Tales\u2019 held in the Cultural Centre of Novi Sad and the Digital Youth Centre at the City Library.","og_url":"https:\/\/novisad2022.rs\/en\/new-reading-of-fairy-tales-revealing-hidden-stereotypes-and-prejudices-in-fairy-tales\/","og_site_name":"Novi Sad 2022","article_published_time":"2021-10-27T11:36:44+00:00","article_modified_time":"2021-10-28T10:47:01+00:00","og_image":[{"url":"https:\/\/novisad2022.rs\/wp-content\/uploads\/2021\/10\/MPU_8825.jpg","width":1,"height":1,"type":"image\/jpeg"}],"author":"Jasmina","twitter_card":"summary_large_image","twitter_misc":{"Written by":"Jasmina","Est. reading time":"4 minutes"},"schema":{"@context":"https:\/\/schema.org","@graph":[{"@type":"Article","@id":"https:\/\/novisad2022.rs\/en\/new-reading-of-fairy-tales-revealing-hidden-stereotypes-and-prejudices-in-fairy-tales\/#article","isPartOf":{"@id":"https:\/\/novisad2022.rs\/en\/new-reading-of-fairy-tales-revealing-hidden-stereotypes-and-prejudices-in-fairy-tales\/"},"author":{"name":"Jasmina","@id":"https:\/\/novisad2022.rs\/en\/#\/schema\/person\/ac5cc999e141a0cc6699aee7c62e6a77"},"headline":"\u2018New Reading of Fairy Tales\u2019 \u2013 Revealing Hidden Stereotypes and Prejudices in Fairy Tales","datePublished":"2021-10-27T11:36:44+00:00","dateModified":"2021-10-28T10:47:01+00:00","mainEntityOfPage":{"@id":"https:\/\/novisad2022.rs\/en\/new-reading-of-fairy-tales-revealing-hidden-stereotypes-and-prejudices-in-fairy-tales\/"},"wordCount":696,"commentCount":0,"image":{"@id":"https:\/\/novisad2022.rs\/en\/new-reading-of-fairy-tales-revealing-hidden-stereotypes-and-prejudices-in-fairy-tales\/#primaryimage"},"thumbnailUrl":"https:\/\/novisad2022.rs\/wp-content\/uploads\/2021\/10\/MPU_8825.jpg","keywords":["Cultural Centre of Novi Sad","Digital Youth Centre","Future of Europe"],"articleSection":["News"],"inLanguage":"en-US","potentialAction":[{"@type":"CommentAction","name":"Comment","target":["https:\/\/novisad2022.rs\/en\/new-reading-of-fairy-tales-revealing-hidden-stereotypes-and-prejudices-in-fairy-tales\/#respond"]}]},{"@type":"WebPage","@id":"https:\/\/novisad2022.rs\/en\/new-reading-of-fairy-tales-revealing-hidden-stereotypes-and-prejudices-in-fairy-tales\/","url":"https:\/\/novisad2022.rs\/en\/new-reading-of-fairy-tales-revealing-hidden-stereotypes-and-prejudices-in-fairy-tales\/","name":"\u2018New Reading of Fairy Tales\u2019 \u2013 Revealing Hidden Stereotypes and Prejudices in Fairy Tales","isPartOf":{"@id":"https:\/\/novisad2022.rs\/en\/#website"},"primaryImageOfPage":{"@id":"https:\/\/novisad2022.rs\/en\/new-reading-of-fairy-tales-revealing-hidden-stereotypes-and-prejudices-in-fairy-tales\/#primaryimage"},"image":{"@id":"https:\/\/novisad2022.rs\/en\/new-reading-of-fairy-tales-revealing-hidden-stereotypes-and-prejudices-in-fairy-tales\/#primaryimage"},"thumbnailUrl":"https:\/\/novisad2022.rs\/wp-content\/uploads\/2021\/10\/MPU_8825.jpg","datePublished":"2021-10-27T11:36:44+00:00","dateModified":"2021-10-28T10:47:01+00:00","author":{"@id":"https:\/\/novisad2022.rs\/en\/#\/schema\/person\/ac5cc999e141a0cc6699aee7c62e6a77"},"description":"Creative reading and writing workshops \u2018New Reading of Fairy Tales\u2019 held in the Cultural Centre of Novi Sad and the Digital Youth Centre at the City Library.","breadcrumb":{"@id":"https:\/\/novisad2022.rs\/en\/new-reading-of-fairy-tales-revealing-hidden-stereotypes-and-prejudices-in-fairy-tales\/#breadcrumb"},"inLanguage":"en-US","potentialAction":[{"@type":"ReadAction","target":["https:\/\/novisad2022.rs\/en\/new-reading-of-fairy-tales-revealing-hidden-stereotypes-and-prejudices-in-fairy-tales\/"]}]},{"@type":"ImageObject","inLanguage":"en-US","@id":"https:\/\/novisad2022.rs\/en\/new-reading-of-fairy-tales-revealing-hidden-stereotypes-and-prejudices-in-fairy-tales\/#primaryimage","url":"https:\/\/novisad2022.rs\/wp-content\/uploads\/2021\/10\/MPU_8825.jpg","contentUrl":"https:\/\/novisad2022.rs\/wp-content\/uploads\/2021\/10\/MPU_8825.jpg","caption":"\u043d\u043e\u0432\u043e \u0447\u0438\u0442\u0430\u045a\u0435 \u0431\u0430\u0458\u043a\u0438"},{"@type":"BreadcrumbList","@id":"https:\/\/novisad2022.rs\/en\/new-reading-of-fairy-tales-revealing-hidden-stereotypes-and-prejudices-in-fairy-tales\/#breadcrumb","itemListElement":[{"@type":"ListItem","position":1,"name":"\u041f\u043e\u0447\u0435\u0442\u043d\u0430","item":"https:\/\/novisad2022.rs\/en\/home-page\/"},{"@type":"ListItem","position":2,"name":"\u2018New Reading of Fairy Tales\u2019 \u2013 Revealing Hidden Stereotypes and Prejudices in Fairy Tales"}]},{"@type":"WebSite","@id":"https:\/\/novisad2022.rs\/en\/#website","url":"https:\/\/novisad2022.rs\/en\/","name":"Novi Sad 2022","description":"European Capital of Culture","potentialAction":[{"@type":"SearchAction","target":{"@type":"EntryPoint","urlTemplate":"https:\/\/novisad2022.rs\/en\/?s={search_term_string}"},"query-input":{"@type":"PropertyValueSpecification","valueRequired":true,"valueName":"search_term_string"}}],"inLanguage":"en-US"},{"@type":"Person","@id":"https:\/\/novisad2022.rs\/en\/#\/schema\/person\/ac5cc999e141a0cc6699aee7c62e6a77","name":"Jasmina","image":{"@type":"ImageObject","inLanguage":"en-US","@id":"https:\/\/novisad2022.rs\/en\/#\/schema\/person\/image\/","url":"https:\/\/secure.gravatar.com\/avatar\/1e299e2f3bd9f7617d41a61a43fc086c80151f6f5c6fa7873322cb5d18af2492?s=96&d=mm&r=g","contentUrl":"https:\/\/secure.gravatar.com\/avatar\/1e299e2f3bd9f7617d41a61a43fc086c80151f6f5c6fa7873322cb5d18af2492?s=96&d=mm&r=g","caption":"Jasmina"}}]}},"_links":{"self":[{"href":"https:\/\/novisad2022.rs\/en\/wp-json\/wp\/v2\/posts\/15656","targetHints":{"allow":["GET"]}}],"collection":[{"href":"https:\/\/novisad2022.rs\/en\/wp-json\/wp\/v2\/posts"}],"about":[{"href":"https:\/\/novisad2022.rs\/en\/wp-json\/wp\/v2\/types\/post"}],"author":[{"embeddable":true,"href":"https:\/\/novisad2022.rs\/en\/wp-json\/wp\/v2\/users\/8"}],"replies":[{"embeddable":true,"href":"https:\/\/novisad2022.rs\/en\/wp-json\/wp\/v2\/comments?post=15656"}],"version-history":[{"count":5,"href":"https:\/\/novisad2022.rs\/en\/wp-json\/wp\/v2\/posts\/15656\/revisions"}],"predecessor-version":[{"id":15661,"href":"https:\/\/novisad2022.rs\/en\/wp-json\/wp\/v2\/posts\/15656\/revisions\/15661"}],"wp:featuredmedia":[{"embeddable":true,"href":"https:\/\/novisad2022.rs\/en\/wp-json\/wp\/v2\/media\/15583"}],"wp:attachment":[{"href":"https:\/\/novisad2022.rs\/en\/wp-json\/wp\/v2\/media?parent=15656"}],"wp:term":[{"taxonomy":"category","embeddable":true,"href":"https:\/\/novisad2022.rs\/en\/wp-json\/wp\/v2\/categories?post=15656"},{"taxonomy":"post_tag","embeddable":true,"href":"https:\/\/novisad2022.rs\/en\/wp-json\/wp\/v2\/tags?post=15656"}],"curies":[{"name":"wp","href":"https:\/\/api.w.org\/{rel}","templated":true}]}}