{"id":17140,"date":"2021-12-15T11:46:27","date_gmt":"2021-12-15T10:46:27","guid":{"rendered":"https:\/\/novisad2022.rs\/?p=17140"},"modified":"2021-12-15T11:46:27","modified_gmt":"2021-12-15T10:46:27","slug":"exactly-a-month-separates-novi-sad-from-the-european-capital-of-culture-title","status":"publish","type":"post","link":"https:\/\/novisad2022.rs\/en\/exactly-a-month-separates-novi-sad-from-the-european-capital-of-culture-title\/","title":{"rendered":"Exactly a Month Separates Novi Sad from the European Capital of Culture Title"},"content":{"rendered":"<p><strong>There is exactly a month left until the opening ceremony of the European Capital of Culture in Novi Sad announced for 13 January 2022. It was symbolically marked by Milo\u0161 Vu\u010devi\u0107, the Mayor of Novi Sad, on the number counter in front of the \u2018Novi Sad \u2013 European Capital of Culture\u2019 in the Liberty Square, which shows how many days are left until the moment when the city will hold one of the most prestigious European titles.<\/strong><\/p>\n<p>\u2018The opening of a new chapter in the book about Novi Sad is approaching. It will greatly contribute to the development and leave an indelible mark on the city, our country and the region. People from Novi Sad, Serbia, Europe and the world are involved in the ECoC project, and they are preparing something that has not been seen so far, not only in the region but wider. Maybe other ECoCs had more funds, but certainly not more creativity and courage, and this was confirmed by the two European awards we received in the previous weeks. The play on the Varadin Bridge and the \u2018Tesla Light Gallery\u2019 in the Suburbium of the Petrovaradin Fortress on 31 December, will present a narrative that connects us with the greatest scientists of mankind. I invite the citizens of Novi Sad to cross the Varadin Bridge together that day at 9 p.m. and be a part of the fantastic story,\u2019 said Milo\u0161 Vu\u010devi\u0107, the Mayor of Novi Sad.<\/p>\n<p><img fetchpriority=\"high\" decoding=\"async\" class=\"aligncenter wp-image-17142 size-full\" src=\"https:\/\/novisad2022.rs\/wp-content\/uploads\/2021\/12\/Mesec-dana-do-titule-EPK-foto-NSEPK-M.-Pudic-4-2.jpg\" alt=\"the Mayor Milos Vucevic in public speaking\" width=\"1200\" height=\"800\" srcset=\"https:\/\/novisad2022.rs\/wp-content\/uploads\/2021\/12\/Mesec-dana-do-titule-EPK-foto-NSEPK-M.-Pudic-4-2.jpg 1200w, https:\/\/novisad2022.rs\/wp-content\/uploads\/2021\/12\/Mesec-dana-do-titule-EPK-foto-NSEPK-M.-Pudic-4-2-300x200.jpg 300w, https:\/\/novisad2022.rs\/wp-content\/uploads\/2021\/12\/Mesec-dana-do-titule-EPK-foto-NSEPK-M.-Pudic-4-2-1024x683.jpg 1024w, https:\/\/novisad2022.rs\/wp-content\/uploads\/2021\/12\/Mesec-dana-do-titule-EPK-foto-NSEPK-M.-Pudic-4-2-768x512.jpg 768w\" sizes=\"(max-width: 1200px) 100vw, 1200px\" \/><\/p>\n<p><strong>The number counter, which has been set in October, exactly 100 days before the title year<\/strong>, gathered the most diverse local and European artists, the representatives of organisations and institutions so far and it <strong>symbolically depicted the bond that the \u2018Novi Sad \u2013 European Capital of Culture\u2019 project managed to establish between institutional and non-institutional milieu, citizens of Novi Sad, as well as decision-makers, with the \u2018For New Bridges\u2019 slogan<\/strong>. Praises also came from the European Commission for that connection of various cultural stakeholders, after the last monitoring report, after which Novi Sad received the<a href=\"https:\/\/novisad2022.rs\/en\/melina-mercouri-prize\/\"> \u2018Melina Mercouri\u2019<\/a> award.<\/p>\n<p><img decoding=\"async\" class=\"aligncenter wp-image-17143 size-full\" src=\"https:\/\/novisad2022.rs\/wp-content\/uploads\/2021\/12\/Mesec-dana-do-titule-EPK-foto-NSEPK-M.-Pudic-6-1.jpg\" alt=\"counting down for year of european capital of culture \" width=\"1200\" height=\"800\" srcset=\"https:\/\/novisad2022.rs\/wp-content\/uploads\/2021\/12\/Mesec-dana-do-titule-EPK-foto-NSEPK-M.-Pudic-6-1.jpg 1200w, https:\/\/novisad2022.rs\/wp-content\/uploads\/2021\/12\/Mesec-dana-do-titule-EPK-foto-NSEPK-M.-Pudic-6-1-300x200.jpg 300w, https:\/\/novisad2022.rs\/wp-content\/uploads\/2021\/12\/Mesec-dana-do-titule-EPK-foto-NSEPK-M.-Pudic-6-1-1024x683.jpg 1024w, https:\/\/novisad2022.rs\/wp-content\/uploads\/2021\/12\/Mesec-dana-do-titule-EPK-foto-NSEPK-M.-Pudic-6-1-768x512.jpg 768w\" sizes=\"(max-width: 1200px) 100vw, 1200px\" \/><\/p>\n<p>&nbsp;<\/p>\n<p>\u2018The experience has shown that interest and support of decision-makers are enormously important for the preservation of successful legacies of the ECoC project. Their in-depth understanding is even more important for their further development. By joining from the candidacy to receiving the title, but also the last two prestigious European awards in the field of culture, the Mayor of Novi Sad and a member of the City Council for Culture are a guarantee that culture will remain one of the city\u2019s development pillars after the title year,\u2019 said Nemanja Milenkovi\u0107, CEO of the Novi Sad &#8211; European Capital of Culture.<\/p>\n<p><img decoding=\"async\" class=\"aligncenter wp-image-17144 size-full\" src=\"https:\/\/novisad2022.rs\/wp-content\/uploads\/2021\/12\/Mesec-dana-do-titule-EPK-foto-NSEPK-M.-Pudic-5-2.jpg\" alt=\"Nemanja Milenkovic speaking in public\" width=\"1200\" height=\"800\" srcset=\"https:\/\/novisad2022.rs\/wp-content\/uploads\/2021\/12\/Mesec-dana-do-titule-EPK-foto-NSEPK-M.-Pudic-5-2.jpg 1200w, https:\/\/novisad2022.rs\/wp-content\/uploads\/2021\/12\/Mesec-dana-do-titule-EPK-foto-NSEPK-M.-Pudic-5-2-300x200.jpg 300w, https:\/\/novisad2022.rs\/wp-content\/uploads\/2021\/12\/Mesec-dana-do-titule-EPK-foto-NSEPK-M.-Pudic-5-2-1024x683.jpg 1024w, https:\/\/novisad2022.rs\/wp-content\/uploads\/2021\/12\/Mesec-dana-do-titule-EPK-foto-NSEPK-M.-Pudic-5-2-768x512.jpg 768w\" sizes=\"(max-width: 1200px) 100vw, 1200px\" \/><\/p>\n<p>In the year of the title of the European Capital of Culture, Novi Sad will bring together about 4,000 European, regional and local artists at more than 1,500 cultural events, while details of the entire programme concept, divided into eight programme arches, which will be implemented chronologically in 2022. Milenkovi\u0107 presented the arches to Mayor Milo\u0161 Vu\u010devi\u0107, as well as Dalibor Ro\u017ei\u0107, a member of the City Council for Culture, and Milan \u0110uri\u0107, Deputy Mayor.<\/p>\n<p><img loading=\"lazy\" decoding=\"async\" class=\"aligncenter wp-image-17145 size-full\" src=\"https:\/\/novisad2022.rs\/wp-content\/uploads\/2021\/12\/Mesec-dana-do-titule-EPK-foto-NSEPK-M.-Pudic-3-2.jpg\" alt=\"presentation of brend Do\u010dek\" width=\"1200\" height=\"800\" srcset=\"https:\/\/novisad2022.rs\/wp-content\/uploads\/2021\/12\/Mesec-dana-do-titule-EPK-foto-NSEPK-M.-Pudic-3-2.jpg 1200w, https:\/\/novisad2022.rs\/wp-content\/uploads\/2021\/12\/Mesec-dana-do-titule-EPK-foto-NSEPK-M.-Pudic-3-2-300x200.jpg 300w, https:\/\/novisad2022.rs\/wp-content\/uploads\/2021\/12\/Mesec-dana-do-titule-EPK-foto-NSEPK-M.-Pudic-3-2-1024x683.jpg 1024w, https:\/\/novisad2022.rs\/wp-content\/uploads\/2021\/12\/Mesec-dana-do-titule-EPK-foto-NSEPK-M.-Pudic-3-2-768x512.jpg 768w\" sizes=\"(max-width: 1200px) 100vw, 1200px\" \/><\/p>\n<p>The unique art celebration in Europe, <a href=\"https:\/\/docekns.rs\/en\/home\/\">Do\u010dek<\/a>, will open the year of the title of European Capital of Culture in Novi Sad, with a programme that will be seen in our region for the first time. Do\u010dek, the best European trend brand in the field of culture, will gather more than 400 artists from Serbia and the whole of Europe, promoting the heritage of the great names of Serbian science through art, who reached global frameworks \u2013 Nikola Tesla, Mileva Mari\u0107 Einstein, Milutin Milankovi\u0107.<\/p>\n<p>On 31 December, the citizens of Novi Sad will symbolically light up the city with the programme inspired by the life and work of the great scientist \u2013 Nikola Tesla. In front of the Rainbow Bridge, a part of <strong>the \u2018Tesla, Inventartist\u2019 play directed by Neboj\u0161a Bradi\u0107<\/strong>, performed by the Serbian National Theatre, which includes the audience, will be premiered, forming a procession from the bridge all the way to the Suburbium of the Petrovaradin Fortress, where Tesla\u2019s multimedia light gallery will be located. Partner of the Tesla Light Gallery is the NIS company.<\/p>\n<p>The opening ceremony of the European Capital of Culture, the celebration of <strong>\u2018Zeniteum :: 2022\u2019<\/strong>, by Slovenian avant-garde director Dragan \u017divadinov, scheduled for 13 January, also features great names in Serbian science &#8211; mathematicians Mileva Mari\u0107 Einstein and Milutin Milankovic. The setting of the opening ceremony on one of the main city boulevards, near Banovina, is an architectural-multimedia endeavour that has not been done in Serbia so far.<\/p>\n<p><img loading=\"lazy\" decoding=\"async\" class=\"aligncenter wp-image-17146 size-full\" src=\"https:\/\/novisad2022.rs\/wp-content\/uploads\/2021\/12\/Novi-Sad-foto-Novi-Sad-EPK-J.-Ivanovic-2-1.jpg\" alt=\"novi sad city center\" width=\"1200\" height=\"799\" srcset=\"https:\/\/novisad2022.rs\/wp-content\/uploads\/2021\/12\/Novi-Sad-foto-Novi-Sad-EPK-J.-Ivanovic-2-1.jpg 1200w, https:\/\/novisad2022.rs\/wp-content\/uploads\/2021\/12\/Novi-Sad-foto-Novi-Sad-EPK-J.-Ivanovic-2-1-300x200.jpg 300w, https:\/\/novisad2022.rs\/wp-content\/uploads\/2021\/12\/Novi-Sad-foto-Novi-Sad-EPK-J.-Ivanovic-2-1-1024x682.jpg 1024w, https:\/\/novisad2022.rs\/wp-content\/uploads\/2021\/12\/Novi-Sad-foto-Novi-Sad-EPK-J.-Ivanovic-2-1-768x511.jpg 768w\" sizes=\"(max-width: 1200px) 100vw, 1200px\" \/><\/p>\n<p>Programmes within Do\u010dek are also planned for 12, 14 and 15 January, while you can find the detailed information, locations, and time slots, as well as the 2022 programme, on <a href=\"https:\/\/novisad2022.rs\/en\/programme\/\">our website<\/a>.<\/p>\n<p><em>Photo: M. Pudi\u0107<\/em><\/p>","protected":false},"excerpt":{"rendered":"<p>There is exactly a month left until the opening ceremony of the European Capital of Culture in Novi Sad announced for 13 January 2022. It was symbolically marked by Milo\u0161 Vu\u010devi\u0107, the Mayor of Novi Sad, on the number counter in front of the \u2018Novi Sad \u2013 European Capital of Culture\u2019 in the Liberty Square, [&hellip;]<\/p>\n","protected":false},"author":8,"featured_media":17133,"comment_status":"open","ping_status":"open","sticky":false,"template":"","format":"standard","meta":{"site-sidebar-layout":"default","site-content-layout":"default","ast-site-content-layout":"default","site-content-style":"default","site-sidebar-style":"default","ast-global-header-display":"","ast-banner-title-visibility":"","ast-main-header-display":"","ast-hfb-above-header-display":"","ast-hfb-below-header-display":"","ast-hfb-mobile-header-display":"","site-post-title":"","ast-breadcrumbs-content":"","ast-featured-img":"","footer-sml-layout":"","ast-disable-related-posts":"","theme-transparent-header-meta":"default","adv-header-id-meta":"","stick-header-meta":"","header-above-stick-meta":"","header-main-stick-meta":"","header-below-stick-meta":"","astra-migrate-meta-layouts":"default","ast-page-background-enabled":"default","ast-page-background-meta":{"desktop":{"background-color":"","background-image":"","background-repeat":"repeat","background-position":"center center","background-size":"auto","background-attachment":"scroll","background-type":"","background-media":"","overlay-type":"","overlay-color":"","overlay-opacity":"","overlay-gradient":""},"tablet":{"background-color":"","background-image":"","background-repeat":"repeat","background-position":"center center","background-size":"auto","background-attachment":"scroll","background-type":"","background-media":"","overlay-type":"","overlay-color":"","overlay-opacity":"","overlay-gradient":""},"mobile":{"background-color":"","background-image":"","background-repeat":"repeat","background-position":"center center","background-size":"auto","background-attachment":"scroll","background-type":"","background-media":"","overlay-type":"","overlay-color":"","overlay-opacity":"","overlay-gradient":""}},"ast-content-background-meta":{"desktop":{"background-color":"var(--ast-global-color-5)","background-image":"","background-repeat":"repeat","background-position":"center center","background-size":"auto","background-attachment":"scroll","background-type":"","background-media":"","overlay-type":"","overlay-color":"","overlay-opacity":"","overlay-gradient":""},"tablet":{"background-color":"var(--ast-global-color-5)","background-image":"","background-repeat":"repeat","background-position":"center center","background-size":"auto","background-attachment":"scroll","background-type":"","background-media":"","overlay-type":"","overlay-color":"","overlay-opacity":"","overlay-gradient":""},"mobile":{"background-color":"var(--ast-global-color-5)","background-image":"","background-repeat":"repeat","background-position":"center center","background-size":"auto","background-attachment":"scroll","background-type":"","background-media":"","overlay-type":"","overlay-color":"","overlay-opacity":"","overlay-gradient":""}},"footnotes":""},"categories":[70],"tags":[1722],"class_list":["post-17140","post","type-post","status-publish","format-standard","has-post-thumbnail","hentry","category-news","tag-european-capital-of-culture-en"],"yoast_head":"<!-- This site is optimized with the Yoast SEO plugin v27.0 - https:\/\/yoast.com\/product\/yoast-seo-wordpress\/ -->\n<title>Exactly a Month Separates Novi Sad from the European Capital of Culture Title<\/title>\n<meta name=\"description\" content=\"A month left until the opening ceremony of the European Capital of Culture in Novi Sad announced for 13 January 2022. It was symbolically marked by Milo\u0161 Vu\u010devi\u0107.\" \/>\n<meta name=\"robots\" content=\"index, follow, max-snippet:-1, max-image-preview:large, max-video-preview:-1\" \/>\n<link rel=\"canonical\" href=\"https:\/\/novisad2022.rs\/en\/exactly-a-month-separates-novi-sad-from-the-european-capital-of-culture-title\/\" \/>\n<meta property=\"og:locale\" content=\"en_US\" \/>\n<meta property=\"og:type\" content=\"article\" \/>\n<meta property=\"og:title\" content=\"Exactly a Month Separates Novi Sad from the European Capital of Culture Title\" \/>\n<meta property=\"og:description\" content=\"A month left until the opening ceremony of the European Capital of Culture in Novi Sad announced for 13 January 2022. It was symbolically marked by Milo\u0161 Vu\u010devi\u0107.\" \/>\n<meta property=\"og:url\" content=\"https:\/\/novisad2022.rs\/en\/exactly-a-month-separates-novi-sad-from-the-european-capital-of-culture-title\/\" \/>\n<meta property=\"og:site_name\" content=\"Novi Sad 2022\" \/>\n<meta property=\"article:published_time\" content=\"2021-12-15T10:46:27+00:00\" \/>\n<meta property=\"og:image\" content=\"https:\/\/novisad2022.rs\/wp-content\/uploads\/2021\/12\/Mesec-dana-do-titule-EPK-foto-NSEPK-M.-Pudic-2.jpg\" \/>\n\t<meta property=\"og:image:width\" content=\"1200\" \/>\n\t<meta property=\"og:image:height\" content=\"743\" \/>\n\t<meta property=\"og:image:type\" content=\"image\/jpeg\" \/>\n<meta name=\"author\" content=\"Jasmina\" \/>\n<meta name=\"twitter:card\" content=\"summary_large_image\" \/>\n<meta name=\"twitter:label1\" content=\"Written by\" \/>\n\t<meta name=\"twitter:data1\" content=\"Jasmina\" \/>\n\t<meta name=\"twitter:label2\" content=\"Est. reading time\" \/>\n\t<meta name=\"twitter:data2\" content=\"5 minutes\" \/>\n<script type=\"application\/ld+json\" class=\"yoast-schema-graph\">{\"@context\":\"https:\/\/schema.org\",\"@graph\":[{\"@type\":\"Article\",\"@id\":\"https:\/\/novisad2022.rs\/en\/exactly-a-month-separates-novi-sad-from-the-european-capital-of-culture-title\/#article\",\"isPartOf\":{\"@id\":\"https:\/\/novisad2022.rs\/en\/exactly-a-month-separates-novi-sad-from-the-european-capital-of-culture-title\/\"},\"author\":{\"name\":\"Jasmina\",\"@id\":\"https:\/\/novisad2022.rs\/en\/#\/schema\/person\/ac5cc999e141a0cc6699aee7c62e6a77\"},\"headline\":\"Exactly a Month Separates Novi Sad from the European Capital of Culture Title\",\"datePublished\":\"2021-12-15T10:46:27+00:00\",\"mainEntityOfPage\":{\"@id\":\"https:\/\/novisad2022.rs\/en\/exactly-a-month-separates-novi-sad-from-the-european-capital-of-culture-title\/\"},\"wordCount\":799,\"commentCount\":0,\"image\":{\"@id\":\"https:\/\/novisad2022.rs\/en\/exactly-a-month-separates-novi-sad-from-the-european-capital-of-culture-title\/#primaryimage\"},\"thumbnailUrl\":\"https:\/\/novisad2022.rs\/wp-content\/uploads\/2021\/12\/Mesec-dana-do-titule-EPK-foto-NSEPK-M.-Pudic-2.jpg\",\"keywords\":[\"european capital of culture\"],\"articleSection\":[\"News\"],\"inLanguage\":\"en-US\",\"potentialAction\":[{\"@type\":\"CommentAction\",\"name\":\"Comment\",\"target\":[\"https:\/\/novisad2022.rs\/en\/exactly-a-month-separates-novi-sad-from-the-european-capital-of-culture-title\/#respond\"]}]},{\"@type\":\"WebPage\",\"@id\":\"https:\/\/novisad2022.rs\/en\/exactly-a-month-separates-novi-sad-from-the-european-capital-of-culture-title\/\",\"url\":\"https:\/\/novisad2022.rs\/en\/exactly-a-month-separates-novi-sad-from-the-european-capital-of-culture-title\/\",\"name\":\"Exactly a Month Separates Novi Sad from the European Capital of Culture Title\",\"isPartOf\":{\"@id\":\"https:\/\/novisad2022.rs\/en\/#website\"},\"primaryImageOfPage\":{\"@id\":\"https:\/\/novisad2022.rs\/en\/exactly-a-month-separates-novi-sad-from-the-european-capital-of-culture-title\/#primaryimage\"},\"image\":{\"@id\":\"https:\/\/novisad2022.rs\/en\/exactly-a-month-separates-novi-sad-from-the-european-capital-of-culture-title\/#primaryimage\"},\"thumbnailUrl\":\"https:\/\/novisad2022.rs\/wp-content\/uploads\/2021\/12\/Mesec-dana-do-titule-EPK-foto-NSEPK-M.-Pudic-2.jpg\",\"datePublished\":\"2021-12-15T10:46:27+00:00\",\"author\":{\"@id\":\"https:\/\/novisad2022.rs\/en\/#\/schema\/person\/ac5cc999e141a0cc6699aee7c62e6a77\"},\"description\":\"A month left until the opening ceremony of the European Capital of Culture in Novi Sad announced for 13 January 2022. It was symbolically marked by Milo\u0161 Vu\u010devi\u0107.\",\"breadcrumb\":{\"@id\":\"https:\/\/novisad2022.rs\/en\/exactly-a-month-separates-novi-sad-from-the-european-capital-of-culture-title\/#breadcrumb\"},\"inLanguage\":\"en-US\",\"potentialAction\":[{\"@type\":\"ReadAction\",\"target\":[\"https:\/\/novisad2022.rs\/en\/exactly-a-month-separates-novi-sad-from-the-european-capital-of-culture-title\/\"]}]},{\"@type\":\"ImageObject\",\"inLanguage\":\"en-US\",\"@id\":\"https:\/\/novisad2022.rs\/en\/exactly-a-month-separates-novi-sad-from-the-european-capital-of-culture-title\/#primaryimage\",\"url\":\"https:\/\/novisad2022.rs\/wp-content\/uploads\/2021\/12\/Mesec-dana-do-titule-EPK-foto-NSEPK-M.-Pudic-2.jpg\",\"contentUrl\":\"https:\/\/novisad2022.rs\/wp-content\/uploads\/2021\/12\/Mesec-dana-do-titule-EPK-foto-NSEPK-M.-Pudic-2.jpg\",\"width\":1200,\"height\":743},{\"@type\":\"BreadcrumbList\",\"@id\":\"https:\/\/novisad2022.rs\/en\/exactly-a-month-separates-novi-sad-from-the-european-capital-of-culture-title\/#breadcrumb\",\"itemListElement\":[{\"@type\":\"ListItem\",\"position\":1,\"name\":\"\u041f\u043e\u0447\u0435\u0442\u043d\u0430\",\"item\":\"https:\/\/novisad2022.rs\/en\/home-page\/\"},{\"@type\":\"ListItem\",\"position\":2,\"name\":\"Exactly a Month Separates Novi Sad from the European Capital of Culture Title\"}]},{\"@type\":\"WebSite\",\"@id\":\"https:\/\/novisad2022.rs\/en\/#website\",\"url\":\"https:\/\/novisad2022.rs\/en\/\",\"name\":\"Novi Sad 2022\",\"description\":\"European Capital of Culture\",\"potentialAction\":[{\"@type\":\"SearchAction\",\"target\":{\"@type\":\"EntryPoint\",\"urlTemplate\":\"https:\/\/novisad2022.rs\/en\/?s={search_term_string}\"},\"query-input\":{\"@type\":\"PropertyValueSpecification\",\"valueRequired\":true,\"valueName\":\"search_term_string\"}}],\"inLanguage\":\"en-US\"},{\"@type\":\"Person\",\"@id\":\"https:\/\/novisad2022.rs\/en\/#\/schema\/person\/ac5cc999e141a0cc6699aee7c62e6a77\",\"name\":\"Jasmina\",\"image\":{\"@type\":\"ImageObject\",\"inLanguage\":\"en-US\",\"@id\":\"https:\/\/novisad2022.rs\/en\/#\/schema\/person\/image\/\",\"url\":\"https:\/\/secure.gravatar.com\/avatar\/1e299e2f3bd9f7617d41a61a43fc086c80151f6f5c6fa7873322cb5d18af2492?s=96&d=mm&r=g\",\"contentUrl\":\"https:\/\/secure.gravatar.com\/avatar\/1e299e2f3bd9f7617d41a61a43fc086c80151f6f5c6fa7873322cb5d18af2492?s=96&d=mm&r=g\",\"caption\":\"Jasmina\"}}]}<\/script>\n<!-- \/ Yoast SEO plugin. -->","yoast_head_json":{"title":"Exactly a Month Separates Novi Sad from the European Capital of Culture Title","description":"A month left until the opening ceremony of the European Capital of Culture in Novi Sad announced for 13 January 2022. It was symbolically marked by Milo\u0161 Vu\u010devi\u0107.","robots":{"index":"index","follow":"follow","max-snippet":"max-snippet:-1","max-image-preview":"max-image-preview:large","max-video-preview":"max-video-preview:-1"},"canonical":"https:\/\/novisad2022.rs\/en\/exactly-a-month-separates-novi-sad-from-the-european-capital-of-culture-title\/","og_locale":"en_US","og_type":"article","og_title":"Exactly a Month Separates Novi Sad from the European Capital of Culture Title","og_description":"A month left until the opening ceremony of the European Capital of Culture in Novi Sad announced for 13 January 2022. It was symbolically marked by Milo\u0161 Vu\u010devi\u0107.","og_url":"https:\/\/novisad2022.rs\/en\/exactly-a-month-separates-novi-sad-from-the-european-capital-of-culture-title\/","og_site_name":"Novi Sad 2022","article_published_time":"2021-12-15T10:46:27+00:00","og_image":[{"width":1200,"height":743,"url":"https:\/\/novisad2022.rs\/wp-content\/uploads\/2021\/12\/Mesec-dana-do-titule-EPK-foto-NSEPK-M.-Pudic-2.jpg","type":"image\/jpeg"}],"author":"Jasmina","twitter_card":"summary_large_image","twitter_misc":{"Written by":"Jasmina","Est. reading time":"5 minutes"},"schema":{"@context":"https:\/\/schema.org","@graph":[{"@type":"Article","@id":"https:\/\/novisad2022.rs\/en\/exactly-a-month-separates-novi-sad-from-the-european-capital-of-culture-title\/#article","isPartOf":{"@id":"https:\/\/novisad2022.rs\/en\/exactly-a-month-separates-novi-sad-from-the-european-capital-of-culture-title\/"},"author":{"name":"Jasmina","@id":"https:\/\/novisad2022.rs\/en\/#\/schema\/person\/ac5cc999e141a0cc6699aee7c62e6a77"},"headline":"Exactly a Month Separates Novi Sad from the European Capital of Culture Title","datePublished":"2021-12-15T10:46:27+00:00","mainEntityOfPage":{"@id":"https:\/\/novisad2022.rs\/en\/exactly-a-month-separates-novi-sad-from-the-european-capital-of-culture-title\/"},"wordCount":799,"commentCount":0,"image":{"@id":"https:\/\/novisad2022.rs\/en\/exactly-a-month-separates-novi-sad-from-the-european-capital-of-culture-title\/#primaryimage"},"thumbnailUrl":"https:\/\/novisad2022.rs\/wp-content\/uploads\/2021\/12\/Mesec-dana-do-titule-EPK-foto-NSEPK-M.-Pudic-2.jpg","keywords":["european capital of culture"],"articleSection":["News"],"inLanguage":"en-US","potentialAction":[{"@type":"CommentAction","name":"Comment","target":["https:\/\/novisad2022.rs\/en\/exactly-a-month-separates-novi-sad-from-the-european-capital-of-culture-title\/#respond"]}]},{"@type":"WebPage","@id":"https:\/\/novisad2022.rs\/en\/exactly-a-month-separates-novi-sad-from-the-european-capital-of-culture-title\/","url":"https:\/\/novisad2022.rs\/en\/exactly-a-month-separates-novi-sad-from-the-european-capital-of-culture-title\/","name":"Exactly a Month Separates Novi Sad from the European Capital of Culture Title","isPartOf":{"@id":"https:\/\/novisad2022.rs\/en\/#website"},"primaryImageOfPage":{"@id":"https:\/\/novisad2022.rs\/en\/exactly-a-month-separates-novi-sad-from-the-european-capital-of-culture-title\/#primaryimage"},"image":{"@id":"https:\/\/novisad2022.rs\/en\/exactly-a-month-separates-novi-sad-from-the-european-capital-of-culture-title\/#primaryimage"},"thumbnailUrl":"https:\/\/novisad2022.rs\/wp-content\/uploads\/2021\/12\/Mesec-dana-do-titule-EPK-foto-NSEPK-M.-Pudic-2.jpg","datePublished":"2021-12-15T10:46:27+00:00","author":{"@id":"https:\/\/novisad2022.rs\/en\/#\/schema\/person\/ac5cc999e141a0cc6699aee7c62e6a77"},"description":"A month left until the opening ceremony of the European Capital of Culture in Novi Sad announced for 13 January 2022. It was symbolically marked by Milo\u0161 Vu\u010devi\u0107.","breadcrumb":{"@id":"https:\/\/novisad2022.rs\/en\/exactly-a-month-separates-novi-sad-from-the-european-capital-of-culture-title\/#breadcrumb"},"inLanguage":"en-US","potentialAction":[{"@type":"ReadAction","target":["https:\/\/novisad2022.rs\/en\/exactly-a-month-separates-novi-sad-from-the-european-capital-of-culture-title\/"]}]},{"@type":"ImageObject","inLanguage":"en-US","@id":"https:\/\/novisad2022.rs\/en\/exactly-a-month-separates-novi-sad-from-the-european-capital-of-culture-title\/#primaryimage","url":"https:\/\/novisad2022.rs\/wp-content\/uploads\/2021\/12\/Mesec-dana-do-titule-EPK-foto-NSEPK-M.-Pudic-2.jpg","contentUrl":"https:\/\/novisad2022.rs\/wp-content\/uploads\/2021\/12\/Mesec-dana-do-titule-EPK-foto-NSEPK-M.-Pudic-2.jpg","width":1200,"height":743},{"@type":"BreadcrumbList","@id":"https:\/\/novisad2022.rs\/en\/exactly-a-month-separates-novi-sad-from-the-european-capital-of-culture-title\/#breadcrumb","itemListElement":[{"@type":"ListItem","position":1,"name":"\u041f\u043e\u0447\u0435\u0442\u043d\u0430","item":"https:\/\/novisad2022.rs\/en\/home-page\/"},{"@type":"ListItem","position":2,"name":"Exactly a Month Separates Novi Sad from the European Capital of Culture Title"}]},{"@type":"WebSite","@id":"https:\/\/novisad2022.rs\/en\/#website","url":"https:\/\/novisad2022.rs\/en\/","name":"Novi Sad 2022","description":"European Capital of Culture","potentialAction":[{"@type":"SearchAction","target":{"@type":"EntryPoint","urlTemplate":"https:\/\/novisad2022.rs\/en\/?s={search_term_string}"},"query-input":{"@type":"PropertyValueSpecification","valueRequired":true,"valueName":"search_term_string"}}],"inLanguage":"en-US"},{"@type":"Person","@id":"https:\/\/novisad2022.rs\/en\/#\/schema\/person\/ac5cc999e141a0cc6699aee7c62e6a77","name":"Jasmina","image":{"@type":"ImageObject","inLanguage":"en-US","@id":"https:\/\/novisad2022.rs\/en\/#\/schema\/person\/image\/","url":"https:\/\/secure.gravatar.com\/avatar\/1e299e2f3bd9f7617d41a61a43fc086c80151f6f5c6fa7873322cb5d18af2492?s=96&d=mm&r=g","contentUrl":"https:\/\/secure.gravatar.com\/avatar\/1e299e2f3bd9f7617d41a61a43fc086c80151f6f5c6fa7873322cb5d18af2492?s=96&d=mm&r=g","caption":"Jasmina"}}]}},"_links":{"self":[{"href":"https:\/\/novisad2022.rs\/en\/wp-json\/wp\/v2\/posts\/17140","targetHints":{"allow":["GET"]}}],"collection":[{"href":"https:\/\/novisad2022.rs\/en\/wp-json\/wp\/v2\/posts"}],"about":[{"href":"https:\/\/novisad2022.rs\/en\/wp-json\/wp\/v2\/types\/post"}],"author":[{"embeddable":true,"href":"https:\/\/novisad2022.rs\/en\/wp-json\/wp\/v2\/users\/8"}],"replies":[{"embeddable":true,"href":"https:\/\/novisad2022.rs\/en\/wp-json\/wp\/v2\/comments?post=17140"}],"version-history":[{"count":2,"href":"https:\/\/novisad2022.rs\/en\/wp-json\/wp\/v2\/posts\/17140\/revisions"}],"predecessor-version":[{"id":17147,"href":"https:\/\/novisad2022.rs\/en\/wp-json\/wp\/v2\/posts\/17140\/revisions\/17147"}],"wp:featuredmedia":[{"embeddable":true,"href":"https:\/\/novisad2022.rs\/en\/wp-json\/wp\/v2\/media\/17133"}],"wp:attachment":[{"href":"https:\/\/novisad2022.rs\/en\/wp-json\/wp\/v2\/media?parent=17140"}],"wp:term":[{"taxonomy":"category","embeddable":true,"href":"https:\/\/novisad2022.rs\/en\/wp-json\/wp\/v2\/categories?post=17140"},{"taxonomy":"post_tag","embeddable":true,"href":"https:\/\/novisad2022.rs\/en\/wp-json\/wp\/v2\/tags?post=17140"}],"curies":[{"name":"wp","href":"https:\/\/api.w.org\/{rel}","templated":true}]}}