{"id":17606,"date":"2022-01-04T11:14:39","date_gmt":"2022-01-04T10:14:39","guid":{"rendered":"https:\/\/novisad2022.rs\/?p=17606"},"modified":"2022-01-04T11:22:24","modified_gmt":"2022-01-04T10:22:24","slug":"novi-sad-entered-the-title-year-of-the-european-capital-of-culture","status":"publish","type":"post","link":"https:\/\/novisad2022.rs\/en\/novi-sad-entered-the-title-year-of-the-european-capital-of-culture\/","title":{"rendered":"Novi Sad Entered the Title Year of the European Capital of Culture"},"content":{"rendered":"<div data-elementor-type=\"wp-post\" data-elementor-id=\"17606\" class=\"elementor elementor-17606\" data-elementor-post-type=\"post\">\r\n\t\t\t\t\t\t<section class=\"elementor-section elementor-top-section elementor-element elementor-element-780706c elementor-section-boxed elementor-section-height-default elementor-section-height-default\" data-id=\"780706c\" data-element_type=\"section\" data-e-type=\"section\">\r\n\t\t\t\t\t\t<div class=\"elementor-container elementor-column-gap-default\">\r\n\t\t\t\t\t<div class=\"elementor-column elementor-col-100 elementor-top-column elementor-element elementor-element-c2a26c5\" data-id=\"c2a26c5\" data-element_type=\"column\" data-e-type=\"column\">\r\n\t\t\t<div class=\"elementor-widget-wrap elementor-element-populated\">\r\n\t\t\t\t\t\t<div class=\"elementor-element elementor-element-a0e9263 elementor-widget elementor-widget-text-editor\" data-id=\"a0e9263\" data-element_type=\"widget\" data-e-type=\"widget\" data-widget_type=\"text-editor.default\">\r\n\t\t\t\t<div class=\"elementor-widget-container\">\r\n\t\t\t\t\t\t\t\t\t<p>Novi Sad officially entered the title year of the European Capital of Culture with the programme inspired by Nikola Tesla, the first honorary citizen of the city, and the Serbian Athens will be the centre of European cultural life in the following 365 days.<\/p>\t\t\t\t\t\t\t\t<\/div>\r\n\t\t\t\t<\/div>\r\n\t\t\t\t\t<\/div>\r\n\t\t<\/div>\r\n\t\t\t\t\t<\/div>\r\n\t\t<\/section>\r\n\t\t\t\t<section class=\"elementor-section elementor-top-section elementor-element elementor-element-b1a9655 elementor-section-boxed elementor-section-height-default elementor-section-height-default\" data-id=\"b1a9655\" data-element_type=\"section\" data-e-type=\"section\">\r\n\t\t\t\t\t\t<div class=\"elementor-container elementor-column-gap-default\">\r\n\t\t\t\t\t<div class=\"elementor-column elementor-col-100 elementor-top-column elementor-element elementor-element-cfb7f7a\" data-id=\"cfb7f7a\" data-element_type=\"column\" data-e-type=\"column\">\r\n\t\t\t<div class=\"elementor-widget-wrap elementor-element-populated\">\r\n\t\t\t\t\t\t<div class=\"elementor-element elementor-element-3110ac9 elementor-widget elementor-widget-video\" data-id=\"3110ac9\" data-element_type=\"widget\" data-e-type=\"widget\" data-settings=\"{&quot;youtube_url&quot;:&quot;https:\\\/\\\/www.youtube.com\\\/watch?v=dkMcH0uiYrs&quot;,&quot;video_type&quot;:&quot;youtube&quot;,&quot;controls&quot;:&quot;yes&quot;}\" data-widget_type=\"video.default\">\r\n\t\t\t\t<div class=\"elementor-widget-container\">\r\n\t\t\t\t\t\t\t<div class=\"elementor-wrapper elementor-open-inline\">\r\n\t\t\t<div class=\"elementor-video\"><\/div>\t\t<\/div>\r\n\t\t\t\t\t\t<\/div>\r\n\t\t\t\t<\/div>\r\n\t\t\t\t\t<\/div>\r\n\t\t<\/div>\r\n\t\t\t\t\t<\/div>\r\n\t\t<\/section>\r\n\t\t\t\t<section class=\"elementor-section elementor-top-section elementor-element elementor-element-265a472 elementor-section-boxed elementor-section-height-default elementor-section-height-default\" data-id=\"265a472\" data-element_type=\"section\" data-e-type=\"section\">\r\n\t\t\t\t\t\t<div class=\"elementor-container elementor-column-gap-default\">\r\n\t\t\t\t\t<div class=\"elementor-column elementor-col-100 elementor-top-column elementor-element elementor-element-b3baf82\" data-id=\"b3baf82\" data-element_type=\"column\" data-e-type=\"column\">\r\n\t\t\t<div class=\"elementor-widget-wrap elementor-element-populated\">\r\n\t\t\t\t\t\t<div class=\"elementor-element elementor-element-a9e21e7 elementor-widget elementor-widget-text-editor\" data-id=\"a9e21e7\" data-element_type=\"widget\" data-e-type=\"widget\" data-widget_type=\"text-editor.default\">\r\n\t\t\t\t<div class=\"elementor-widget-container\">\r\n\t\t\t\t\t\t\t\t\t<p>Last night, citizens of Novi Sad and its guests illuminated their city within Do\u010dek. They symbolically connected the two shores on the Danube and together with artists contributed to the creation of a unique audio-visual and light world created in the Suburbium of the Petrovaradin Fortress, the Baroque gem of the city, which has been restored after three centuries. Fellow citizens, tourists, artists and performers connected the <strong>\u2018Tesla, Inventartist\u2019 play, directed by Neboj\u0161a Bradi\u0107<\/strong>, which was performed at one side of the Rainbow bridge, with the <strong>so-called Tesla Light Gallery in Suburbium<\/strong>, in a procession that symbolically presented the slogan of the European Capital of Culture project \u2018For New Bridges\u2019.<\/p>\t\t\t\t\t\t\t\t<\/div>\r\n\t\t\t\t<\/div>\r\n\t\t\t\t\t<\/div>\r\n\t\t<\/div>\r\n\t\t\t\t\t<\/div>\r\n\t\t<\/section>\r\n\t\t\t\t<section class=\"elementor-section elementor-top-section elementor-element elementor-element-3a91842 elementor-section-boxed elementor-section-height-default elementor-section-height-default\" data-id=\"3a91842\" data-element_type=\"section\" data-e-type=\"section\">\r\n\t\t\t\t\t\t<div class=\"elementor-container elementor-column-gap-default\">\r\n\t\t\t\t\t<div class=\"elementor-column elementor-col-100 elementor-top-column elementor-element elementor-element-7d6ecea\" data-id=\"7d6ecea\" data-element_type=\"column\" data-e-type=\"column\">\r\n\t\t\t<div class=\"elementor-widget-wrap elementor-element-populated\">\r\n\t\t\t\t\t\t<div class=\"elementor-element elementor-element-48abfa1 elementor-widget elementor-widget-gallery\" data-id=\"48abfa1\" data-element_type=\"widget\" data-e-type=\"widget\" data-settings=\"{&quot;gallery_layout&quot;:&quot;masonry&quot;,&quot;columns&quot;:3,&quot;lazyload&quot;:&quot;yes&quot;,&quot;columns_tablet&quot;:2,&quot;columns_mobile&quot;:1,&quot;gap&quot;:{&quot;unit&quot;:&quot;px&quot;,&quot;size&quot;:10,&quot;sizes&quot;:[]},&quot;gap_tablet&quot;:{&quot;unit&quot;:&quot;px&quot;,&quot;size&quot;:10,&quot;sizes&quot;:[]},&quot;gap_mobile&quot;:{&quot;unit&quot;:&quot;px&quot;,&quot;size&quot;:10,&quot;sizes&quot;:[]},&quot;link_to&quot;:&quot;file&quot;,&quot;overlay_background&quot;:&quot;yes&quot;,&quot;content_hover_animation&quot;:&quot;fade-in&quot;}\" data-widget_type=\"gallery.default\">\r\n\t\t\t\t<div class=\"elementor-widget-container\">\r\n\t\t\t\t\t\t\t<div class=\"elementor-gallery__container\">\r\n\t\t\t\t\t\t\t<a class=\"e-gallery-item elementor-gallery-item elementor-animated-content\" href=\"https:\/\/novisad2022.rs\/wp-content\/uploads\/2022\/01\/V.Velickovic-December31-002-1.jpg\" data-elementor-open-lightbox=\"yes\" data-elementor-lightbox-slideshow=\"48abfa1\" data-elementor-lightbox-title=\"V.Velickovic December31 002\" data-e-action-hash=\"#elementor-action%3Aaction%3Dlightbox%26settings%3DeyJpZCI6MTc1MzgsInVybCI6Imh0dHBzOlwvXC9ub3Zpc2FkMjAyMi5yc1wvd3AtY29udGVudFwvdXBsb2Fkc1wvMjAyMlwvMDFcL1YuVmVsaWNrb3ZpYy1EZWNlbWJlcjMxLTAwMi0xLmpwZyIsInNsaWRlc2hvdyI6IjQ4YWJmYTEifQ%3D%3D\">\r\n\t\t\t\t\t<div class=\"e-gallery-image elementor-gallery-item__image\" data-thumbnail=\"https:\/\/novisad2022.rs\/wp-content\/uploads\/2022\/01\/V.Velickovic-December31-002-1-300x200.jpg\" data-width=\"300\" data-height=\"200\" aria-label=\"\" role=\"img\" ><\/div>\r\n\t\t\t\t\t\t\t\t\t\t\t<div class=\"elementor-gallery-item__overlay\"><\/div>\r\n\t\t\t\t\t\t\t\t\t\t\t\t\t\t<\/a>\r\n\t\t\t\t\t\t\t<a class=\"e-gallery-item elementor-gallery-item elementor-animated-content\" href=\"https:\/\/novisad2022.rs\/wp-content\/uploads\/2022\/01\/V.Velickovic-December31-008-1.jpg\" data-elementor-open-lightbox=\"yes\" data-elementor-lightbox-slideshow=\"48abfa1\" data-elementor-lightbox-title=\"V.Velickovic December31 008\" data-e-action-hash=\"#elementor-action%3Aaction%3Dlightbox%26settings%3DeyJpZCI6MTc1MzksInVybCI6Imh0dHBzOlwvXC9ub3Zpc2FkMjAyMi5yc1wvd3AtY29udGVudFwvdXBsb2Fkc1wvMjAyMlwvMDFcL1YuVmVsaWNrb3ZpYy1EZWNlbWJlcjMxLTAwOC0xLmpwZyIsInNsaWRlc2hvdyI6IjQ4YWJmYTEifQ%3D%3D\">\r\n\t\t\t\t\t<div class=\"e-gallery-image elementor-gallery-item__image\" data-thumbnail=\"https:\/\/novisad2022.rs\/wp-content\/uploads\/2022\/01\/V.Velickovic-December31-008-1-300x200.jpg\" data-width=\"300\" data-height=\"200\" aria-label=\"\" role=\"img\" ><\/div>\r\n\t\t\t\t\t\t\t\t\t\t\t<div class=\"elementor-gallery-item__overlay\"><\/div>\r\n\t\t\t\t\t\t\t\t\t\t\t\t\t\t<\/a>\r\n\t\t\t\t\t\t\t<a class=\"e-gallery-item elementor-gallery-item elementor-animated-content\" href=\"https:\/\/novisad2022.rs\/wp-content\/uploads\/2022\/01\/V.Velickovic-December31-011-1.jpg\" data-elementor-open-lightbox=\"yes\" data-elementor-lightbox-slideshow=\"48abfa1\" data-elementor-lightbox-title=\"V.Velickovic December31 011\" data-e-action-hash=\"#elementor-action%3Aaction%3Dlightbox%26settings%3DeyJpZCI6MTc1NDEsInVybCI6Imh0dHBzOlwvXC9ub3Zpc2FkMjAyMi5yc1wvd3AtY29udGVudFwvdXBsb2Fkc1wvMjAyMlwvMDFcL1YuVmVsaWNrb3ZpYy1EZWNlbWJlcjMxLTAxMS0xLmpwZyIsInNsaWRlc2hvdyI6IjQ4YWJmYTEifQ%3D%3D\">\r\n\t\t\t\t\t<div class=\"e-gallery-image elementor-gallery-item__image\" data-thumbnail=\"https:\/\/novisad2022.rs\/wp-content\/uploads\/2022\/01\/V.Velickovic-December31-011-1-300x200.jpg\" data-width=\"300\" data-height=\"200\" aria-label=\"\" role=\"img\" ><\/div>\r\n\t\t\t\t\t\t\t\t\t\t\t<div class=\"elementor-gallery-item__overlay\"><\/div>\r\n\t\t\t\t\t\t\t\t\t\t\t\t\t\t<\/a>\r\n\t\t\t\t\t\t\t<a class=\"e-gallery-item elementor-gallery-item elementor-animated-content\" href=\"https:\/\/novisad2022.rs\/wp-content\/uploads\/2022\/01\/V.Velickovic-December31-010-1.jpg\" data-elementor-open-lightbox=\"yes\" data-elementor-lightbox-slideshow=\"48abfa1\" data-elementor-lightbox-title=\"V.Velickovic December31 010\" data-e-action-hash=\"#elementor-action%3Aaction%3Dlightbox%26settings%3DeyJpZCI6MTc1NDAsInVybCI6Imh0dHBzOlwvXC9ub3Zpc2FkMjAyMi5yc1wvd3AtY29udGVudFwvdXBsb2Fkc1wvMjAyMlwvMDFcL1YuVmVsaWNrb3ZpYy1EZWNlbWJlcjMxLTAxMC0xLmpwZyIsInNsaWRlc2hvdyI6IjQ4YWJmYTEifQ%3D%3D\">\r\n\t\t\t\t\t<div class=\"e-gallery-image elementor-gallery-item__image\" data-thumbnail=\"https:\/\/novisad2022.rs\/wp-content\/uploads\/2022\/01\/V.Velickovic-December31-010-1-300x200.jpg\" data-width=\"300\" data-height=\"200\" aria-label=\"\" role=\"img\" ><\/div>\r\n\t\t\t\t\t\t\t\t\t\t\t<div class=\"elementor-gallery-item__overlay\"><\/div>\r\n\t\t\t\t\t\t\t\t\t\t\t\t\t\t<\/a>\r\n\t\t\t\t\t\t\t<a class=\"e-gallery-item elementor-gallery-item elementor-animated-content\" href=\"https:\/\/novisad2022.rs\/wp-content\/uploads\/2022\/01\/V.Velickovic-December31-012-1.jpg\" data-elementor-open-lightbox=\"yes\" data-elementor-lightbox-slideshow=\"48abfa1\" data-elementor-lightbox-title=\"V.Velickovic December31 012\" data-e-action-hash=\"#elementor-action%3Aaction%3Dlightbox%26settings%3DeyJpZCI6MTc1NDIsInVybCI6Imh0dHBzOlwvXC9ub3Zpc2FkMjAyMi5yc1wvd3AtY29udGVudFwvdXBsb2Fkc1wvMjAyMlwvMDFcL1YuVmVsaWNrb3ZpYy1EZWNlbWJlcjMxLTAxMi0xLmpwZyIsInNsaWRlc2hvdyI6IjQ4YWJmYTEifQ%3D%3D\">\r\n\t\t\t\t\t<div class=\"e-gallery-image elementor-gallery-item__image\" data-thumbnail=\"https:\/\/novisad2022.rs\/wp-content\/uploads\/2022\/01\/V.Velickovic-December31-012-1-300x200.jpg\" data-width=\"300\" data-height=\"200\" aria-label=\"\" role=\"img\" ><\/div>\r\n\t\t\t\t\t\t\t\t\t\t\t<div class=\"elementor-gallery-item__overlay\"><\/div>\r\n\t\t\t\t\t\t\t\t\t\t\t\t\t\t<\/a>\r\n\t\t\t\t\t\t\t<a class=\"e-gallery-item elementor-gallery-item elementor-animated-content\" href=\"https:\/\/novisad2022.rs\/wp-content\/uploads\/2022\/01\/V.Velickovic-December31-017-1.jpg\" data-elementor-open-lightbox=\"yes\" data-elementor-lightbox-slideshow=\"48abfa1\" data-elementor-lightbox-title=\"V.Velickovic December31 017\" data-e-action-hash=\"#elementor-action%3Aaction%3Dlightbox%26settings%3DeyJpZCI6MTc1MzcsInVybCI6Imh0dHBzOlwvXC9ub3Zpc2FkMjAyMi5yc1wvd3AtY29udGVudFwvdXBsb2Fkc1wvMjAyMlwvMDFcL1YuVmVsaWNrb3ZpYy1EZWNlbWJlcjMxLTAxNy0xLmpwZyIsInNsaWRlc2hvdyI6IjQ4YWJmYTEifQ%3D%3D\">\r\n\t\t\t\t\t<div class=\"e-gallery-image elementor-gallery-item__image\" data-thumbnail=\"https:\/\/novisad2022.rs\/wp-content\/uploads\/2022\/01\/V.Velickovic-December31-017-1-300x200.jpg\" data-width=\"300\" data-height=\"200\" aria-label=\"\" role=\"img\" ><\/div>\r\n\t\t\t\t\t\t\t\t\t\t\t<div class=\"elementor-gallery-item__overlay\"><\/div>\r\n\t\t\t\t\t\t\t\t\t\t\t\t\t\t<\/a>\r\n\t\t\t\t\t<\/div>\r\n\t\t\t\t\t<\/div>\r\n\t\t\t\t<\/div>\r\n\t\t\t\t\t<\/div>\r\n\t\t<\/div>\r\n\t\t\t\t\t<\/div>\r\n\t\t<\/section>\r\n\t\t\t\t<section class=\"elementor-section elementor-top-section elementor-element elementor-element-2e5a289 elementor-section-boxed elementor-section-height-default elementor-section-height-default\" data-id=\"2e5a289\" data-element_type=\"section\" data-e-type=\"section\">\r\n\t\t\t\t\t\t<div class=\"elementor-container elementor-column-gap-default\">\r\n\t\t\t\t\t<div class=\"elementor-column elementor-col-100 elementor-top-column elementor-element elementor-element-31ed717\" data-id=\"31ed717\" data-element_type=\"column\" data-e-type=\"column\">\r\n\t\t\t<div class=\"elementor-widget-wrap elementor-element-populated\">\r\n\t\t\t\t\t\t<div class=\"elementor-element elementor-element-86735f3 elementor-widget elementor-widget-text-editor\" data-id=\"86735f3\" data-element_type=\"widget\" data-e-type=\"widget\" data-widget_type=\"text-editor.default\">\r\n\t\t\t\t<div class=\"elementor-widget-container\">\r\n\t\t\t\t\t\t\t\t\t<p>The opening of the Tesla Light Gallery, an artistic and production endeavour, and the \u2018Light\u2019 performance, were a unique play of light, movement and sound through different audio-visual lighting technologies, including 3D projections, which was accomplished through connection between European, regional and local, renowned and young artists \u2013 <strong>Dr Alberto Novello, Ivan Maru\u0161i\u0107 Klif, Dr Petko Tan\u010dev, Dr Milica Stoj\u0161i\u0107, choreographer Sta\u0161a Kuki\u0107, composer Miroslav Novakov, Stage Design students, Nipplepeople, \u0110or\u0111e Miljenovi\u0107, Noise Destruction, Kanda Kod\u017ea i Neboj\u0161a, Elektro Guzzi, DJ Dark Angel.<\/strong><\/p>\t\t\t\t\t\t\t\t<\/div>\r\n\t\t\t\t<\/div>\r\n\t\t\t\t\t<\/div>\r\n\t\t<\/div>\r\n\t\t\t\t\t<\/div>\r\n\t\t<\/section>\r\n\t\t\t\t<section class=\"elementor-section elementor-top-section elementor-element elementor-element-82be45a elementor-section-boxed elementor-section-height-default elementor-section-height-default\" data-id=\"82be45a\" data-element_type=\"section\" data-e-type=\"section\">\r\n\t\t\t\t\t\t<div class=\"elementor-container elementor-column-gap-default\">\r\n\t\t\t\t\t<div class=\"elementor-column elementor-col-100 elementor-top-column elementor-element elementor-element-896976c\" data-id=\"896976c\" data-element_type=\"column\" data-e-type=\"column\">\r\n\t\t\t<div class=\"elementor-widget-wrap elementor-element-populated\">\r\n\t\t\t\t\t\t<div class=\"elementor-element elementor-element-e52617d elementor-widget elementor-widget-gallery\" data-id=\"e52617d\" data-element_type=\"widget\" data-e-type=\"widget\" data-settings=\"{&quot;gallery_layout&quot;:&quot;masonry&quot;,&quot;lazyload&quot;:&quot;yes&quot;,&quot;columns&quot;:4,&quot;columns_tablet&quot;:2,&quot;columns_mobile&quot;:1,&quot;gap&quot;:{&quot;unit&quot;:&quot;px&quot;,&quot;size&quot;:10,&quot;sizes&quot;:[]},&quot;gap_tablet&quot;:{&quot;unit&quot;:&quot;px&quot;,&quot;size&quot;:10,&quot;sizes&quot;:[]},&quot;gap_mobile&quot;:{&quot;unit&quot;:&quot;px&quot;,&quot;size&quot;:10,&quot;sizes&quot;:[]},&quot;link_to&quot;:&quot;file&quot;,&quot;overlay_background&quot;:&quot;yes&quot;,&quot;content_hover_animation&quot;:&quot;fade-in&quot;}\" data-widget_type=\"gallery.default\">\r\n\t\t\t\t<div class=\"elementor-widget-container\">\r\n\t\t\t\t\t\t\t<div class=\"elementor-gallery__container\">\r\n\t\t\t\t\t\t\t<a class=\"e-gallery-item elementor-gallery-item elementor-animated-content\" href=\"https:\/\/novisad2022.rs\/wp-content\/uploads\/2022\/01\/V.Velickovic-January01-053.jpg\" data-elementor-open-lightbox=\"yes\" data-elementor-lightbox-slideshow=\"e52617d\" data-elementor-lightbox-title=\"V.Velickovic January01 053\" data-e-action-hash=\"#elementor-action%3Aaction%3Dlightbox%26settings%3DeyJpZCI6MTc1NDMsInVybCI6Imh0dHBzOlwvXC9ub3Zpc2FkMjAyMi5yc1wvd3AtY29udGVudFwvdXBsb2Fkc1wvMjAyMlwvMDFcL1YuVmVsaWNrb3ZpYy1KYW51YXJ5MDEtMDUzLmpwZyIsInNsaWRlc2hvdyI6ImU1MjYxN2QifQ%3D%3D\">\r\n\t\t\t\t\t<div class=\"e-gallery-image elementor-gallery-item__image\" data-thumbnail=\"https:\/\/novisad2022.rs\/wp-content\/uploads\/2022\/01\/V.Velickovic-January01-053-300x200.jpg\" data-width=\"300\" data-height=\"200\" aria-label=\"\" role=\"img\" ><\/div>\r\n\t\t\t\t\t\t\t\t\t\t\t<div class=\"elementor-gallery-item__overlay\"><\/div>\r\n\t\t\t\t\t\t\t\t\t\t\t\t\t\t<\/a>\r\n\t\t\t\t\t\t\t<a class=\"e-gallery-item elementor-gallery-item elementor-animated-content\" href=\"https:\/\/novisad2022.rs\/wp-content\/uploads\/2022\/01\/V.Velickovic-January01-069.jpg\" data-elementor-open-lightbox=\"yes\" data-elementor-lightbox-slideshow=\"e52617d\" data-elementor-lightbox-title=\"V.Velickovic January01 069\" data-e-action-hash=\"#elementor-action%3Aaction%3Dlightbox%26settings%3DeyJpZCI6MTc1NDQsInVybCI6Imh0dHBzOlwvXC9ub3Zpc2FkMjAyMi5yc1wvd3AtY29udGVudFwvdXBsb2Fkc1wvMjAyMlwvMDFcL1YuVmVsaWNrb3ZpYy1KYW51YXJ5MDEtMDY5LmpwZyIsInNsaWRlc2hvdyI6ImU1MjYxN2QifQ%3D%3D\">\r\n\t\t\t\t\t<div class=\"e-gallery-image elementor-gallery-item__image\" data-thumbnail=\"https:\/\/novisad2022.rs\/wp-content\/uploads\/2022\/01\/V.Velickovic-January01-069-300x200.jpg\" data-width=\"300\" data-height=\"200\" aria-label=\"\" role=\"img\" ><\/div>\r\n\t\t\t\t\t\t\t\t\t\t\t<div class=\"elementor-gallery-item__overlay\"><\/div>\r\n\t\t\t\t\t\t\t\t\t\t\t\t\t\t<\/a>\r\n\t\t\t\t\t\t\t<a class=\"e-gallery-item elementor-gallery-item elementor-animated-content\" href=\"https:\/\/novisad2022.rs\/wp-content\/uploads\/2022\/01\/V.Velickovic-December31-046.jpg\" data-elementor-open-lightbox=\"yes\" data-elementor-lightbox-slideshow=\"e52617d\" data-elementor-lightbox-title=\"V.Velickovic December31 046\" data-e-action-hash=\"#elementor-action%3Aaction%3Dlightbox%26settings%3DeyJpZCI6MTc1NDUsInVybCI6Imh0dHBzOlwvXC9ub3Zpc2FkMjAyMi5yc1wvd3AtY29udGVudFwvdXBsb2Fkc1wvMjAyMlwvMDFcL1YuVmVsaWNrb3ZpYy1EZWNlbWJlcjMxLTA0Ni5qcGciLCJzbGlkZXNob3ciOiJlNTI2MTdkIn0%3D\">\r\n\t\t\t\t\t<div class=\"e-gallery-image elementor-gallery-item__image\" data-thumbnail=\"https:\/\/novisad2022.rs\/wp-content\/uploads\/2022\/01\/V.Velickovic-December31-046-300x200.jpg\" data-width=\"300\" data-height=\"200\" aria-label=\"\" role=\"img\" ><\/div>\r\n\t\t\t\t\t\t\t\t\t\t\t<div class=\"elementor-gallery-item__overlay\"><\/div>\r\n\t\t\t\t\t\t\t\t\t\t\t\t\t\t<\/a>\r\n\t\t\t\t\t\t\t<a class=\"e-gallery-item elementor-gallery-item elementor-animated-content\" href=\"https:\/\/novisad2022.rs\/wp-content\/uploads\/2022\/01\/V.Velickovic-December31-049.jpg\" data-elementor-open-lightbox=\"yes\" data-elementor-lightbox-slideshow=\"e52617d\" data-elementor-lightbox-title=\"V.Velickovic December31 049\" data-e-action-hash=\"#elementor-action%3Aaction%3Dlightbox%26settings%3DeyJpZCI6MTc1NDYsInVybCI6Imh0dHBzOlwvXC9ub3Zpc2FkMjAyMi5yc1wvd3AtY29udGVudFwvdXBsb2Fkc1wvMjAyMlwvMDFcL1YuVmVsaWNrb3ZpYy1EZWNlbWJlcjMxLTA0OS5qcGciLCJzbGlkZXNob3ciOiJlNTI2MTdkIn0%3D\">\r\n\t\t\t\t\t<div class=\"e-gallery-image elementor-gallery-item__image\" data-thumbnail=\"https:\/\/novisad2022.rs\/wp-content\/uploads\/2022\/01\/V.Velickovic-December31-049-300x200.jpg\" data-width=\"300\" data-height=\"200\" aria-label=\"\" role=\"img\" ><\/div>\r\n\t\t\t\t\t\t\t\t\t\t\t<div class=\"elementor-gallery-item__overlay\"><\/div>\r\n\t\t\t\t\t\t\t\t\t\t\t\t\t\t<\/a>\r\n\t\t\t\t\t\t\t<a class=\"e-gallery-item elementor-gallery-item elementor-animated-content\" href=\"https:\/\/novisad2022.rs\/wp-content\/uploads\/2022\/01\/V.Velickovic-December31-061.jpg\" data-elementor-open-lightbox=\"yes\" data-elementor-lightbox-slideshow=\"e52617d\" data-elementor-lightbox-title=\"V.Velickovic December31 061\" data-e-action-hash=\"#elementor-action%3Aaction%3Dlightbox%26settings%3DeyJpZCI6MTc1NDcsInVybCI6Imh0dHBzOlwvXC9ub3Zpc2FkMjAyMi5yc1wvd3AtY29udGVudFwvdXBsb2Fkc1wvMjAyMlwvMDFcL1YuVmVsaWNrb3ZpYy1EZWNlbWJlcjMxLTA2MS5qcGciLCJzbGlkZXNob3ciOiJlNTI2MTdkIn0%3D\">\r\n\t\t\t\t\t<div class=\"e-gallery-image elementor-gallery-item__image\" data-thumbnail=\"https:\/\/novisad2022.rs\/wp-content\/uploads\/2022\/01\/V.Velickovic-December31-061-300x200.jpg\" data-width=\"300\" data-height=\"200\" aria-label=\"\" role=\"img\" ><\/div>\r\n\t\t\t\t\t\t\t\t\t\t\t<div class=\"elementor-gallery-item__overlay\"><\/div>\r\n\t\t\t\t\t\t\t\t\t\t\t\t\t\t<\/a>\r\n\t\t\t\t\t\t\t<a class=\"e-gallery-item elementor-gallery-item elementor-animated-content\" href=\"https:\/\/novisad2022.rs\/wp-content\/uploads\/2022\/01\/V.Velickovic-January01-051.jpg\" data-elementor-open-lightbox=\"yes\" data-elementor-lightbox-slideshow=\"e52617d\" data-elementor-lightbox-title=\"V.Velickovic January01 051\" data-e-action-hash=\"#elementor-action%3Aaction%3Dlightbox%26settings%3DeyJpZCI6MTc1NDgsInVybCI6Imh0dHBzOlwvXC9ub3Zpc2FkMjAyMi5yc1wvd3AtY29udGVudFwvdXBsb2Fkc1wvMjAyMlwvMDFcL1YuVmVsaWNrb3ZpYy1KYW51YXJ5MDEtMDUxLmpwZyIsInNsaWRlc2hvdyI6ImU1MjYxN2QifQ%3D%3D\">\r\n\t\t\t\t\t<div class=\"e-gallery-image elementor-gallery-item__image\" data-thumbnail=\"https:\/\/novisad2022.rs\/wp-content\/uploads\/2022\/01\/V.Velickovic-January01-051-300x200.jpg\" data-width=\"300\" data-height=\"200\" aria-label=\"\" role=\"img\" ><\/div>\r\n\t\t\t\t\t\t\t\t\t\t\t<div class=\"elementor-gallery-item__overlay\"><\/div>\r\n\t\t\t\t\t\t\t\t\t\t\t\t\t\t<\/a>\r\n\t\t\t\t\t\t\t<a class=\"e-gallery-item elementor-gallery-item elementor-animated-content\" href=\"https:\/\/novisad2022.rs\/wp-content\/uploads\/2022\/01\/V.Velickovic-December31-034.jpg\" data-elementor-open-lightbox=\"yes\" data-elementor-lightbox-slideshow=\"e52617d\" data-elementor-lightbox-title=\"V.Velickovic December31 034\" data-e-action-hash=\"#elementor-action%3Aaction%3Dlightbox%26settings%3DeyJpZCI6MTc1NDksInVybCI6Imh0dHBzOlwvXC9ub3Zpc2FkMjAyMi5yc1wvd3AtY29udGVudFwvdXBsb2Fkc1wvMjAyMlwvMDFcL1YuVmVsaWNrb3ZpYy1EZWNlbWJlcjMxLTAzNC5qcGciLCJzbGlkZXNob3ciOiJlNTI2MTdkIn0%3D\">\r\n\t\t\t\t\t<div class=\"e-gallery-image elementor-gallery-item__image\" data-thumbnail=\"https:\/\/novisad2022.rs\/wp-content\/uploads\/2022\/01\/V.Velickovic-December31-034-300x200.jpg\" data-width=\"300\" data-height=\"200\" aria-label=\"\" role=\"img\" ><\/div>\r\n\t\t\t\t\t\t\t\t\t\t\t<div class=\"elementor-gallery-item__overlay\"><\/div>\r\n\t\t\t\t\t\t\t\t\t\t\t\t\t\t<\/a>\r\n\t\t\t\t\t\t\t<a class=\"e-gallery-item elementor-gallery-item elementor-animated-content\" href=\"https:\/\/novisad2022.rs\/wp-content\/uploads\/2022\/01\/V.Velickovic-December31-027.jpg\" data-elementor-open-lightbox=\"yes\" data-elementor-lightbox-slideshow=\"e52617d\" data-elementor-lightbox-title=\"V.Velickovic December31 027\" data-e-action-hash=\"#elementor-action%3Aaction%3Dlightbox%26settings%3DeyJpZCI6MTc1NTAsInVybCI6Imh0dHBzOlwvXC9ub3Zpc2FkMjAyMi5yc1wvd3AtY29udGVudFwvdXBsb2Fkc1wvMjAyMlwvMDFcL1YuVmVsaWNrb3ZpYy1EZWNlbWJlcjMxLTAyNy5qcGciLCJzbGlkZXNob3ciOiJlNTI2MTdkIn0%3D\">\r\n\t\t\t\t\t<div class=\"e-gallery-image elementor-gallery-item__image\" data-thumbnail=\"https:\/\/novisad2022.rs\/wp-content\/uploads\/2022\/01\/V.Velickovic-December31-027-300x200.jpg\" data-width=\"300\" data-height=\"200\" aria-label=\"\" role=\"img\" ><\/div>\r\n\t\t\t\t\t\t\t\t\t\t\t<div class=\"elementor-gallery-item__overlay\"><\/div>\r\n\t\t\t\t\t\t\t\t\t\t\t\t\t\t<\/a>\r\n\t\t\t\t\t<\/div>\r\n\t\t\t\t\t<\/div>\r\n\t\t\t\t<\/div>\r\n\t\t\t\t\t<\/div>\r\n\t\t<\/div>\r\n\t\t\t\t\t<\/div>\r\n\t\t<\/section>\r\n\t\t\t\t<section class=\"elementor-section elementor-top-section elementor-element elementor-element-2f852ba elementor-section-boxed elementor-section-height-default elementor-section-height-default\" data-id=\"2f852ba\" data-element_type=\"section\" data-e-type=\"section\">\r\n\t\t\t\t\t\t<div class=\"elementor-container elementor-column-gap-default\">\r\n\t\t\t\t\t<div class=\"elementor-column elementor-col-100 elementor-top-column elementor-element elementor-element-7ec77cc\" data-id=\"7ec77cc\" data-element_type=\"column\" data-e-type=\"column\">\r\n\t\t\t<div class=\"elementor-widget-wrap elementor-element-populated\">\r\n\t\t\t\t\t\t<div class=\"elementor-element elementor-element-4650dc2 elementor-widget elementor-widget-text-editor\" data-id=\"4650dc2\" data-element_type=\"widget\" data-e-type=\"widget\" data-widget_type=\"text-editor.default\">\r\n\t\t\t\t<div class=\"elementor-widget-container\">\r\n\t\t\t\t\t\t\t\t\t<h4><strong>The Tesla Light Gallery remains open today<\/strong><\/h4><p><strong>Dr Alberto Novello and Ivan Maru\u0161i\u0107 Klif<\/strong>, will join their forces on the first day in 2022<strong> at 5 p.m.<\/strong> <strong>when the Petrovaradin Fortress will become the canvas on they will paint with light beams and lasers forming the unusual digital projection for the audience<\/strong> that will have a chance to enjoy the view from the Quay, near the Monument to the Victims of the Raid. Their artistic work will <strong>include the audience<\/strong> that will have a chance to control lasers to experience how it looks like to draw with lights on the Petrovaradin Fortress.<\/p><p>Tonight, the Suburbium of the Petrovaradin Fortress will be the place where a special audio-visual event will take place, so we will dive into the striking combination of music genres by <strong>Minilinija<\/strong>, a great synergy of the members of well-known Belgrade bands, at the stage near <strong>the Belgrade Gate at 9 p.m.<\/strong>, while Austrian electro duo <strong>Kruder &amp; Dorfmeister will take the stage at 11 p.m<\/strong>.<\/p><p>\u2018The performance at specific locations has always been part of the K&amp;D concept. In the last few years, we carefully chose the places where we perform \u2013 exceptional places combined with good music \u2013 perfect combination. This also deepens the audience\u2019s experience, and you simply feel different when performing at a historical place. It is amazing to start the new year with selected K&amp;D sounds in the new European Capital of Culture\u2019, said the Austrian duo before their performance tonight. The performance has been supported by the Austrian Cultural Forum.<\/p><p><strong>The entrance is free of charge<\/strong> and visitors to the Suburbium will be provided with stands with drinks and food by Novi Sad caterers, and mobile toilets.<\/p><p>Partner of the Tesla Light Gallery is the <a href=\"https:\/\/www.nis.rs\/\">NIS company.<\/a><\/p><p>We remind that the traffic encompassing the Rainbow Bridge and part of the Mihajlo Pupin Boulevard will return to normal today, after 5 p.m., while the traffic in Suburbium will be temporarily stopped until 2 January at 8 p.m.<\/p><h4><strong>The opening ceremony of the European Capital of Culture on 13 January<\/strong><\/h4><p>The official start of the title year of the European Capital of Culture in Novi Sad will take place on 13 January, when the opening ceremony \u2018Zeniteum :: 2022\u2019, directed by Slovenian avant-garde director Dragan \u017divadinov, will be held on the main city boulevard, in front of Banovina. The programme will also feature the \u2018Time and Universe\u2019 exhibition by Du\u0161an Jovovi\u0107, artist and PhD, and Aleksandar Petrovi\u0107, PhD, in the studio \u2018M\u2019 and concerts by European, regional and local artists at more than 40 locations across the city. Programmes within Do\u010dek will also take place on 12, 14 and 15 January.<\/p><p>You can find more information about Do\u010del on the <a href=\"https:\/\/docekns.rs\/program\/\">official website of Do\u010dek<\/a>.<\/p><p>Happy New Year, thank you!<\/p><p><em>Photo: Vladimir Veli\u010dkovi\u0107, Marko Pudi\u0107<\/em><\/p>\t\t\t\t\t\t\t\t<\/div>\r\n\t\t\t\t<\/div>\r\n\t\t\t\t\t<\/div>\r\n\t\t<\/div>\r\n\t\t\t\t\t<\/div>\r\n\t\t<\/section>\r\n\t\t\t\t<\/div>","protected":false},"excerpt":{"rendered":"<p>Novi Sad officially entered the title year of the European Capital of Culture with the programme inspired by Nikola Tesla, the first honorary citizen of the city, and the Serbian Athens will be the centre of European cultural life in the following 365 days. https:\/\/www.youtube.com\/watch?v=dkMcH0uiYrs Last night, citizens of Novi Sad and its guests illuminated [&hellip;]<\/p>\n","protected":false},"author":8,"featured_media":17557,"comment_status":"open","ping_status":"open","sticky":false,"template":"","format":"standard","meta":{"site-sidebar-layout":"default","site-content-layout":"default","ast-site-content-layout":"default","site-content-style":"default","site-sidebar-style":"default","ast-global-header-display":"","ast-banner-title-visibility":"","ast-main-header-display":"","ast-hfb-above-header-display":"","ast-hfb-below-header-display":"","ast-hfb-mobile-header-display":"","site-post-title":"","ast-breadcrumbs-content":"","ast-featured-img":"","footer-sml-layout":"","ast-disable-related-posts":"","theme-transparent-header-meta":"default","adv-header-id-meta":"","stick-header-meta":"","header-above-stick-meta":"","header-main-stick-meta":"","header-below-stick-meta":"","astra-migrate-meta-layouts":"default","ast-page-background-enabled":"default","ast-page-background-meta":{"desktop":{"background-color":"","background-image":"","background-repeat":"repeat","background-position":"center center","background-size":"auto","background-attachment":"scroll","background-type":"","background-media":"","overlay-type":"","overlay-color":"","overlay-opacity":"","overlay-gradient":""},"tablet":{"background-color":"","background-image":"","background-repeat":"repeat","background-position":"center center","background-size":"auto","background-attachment":"scroll","background-type":"","background-media":"","overlay-type":"","overlay-color":"","overlay-opacity":"","overlay-gradient":""},"mobile":{"background-color":"","background-image":"","background-repeat":"repeat","background-position":"center center","background-size":"auto","background-attachment":"scroll","background-type":"","background-media":"","overlay-type":"","overlay-color":"","overlay-opacity":"","overlay-gradient":""}},"ast-content-background-meta":{"desktop":{"background-color":"var(--ast-global-color-5)","background-image":"","background-repeat":"repeat","background-position":"center center","background-size":"auto","background-attachment":"scroll","background-type":"","background-media":"","overlay-type":"","overlay-color":"","overlay-opacity":"","overlay-gradient":""},"tablet":{"background-color":"var(--ast-global-color-5)","background-image":"","background-repeat":"repeat","background-position":"center center","background-size":"auto","background-attachment":"scroll","background-type":"","background-media":"","overlay-type":"","overlay-color":"","overlay-opacity":"","overlay-gradient":""},"mobile":{"background-color":"var(--ast-global-color-5)","background-image":"","background-repeat":"repeat","background-position":"center center","background-size":"auto","background-attachment":"scroll","background-type":"","background-media":"","overlay-type":"","overlay-color":"","overlay-opacity":"","overlay-gradient":""}},"footnotes":""},"categories":[70],"tags":[2395,1769,2393],"class_list":["post-17606","post","type-post","status-publish","format-standard","has-post-thumbnail","hentry","category-news","tag-docek-2022-en","tag-novi-sad-en","tag-novi-sad-european-capital-of-culture-en"],"yoast_head":"<!-- This site is optimized with the Yoast SEO plugin v27.0 - https:\/\/yoast.com\/product\/yoast-seo-wordpress\/ -->\n<title>Novi Sad Entered the Title Year of the European Capital of Culture<\/title>\n<meta name=\"description\" content=\"Novi Sad officially entered the title year of the European Capital of Culture with the programme inspired by Nikola Tesla.\" \/>\n<meta name=\"robots\" content=\"index, follow, max-snippet:-1, max-image-preview:large, max-video-preview:-1\" \/>\n<link rel=\"canonical\" href=\"https:\/\/novisad2022.rs\/en\/novi-sad-entered-the-title-year-of-the-european-capital-of-culture\/\" \/>\n<meta property=\"og:locale\" content=\"en_US\" \/>\n<meta property=\"og:type\" content=\"article\" \/>\n<meta property=\"og:title\" content=\"Novi Sad Entered the Title Year of the European Capital of Culture\" \/>\n<meta property=\"og:description\" content=\"Novi Sad officially entered the title year of the European Capital of Culture with the programme inspired by Nikola Tesla.\" \/>\n<meta property=\"og:url\" content=\"https:\/\/novisad2022.rs\/en\/novi-sad-entered-the-title-year-of-the-european-capital-of-culture\/\" \/>\n<meta property=\"og:site_name\" content=\"Novi Sad 2022\" \/>\n<meta property=\"article:published_time\" content=\"2022-01-04T10:14:39+00:00\" \/>\n<meta property=\"article:modified_time\" content=\"2022-01-04T10:22:24+00:00\" \/>\n<meta property=\"og:image\" content=\"https:\/\/novisad2022.rs\/wp-content\/uploads\/2022\/01\/MPU_1956w.jpg\" \/>\n\t<meta property=\"og:image:width\" content=\"1773\" \/>\n\t<meta property=\"og:image:height\" content=\"1182\" \/>\n\t<meta property=\"og:image:type\" content=\"image\/jpeg\" \/>\n<meta name=\"author\" content=\"Jasmina\" \/>\n<meta name=\"twitter:card\" content=\"summary_large_image\" \/>\n<meta name=\"twitter:label1\" content=\"Written by\" \/>\n\t<meta name=\"twitter:data1\" content=\"Jasmina\" \/>\n\t<meta name=\"twitter:label2\" content=\"Est. reading time\" \/>\n\t<meta name=\"twitter:data2\" content=\"4 minutes\" \/>\n<script type=\"application\/ld+json\" class=\"yoast-schema-graph\">{\"@context\":\"https:\/\/schema.org\",\"@graph\":[{\"@type\":\"Article\",\"@id\":\"https:\/\/novisad2022.rs\/en\/novi-sad-entered-the-title-year-of-the-european-capital-of-culture\/#article\",\"isPartOf\":{\"@id\":\"https:\/\/novisad2022.rs\/en\/novi-sad-entered-the-title-year-of-the-european-capital-of-culture\/\"},\"author\":{\"name\":\"Jasmina\",\"@id\":\"https:\/\/novisad2022.rs\/en\/#\/schema\/person\/ac5cc999e141a0cc6699aee7c62e6a77\"},\"headline\":\"Novi Sad Entered the Title Year of the European Capital of Culture\",\"datePublished\":\"2022-01-04T10:14:39+00:00\",\"dateModified\":\"2022-01-04T10:22:24+00:00\",\"mainEntityOfPage\":{\"@id\":\"https:\/\/novisad2022.rs\/en\/novi-sad-entered-the-title-year-of-the-european-capital-of-culture\/\"},\"wordCount\":732,\"commentCount\":0,\"image\":{\"@id\":\"https:\/\/novisad2022.rs\/en\/novi-sad-entered-the-title-year-of-the-european-capital-of-culture\/#primaryimage\"},\"thumbnailUrl\":\"https:\/\/novisad2022.rs\/wp-content\/uploads\/2022\/01\/MPU_1956w.jpg\",\"keywords\":[\"do\u010dek 2022\",\"novi sad\",\"Novi Sad \u2013 European Capital of Culture\"],\"articleSection\":[\"News\"],\"inLanguage\":\"en-US\",\"potentialAction\":[{\"@type\":\"CommentAction\",\"name\":\"Comment\",\"target\":[\"https:\/\/novisad2022.rs\/en\/novi-sad-entered-the-title-year-of-the-european-capital-of-culture\/#respond\"]}]},{\"@type\":\"WebPage\",\"@id\":\"https:\/\/novisad2022.rs\/en\/novi-sad-entered-the-title-year-of-the-european-capital-of-culture\/\",\"url\":\"https:\/\/novisad2022.rs\/en\/novi-sad-entered-the-title-year-of-the-european-capital-of-culture\/\",\"name\":\"Novi Sad Entered the Title Year of the European Capital of Culture\",\"isPartOf\":{\"@id\":\"https:\/\/novisad2022.rs\/en\/#website\"},\"primaryImageOfPage\":{\"@id\":\"https:\/\/novisad2022.rs\/en\/novi-sad-entered-the-title-year-of-the-european-capital-of-culture\/#primaryimage\"},\"image\":{\"@id\":\"https:\/\/novisad2022.rs\/en\/novi-sad-entered-the-title-year-of-the-european-capital-of-culture\/#primaryimage\"},\"thumbnailUrl\":\"https:\/\/novisad2022.rs\/wp-content\/uploads\/2022\/01\/MPU_1956w.jpg\",\"datePublished\":\"2022-01-04T10:14:39+00:00\",\"dateModified\":\"2022-01-04T10:22:24+00:00\",\"author\":{\"@id\":\"https:\/\/novisad2022.rs\/en\/#\/schema\/person\/ac5cc999e141a0cc6699aee7c62e6a77\"},\"description\":\"Novi Sad officially entered the title year of the European Capital of Culture with the programme inspired by Nikola Tesla.\",\"breadcrumb\":{\"@id\":\"https:\/\/novisad2022.rs\/en\/novi-sad-entered-the-title-year-of-the-european-capital-of-culture\/#breadcrumb\"},\"inLanguage\":\"en-US\",\"potentialAction\":[{\"@type\":\"ReadAction\",\"target\":[\"https:\/\/novisad2022.rs\/en\/novi-sad-entered-the-title-year-of-the-european-capital-of-culture\/\"]}]},{\"@type\":\"ImageObject\",\"inLanguage\":\"en-US\",\"@id\":\"https:\/\/novisad2022.rs\/en\/novi-sad-entered-the-title-year-of-the-european-capital-of-culture\/#primaryimage\",\"url\":\"https:\/\/novisad2022.rs\/wp-content\/uploads\/2022\/01\/MPU_1956w.jpg\",\"contentUrl\":\"https:\/\/novisad2022.rs\/wp-content\/uploads\/2022\/01\/MPU_1956w.jpg\",\"width\":1773,\"height\":1182,\"caption\":\"\u043d\u043e\u0432\u0438 \u0441\u0430\u0434\"},{\"@type\":\"BreadcrumbList\",\"@id\":\"https:\/\/novisad2022.rs\/en\/novi-sad-entered-the-title-year-of-the-european-capital-of-culture\/#breadcrumb\",\"itemListElement\":[{\"@type\":\"ListItem\",\"position\":1,\"name\":\"\u041f\u043e\u0447\u0435\u0442\u043d\u0430\",\"item\":\"https:\/\/novisad2022.rs\/en\/home-page\/\"},{\"@type\":\"ListItem\",\"position\":2,\"name\":\"Novi Sad Entered the Title Year of the European Capital of Culture\"}]},{\"@type\":\"WebSite\",\"@id\":\"https:\/\/novisad2022.rs\/en\/#website\",\"url\":\"https:\/\/novisad2022.rs\/en\/\",\"name\":\"Novi Sad 2022\",\"description\":\"European Capital of Culture\",\"potentialAction\":[{\"@type\":\"SearchAction\",\"target\":{\"@type\":\"EntryPoint\",\"urlTemplate\":\"https:\/\/novisad2022.rs\/en\/?s={search_term_string}\"},\"query-input\":{\"@type\":\"PropertyValueSpecification\",\"valueRequired\":true,\"valueName\":\"search_term_string\"}}],\"inLanguage\":\"en-US\"},{\"@type\":\"Person\",\"@id\":\"https:\/\/novisad2022.rs\/en\/#\/schema\/person\/ac5cc999e141a0cc6699aee7c62e6a77\",\"name\":\"Jasmina\",\"image\":{\"@type\":\"ImageObject\",\"inLanguage\":\"en-US\",\"@id\":\"https:\/\/novisad2022.rs\/en\/#\/schema\/person\/image\/\",\"url\":\"https:\/\/secure.gravatar.com\/avatar\/1e299e2f3bd9f7617d41a61a43fc086c80151f6f5c6fa7873322cb5d18af2492?s=96&d=mm&r=g\",\"contentUrl\":\"https:\/\/secure.gravatar.com\/avatar\/1e299e2f3bd9f7617d41a61a43fc086c80151f6f5c6fa7873322cb5d18af2492?s=96&d=mm&r=g\",\"caption\":\"Jasmina\"}}]}<\/script>\n<!-- \/ Yoast SEO plugin. -->","yoast_head_json":{"title":"Novi Sad Entered the Title Year of the European Capital of Culture","description":"Novi Sad officially entered the title year of the European Capital of Culture with the programme inspired by Nikola Tesla.","robots":{"index":"index","follow":"follow","max-snippet":"max-snippet:-1","max-image-preview":"max-image-preview:large","max-video-preview":"max-video-preview:-1"},"canonical":"https:\/\/novisad2022.rs\/en\/novi-sad-entered-the-title-year-of-the-european-capital-of-culture\/","og_locale":"en_US","og_type":"article","og_title":"Novi Sad Entered the Title Year of the European Capital of Culture","og_description":"Novi Sad officially entered the title year of the European Capital of Culture with the programme inspired by Nikola Tesla.","og_url":"https:\/\/novisad2022.rs\/en\/novi-sad-entered-the-title-year-of-the-european-capital-of-culture\/","og_site_name":"Novi Sad 2022","article_published_time":"2022-01-04T10:14:39+00:00","article_modified_time":"2022-01-04T10:22:24+00:00","og_image":[{"width":1773,"height":1182,"url":"https:\/\/novisad2022.rs\/wp-content\/uploads\/2022\/01\/MPU_1956w.jpg","type":"image\/jpeg"}],"author":"Jasmina","twitter_card":"summary_large_image","twitter_misc":{"Written by":"Jasmina","Est. reading time":"4 minutes"},"schema":{"@context":"https:\/\/schema.org","@graph":[{"@type":"Article","@id":"https:\/\/novisad2022.rs\/en\/novi-sad-entered-the-title-year-of-the-european-capital-of-culture\/#article","isPartOf":{"@id":"https:\/\/novisad2022.rs\/en\/novi-sad-entered-the-title-year-of-the-european-capital-of-culture\/"},"author":{"name":"Jasmina","@id":"https:\/\/novisad2022.rs\/en\/#\/schema\/person\/ac5cc999e141a0cc6699aee7c62e6a77"},"headline":"Novi Sad Entered the Title Year of the European Capital of Culture","datePublished":"2022-01-04T10:14:39+00:00","dateModified":"2022-01-04T10:22:24+00:00","mainEntityOfPage":{"@id":"https:\/\/novisad2022.rs\/en\/novi-sad-entered-the-title-year-of-the-european-capital-of-culture\/"},"wordCount":732,"commentCount":0,"image":{"@id":"https:\/\/novisad2022.rs\/en\/novi-sad-entered-the-title-year-of-the-european-capital-of-culture\/#primaryimage"},"thumbnailUrl":"https:\/\/novisad2022.rs\/wp-content\/uploads\/2022\/01\/MPU_1956w.jpg","keywords":["do\u010dek 2022","novi sad","Novi Sad \u2013 European Capital of Culture"],"articleSection":["News"],"inLanguage":"en-US","potentialAction":[{"@type":"CommentAction","name":"Comment","target":["https:\/\/novisad2022.rs\/en\/novi-sad-entered-the-title-year-of-the-european-capital-of-culture\/#respond"]}]},{"@type":"WebPage","@id":"https:\/\/novisad2022.rs\/en\/novi-sad-entered-the-title-year-of-the-european-capital-of-culture\/","url":"https:\/\/novisad2022.rs\/en\/novi-sad-entered-the-title-year-of-the-european-capital-of-culture\/","name":"Novi Sad Entered the Title Year of the European Capital of Culture","isPartOf":{"@id":"https:\/\/novisad2022.rs\/en\/#website"},"primaryImageOfPage":{"@id":"https:\/\/novisad2022.rs\/en\/novi-sad-entered-the-title-year-of-the-european-capital-of-culture\/#primaryimage"},"image":{"@id":"https:\/\/novisad2022.rs\/en\/novi-sad-entered-the-title-year-of-the-european-capital-of-culture\/#primaryimage"},"thumbnailUrl":"https:\/\/novisad2022.rs\/wp-content\/uploads\/2022\/01\/MPU_1956w.jpg","datePublished":"2022-01-04T10:14:39+00:00","dateModified":"2022-01-04T10:22:24+00:00","author":{"@id":"https:\/\/novisad2022.rs\/en\/#\/schema\/person\/ac5cc999e141a0cc6699aee7c62e6a77"},"description":"Novi Sad officially entered the title year of the European Capital of Culture with the programme inspired by Nikola Tesla.","breadcrumb":{"@id":"https:\/\/novisad2022.rs\/en\/novi-sad-entered-the-title-year-of-the-european-capital-of-culture\/#breadcrumb"},"inLanguage":"en-US","potentialAction":[{"@type":"ReadAction","target":["https:\/\/novisad2022.rs\/en\/novi-sad-entered-the-title-year-of-the-european-capital-of-culture\/"]}]},{"@type":"ImageObject","inLanguage":"en-US","@id":"https:\/\/novisad2022.rs\/en\/novi-sad-entered-the-title-year-of-the-european-capital-of-culture\/#primaryimage","url":"https:\/\/novisad2022.rs\/wp-content\/uploads\/2022\/01\/MPU_1956w.jpg","contentUrl":"https:\/\/novisad2022.rs\/wp-content\/uploads\/2022\/01\/MPU_1956w.jpg","width":1773,"height":1182,"caption":"\u043d\u043e\u0432\u0438 \u0441\u0430\u0434"},{"@type":"BreadcrumbList","@id":"https:\/\/novisad2022.rs\/en\/novi-sad-entered-the-title-year-of-the-european-capital-of-culture\/#breadcrumb","itemListElement":[{"@type":"ListItem","position":1,"name":"\u041f\u043e\u0447\u0435\u0442\u043d\u0430","item":"https:\/\/novisad2022.rs\/en\/home-page\/"},{"@type":"ListItem","position":2,"name":"Novi Sad Entered the Title Year of the European Capital of Culture"}]},{"@type":"WebSite","@id":"https:\/\/novisad2022.rs\/en\/#website","url":"https:\/\/novisad2022.rs\/en\/","name":"Novi Sad 2022","description":"European Capital of Culture","potentialAction":[{"@type":"SearchAction","target":{"@type":"EntryPoint","urlTemplate":"https:\/\/novisad2022.rs\/en\/?s={search_term_string}"},"query-input":{"@type":"PropertyValueSpecification","valueRequired":true,"valueName":"search_term_string"}}],"inLanguage":"en-US"},{"@type":"Person","@id":"https:\/\/novisad2022.rs\/en\/#\/schema\/person\/ac5cc999e141a0cc6699aee7c62e6a77","name":"Jasmina","image":{"@type":"ImageObject","inLanguage":"en-US","@id":"https:\/\/novisad2022.rs\/en\/#\/schema\/person\/image\/","url":"https:\/\/secure.gravatar.com\/avatar\/1e299e2f3bd9f7617d41a61a43fc086c80151f6f5c6fa7873322cb5d18af2492?s=96&d=mm&r=g","contentUrl":"https:\/\/secure.gravatar.com\/avatar\/1e299e2f3bd9f7617d41a61a43fc086c80151f6f5c6fa7873322cb5d18af2492?s=96&d=mm&r=g","caption":"Jasmina"}}]}},"_links":{"self":[{"href":"https:\/\/novisad2022.rs\/en\/wp-json\/wp\/v2\/posts\/17606","targetHints":{"allow":["GET"]}}],"collection":[{"href":"https:\/\/novisad2022.rs\/en\/wp-json\/wp\/v2\/posts"}],"about":[{"href":"https:\/\/novisad2022.rs\/en\/wp-json\/wp\/v2\/types\/post"}],"author":[{"embeddable":true,"href":"https:\/\/novisad2022.rs\/en\/wp-json\/wp\/v2\/users\/8"}],"replies":[{"embeddable":true,"href":"https:\/\/novisad2022.rs\/en\/wp-json\/wp\/v2\/comments?post=17606"}],"version-history":[{"count":8,"href":"https:\/\/novisad2022.rs\/en\/wp-json\/wp\/v2\/posts\/17606\/revisions"}],"predecessor-version":[{"id":17622,"href":"https:\/\/novisad2022.rs\/en\/wp-json\/wp\/v2\/posts\/17606\/revisions\/17622"}],"wp:featuredmedia":[{"embeddable":true,"href":"https:\/\/novisad2022.rs\/en\/wp-json\/wp\/v2\/media\/17557"}],"wp:attachment":[{"href":"https:\/\/novisad2022.rs\/en\/wp-json\/wp\/v2\/media?parent=17606"}],"wp:term":[{"taxonomy":"category","embeddable":true,"href":"https:\/\/novisad2022.rs\/en\/wp-json\/wp\/v2\/categories?post=17606"},{"taxonomy":"post_tag","embeddable":true,"href":"https:\/\/novisad2022.rs\/en\/wp-json\/wp\/v2\/tags?post=17606"}],"curies":[{"name":"wp","href":"https:\/\/api.w.org\/{rel}","templated":true}]}}