{"id":18378,"date":"2022-01-31T09:18:52","date_gmt":"2022-01-31T08:18:52","guid":{"rendered":"https:\/\/novisad2022.rs\/?p=18378"},"modified":"2022-01-31T09:18:52","modified_gmt":"2022-01-31T08:18:52","slug":"unstable-practices-exhibition-from-novi-sad-opened-in-kaunas-the-european-capital-of-culture","status":"publish","type":"post","link":"https:\/\/novisad2022.rs\/en\/unstable-practices-exhibition-from-novi-sad-opened-in-kaunas-the-european-capital-of-culture\/","title":{"rendered":"\u2018Unstable practices\u2019 exhibition from Novi Sad opened in Kaunas \u2013 the European Capital of Culture"},"content":{"rendered":"<p>Novi Sad became the European Capital of Culture on 13 January, and together with it, Lithuanian Kaunas and Luxembourgian Esch also carry this prestigious title in 2022.<\/p>\n<p>The opening ceremony of \u2018Kaunas \u2013 the European Capital of Culture\u2019 was held on <strong>22 January<\/strong>, and as part of the ceremony, as well as cooperation between the two European Capitals of Culture, the <strong>exhibition \u2018Unstable practices\u2019 was opened at Kaunas Photography Gallery<\/strong>, and the curatorial team consisted of Sanja Koji\u0107 Mladenov, Agne Narusyte, Zoran Panteli\u0107 and Gintaras Zinkevi\u010dius.<\/p>\n<p>The exhibition presents examples of unstable and emancipatory art practices in Novi Sad, from neo-avant-garde to contemporary, media and postmedia art. Its starting point are the results of the project \u2018<strong>Trajni \u010das umetnosti\u2019<\/strong>, by the <strong>New Media Center_kuda.org<\/strong>, aimed at mapping the social and artistic history of Novi Sad, presenting a network of protagonists and references, artistic, social, and political theories and practices, which influenced the Novi Sad neo-avant-garde scene of the 60s and 70s.<\/p>\n<p><img fetchpriority=\"high\" decoding=\"async\" class=\"aligncenter wp-image-18336 size-full\" src=\"https:\/\/novisad2022.rs\/wp-content\/uploads\/2022\/01\/DSC08332-1-scaled.jpg\" alt=\"izlo\u017eba Unstable practices Kaunas\" width=\"2560\" height=\"1707\" srcset=\"https:\/\/novisad2022.rs\/wp-content\/uploads\/2022\/01\/DSC08332-1-scaled.jpg 2560w, https:\/\/novisad2022.rs\/wp-content\/uploads\/2022\/01\/DSC08332-1-300x200.jpg 300w, https:\/\/novisad2022.rs\/wp-content\/uploads\/2022\/01\/DSC08332-1-1024x683.jpg 1024w, https:\/\/novisad2022.rs\/wp-content\/uploads\/2022\/01\/DSC08332-1-768x512.jpg 768w, https:\/\/novisad2022.rs\/wp-content\/uploads\/2022\/01\/DSC08332-1-1536x1024.jpg 1536w, https:\/\/novisad2022.rs\/wp-content\/uploads\/2022\/01\/DSC08332-1-2048x1365.jpg 2048w\" sizes=\"(max-width: 2560px) 100vw, 2560px\" \/><\/p>\n<p>For these reasons, the central part of the exhibition is the \u2018Media Ontologies\u2019 map, as a key segment of the \u2018Trajni \u010das umetnosti\u2019 project, which presents research methodology of the project and covers historical avant-garde from the beginning of the 20<sup>th<\/sup> century, through post-war avant-garde, all the way to contemporary artistic media production.<\/p>\n<p>Avant-garde processes, as initiators of artistic experiment, innovation, progressiveness, engagement, and freedom of artistic expression, marked the artistic and social history of Novi Sad. This raises the question of preserving values \u200b\u200bin the local environment, its visibility and connection with similar, important activities in regional and international cultural space, as well as their connection to contemporary media and post-media practices.<\/p>\n<p><img decoding=\"async\" class=\"aligncenter wp-image-18337 size-full\" src=\"https:\/\/novisad2022.rs\/wp-content\/uploads\/2022\/01\/2022_01_22_Novi_Sado_avangardo_paroda83-1.jpg\" alt=\"izlo\u017eba Unstable practices u Kaunasu\" width=\"2048\" height=\"1365\" srcset=\"https:\/\/novisad2022.rs\/wp-content\/uploads\/2022\/01\/2022_01_22_Novi_Sado_avangardo_paroda83-1.jpg 2048w, https:\/\/novisad2022.rs\/wp-content\/uploads\/2022\/01\/2022_01_22_Novi_Sado_avangardo_paroda83-1-300x200.jpg 300w, https:\/\/novisad2022.rs\/wp-content\/uploads\/2022\/01\/2022_01_22_Novi_Sado_avangardo_paroda83-1-1024x683.jpg 1024w, https:\/\/novisad2022.rs\/wp-content\/uploads\/2022\/01\/2022_01_22_Novi_Sado_avangardo_paroda83-1-768x512.jpg 768w, https:\/\/novisad2022.rs\/wp-content\/uploads\/2022\/01\/2022_01_22_Novi_Sado_avangardo_paroda83-1-1536x1024.jpg 1536w\" sizes=\"(max-width: 2048px) 100vw, 2048px\" \/><\/p>\n<p>Through artists, photography, video and digital art and documentary structure of the Museum of the Contemporary Art of Vojvodina, New Media Center_kuda.org, the exhibition points to certain important figures, phenomena, and spaces for developing avant-garde, media and post-media Novi Sad practices. At the same time, it deals with questioning the influence of specific social context on the development of the art scene, the relationship between the institutions and social system and critical, unstable, and emancipatory concepts, the nature between private and public space, as well as how local, regional, and international music scenes are connected.<\/p>\n<p>The project \u2018Trajni \u010das umetnosti\u2019 provides a contextual insight into the historical progressive and engaged artistic practices in Novi Sad and points to the complex social and political environment that significantly determined these practices, which primarily refers to the main economic and political upheavals in Yugoslavia. The content and works are taken from exhibitions produced and curated by <strong>the Museum of Contemporary Art of Vojvodina<\/strong> and <strong>New Media Center_kuda.org<\/strong>, Novi Sad. <strong>The exhibition will be open until 27 February<\/strong>.<\/p>\n<p>The organisers behind the exhibition are \u2018Kaunas \u2013 European Capital of Culture\u2019, \u2018Novi Sad \u2013 European Capital of Culture\u2019, as well as Kaunas Photography Gallery.<\/p>\n<h4><strong>The exhibition of the artist from Kaunas marked the opening of the European Capital of Culture in Novi Sad<\/strong><\/h4>\n<p>The day before the opening ceremony of the European Capital of Culture\u00a0in Novi Sad, on 12 January, the exhibition \u2018People of My City\u2019 by the Lithuanian photographer Ramune Pigagaite was opened at the SULUV Gallery. The artist, who is living and working in Germany at the moment, revives her childhood memories and her hometown Var\u0117na, where she took photos of her fellow citizens and foreigners. According to art historian Agn\u0117 Narusyt\u0117, \u2018the people of Var\u0117na are like saints carved out of wood by masters of folk crafts, not letting go of their accessories, holding on to them as the representative of who they are as people. Were it not for these additions, it would not be possible to say who they were. Stories of their work, joys and sufferings would have been lost forever.\u2019<\/p>\n<p>The public could have seen the exhibition until 21 January at SULUV gallery.<\/p>\n<p>The exhibition was realized within the Cooperation and Partnership Realizations Programme (<em>Programa saradnje i partnerskih realizacija<\/em>), <a href=\"https:\/\/suluv.org\/\">the Association of Fine Artists of Vojvodina<\/a>, <a href=\"https:\/\/novisad2022.rs\/en\/\">\u2018Novi Sad \u2013 European Capital of Culture\u2019 Foundation<\/a>, <a href=\"https:\/\/kaunas2022.eu\/\">\u2018Kaunas \u2013 European Capital of Culture\u2019 Foundation<\/a> and <a href=\"https:\/\/shop.kaunasgallery.lt\/en\/\">Kaunas Photography Gallery.<\/a><\/p>\n<p><img decoding=\"async\" class=\"aligncenter wp-image-18338 size-full\" src=\"https:\/\/novisad2022.rs\/wp-content\/uploads\/2022\/01\/2022_01_22_Novi_Sado_avangardo_paroda13-1.jpg\" alt=\"Kaunas galerija\" width=\"2048\" height=\"1365\" srcset=\"https:\/\/novisad2022.rs\/wp-content\/uploads\/2022\/01\/2022_01_22_Novi_Sado_avangardo_paroda13-1.jpg 2048w, https:\/\/novisad2022.rs\/wp-content\/uploads\/2022\/01\/2022_01_22_Novi_Sado_avangardo_paroda13-1-300x200.jpg 300w, https:\/\/novisad2022.rs\/wp-content\/uploads\/2022\/01\/2022_01_22_Novi_Sado_avangardo_paroda13-1-1024x683.jpg 1024w, https:\/\/novisad2022.rs\/wp-content\/uploads\/2022\/01\/2022_01_22_Novi_Sado_avangardo_paroda13-1-768x512.jpg 768w, https:\/\/novisad2022.rs\/wp-content\/uploads\/2022\/01\/2022_01_22_Novi_Sado_avangardo_paroda13-1-1536x1024.jpg 1536w\" sizes=\"(max-width: 2048px) 100vw, 2048px\" \/><\/p>\n<p>In addition to Novi Sad and Kaunas, Luxembourgian Esch also carries the title this year, and its grand opening is scheduled for 26 February.<\/p>\n<p>Photo: Gintaras \u010cesonis<\/p>\n<p>&nbsp;<\/p>","protected":false},"excerpt":{"rendered":"<p>Novi Sad became the European Capital of Culture on 13 January, and together with it, Lithuanian Kaunas and Luxembourgian Esch also carry this prestigious title in 2022. The opening ceremony of \u2018Kaunas \u2013 the European Capital of Culture\u2019 was held on 22 January, and as part of the ceremony, as well as cooperation between the [&hellip;]<\/p>\n","protected":false},"author":8,"featured_media":18325,"comment_status":"open","ping_status":"open","sticky":false,"template":"","format":"standard","meta":{"site-sidebar-layout":"default","site-content-layout":"default","ast-site-content-layout":"default","site-content-style":"default","site-sidebar-style":"default","ast-global-header-display":"","ast-banner-title-visibility":"","ast-main-header-display":"","ast-hfb-above-header-display":"","ast-hfb-below-header-display":"","ast-hfb-mobile-header-display":"","site-post-title":"","ast-breadcrumbs-content":"","ast-featured-img":"","footer-sml-layout":"","ast-disable-related-posts":"","theme-transparent-header-meta":"default","adv-header-id-meta":"","stick-header-meta":"","header-above-stick-meta":"","header-main-stick-meta":"","header-below-stick-meta":"","astra-migrate-meta-layouts":"default","ast-page-background-enabled":"default","ast-page-background-meta":{"desktop":{"background-color":"","background-image":"","background-repeat":"repeat","background-position":"center center","background-size":"auto","background-attachment":"scroll","background-type":"","background-media":"","overlay-type":"","overlay-color":"","overlay-opacity":"","overlay-gradient":""},"tablet":{"background-color":"","background-image":"","background-repeat":"repeat","background-position":"center center","background-size":"auto","background-attachment":"scroll","background-type":"","background-media":"","overlay-type":"","overlay-color":"","overlay-opacity":"","overlay-gradient":""},"mobile":{"background-color":"","background-image":"","background-repeat":"repeat","background-position":"center center","background-size":"auto","background-attachment":"scroll","background-type":"","background-media":"","overlay-type":"","overlay-color":"","overlay-opacity":"","overlay-gradient":""}},"ast-content-background-meta":{"desktop":{"background-color":"var(--ast-global-color-5)","background-image":"","background-repeat":"repeat","background-position":"center center","background-size":"auto","background-attachment":"scroll","background-type":"","background-media":"","overlay-type":"","overlay-color":"","overlay-opacity":"","overlay-gradient":""},"tablet":{"background-color":"var(--ast-global-color-5)","background-image":"","background-repeat":"repeat","background-position":"center center","background-size":"auto","background-attachment":"scroll","background-type":"","background-media":"","overlay-type":"","overlay-color":"","overlay-opacity":"","overlay-gradient":""},"mobile":{"background-color":"var(--ast-global-color-5)","background-image":"","background-repeat":"repeat","background-position":"center center","background-size":"auto","background-attachment":"scroll","background-type":"","background-media":"","overlay-type":"","overlay-color":"","overlay-opacity":"","overlay-gradient":""}},"footnotes":""},"categories":[70],"tags":[1722,2425,1767],"class_list":["post-18378","post","type-post","status-publish","format-standard","has-post-thumbnail","hentry","category-news","tag-european-capital-of-culture-en","tag-exhibition-en","tag-kaunas-en"],"yoast_head":"<!-- This site is optimized with the Yoast SEO plugin v27.0 - https:\/\/yoast.com\/product\/yoast-seo-wordpress\/ -->\n<title>\u2018Unstable practices\u2019 exhibition from Novi Sad opened in Kaunas \u2013 the European Capital of Culture<\/title>\n<meta name=\"description\" content=\"The exhibition \u2018Unstable practices\u2019 was opened in Kaunas, at Kaunas Photography Gallery as the part of the opening ceremony of \u2018Kaunas \u2013 the European Capital of Culture\u2019 on 22 January\" \/>\n<meta name=\"robots\" content=\"index, follow, max-snippet:-1, max-image-preview:large, max-video-preview:-1\" \/>\n<link rel=\"canonical\" href=\"https:\/\/novisad2022.rs\/en\/unstable-practices-exhibition-from-novi-sad-opened-in-kaunas-the-european-capital-of-culture\/\" \/>\n<meta property=\"og:locale\" content=\"en_US\" \/>\n<meta property=\"og:type\" content=\"article\" \/>\n<meta property=\"og:title\" content=\"\u2018Unstable practices\u2019 exhibition from Novi Sad opened in Kaunas \u2013 the European Capital of Culture\" \/>\n<meta property=\"og:description\" content=\"The exhibition \u2018Unstable practices\u2019 was opened in Kaunas, at Kaunas Photography Gallery as the part of the opening ceremony of \u2018Kaunas \u2013 the European Capital of Culture\u2019 on 22 January\" \/>\n<meta property=\"og:url\" content=\"https:\/\/novisad2022.rs\/en\/unstable-practices-exhibition-from-novi-sad-opened-in-kaunas-the-european-capital-of-culture\/\" \/>\n<meta property=\"og:site_name\" content=\"Novi Sad 2022\" \/>\n<meta property=\"article:published_time\" content=\"2022-01-31T08:18:52+00:00\" \/>\n<meta property=\"og:image\" content=\"https:\/\/novisad2022.rs\/wp-content\/uploads\/2022\/01\/DSC08355-scaled.jpg\" \/>\n\t<meta property=\"og:image:width\" content=\"2560\" \/>\n\t<meta property=\"og:image:height\" content=\"1707\" \/>\n\t<meta property=\"og:image:type\" content=\"image\/jpeg\" \/>\n<meta name=\"author\" content=\"Jasmina\" \/>\n<meta name=\"twitter:card\" content=\"summary_large_image\" \/>\n<meta name=\"twitter:label1\" content=\"Written by\" \/>\n\t<meta name=\"twitter:data1\" content=\"Jasmina\" \/>\n\t<meta name=\"twitter:label2\" content=\"Est. reading time\" \/>\n\t<meta name=\"twitter:data2\" content=\"4 minutes\" \/>\n<script type=\"application\/ld+json\" class=\"yoast-schema-graph\">{\"@context\":\"https:\/\/schema.org\",\"@graph\":[{\"@type\":\"Article\",\"@id\":\"https:\/\/novisad2022.rs\/en\/unstable-practices-exhibition-from-novi-sad-opened-in-kaunas-the-european-capital-of-culture\/#article\",\"isPartOf\":{\"@id\":\"https:\/\/novisad2022.rs\/en\/unstable-practices-exhibition-from-novi-sad-opened-in-kaunas-the-european-capital-of-culture\/\"},\"author\":{\"name\":\"Jasmina\",\"@id\":\"https:\/\/novisad2022.rs\/en\/#\/schema\/person\/ac5cc999e141a0cc6699aee7c62e6a77\"},\"headline\":\"\u2018Unstable practices\u2019 exhibition from Novi Sad opened in Kaunas \u2013 the European Capital of Culture\",\"datePublished\":\"2022-01-31T08:18:52+00:00\",\"mainEntityOfPage\":{\"@id\":\"https:\/\/novisad2022.rs\/en\/unstable-practices-exhibition-from-novi-sad-opened-in-kaunas-the-european-capital-of-culture\/\"},\"wordCount\":721,\"commentCount\":0,\"image\":{\"@id\":\"https:\/\/novisad2022.rs\/en\/unstable-practices-exhibition-from-novi-sad-opened-in-kaunas-the-european-capital-of-culture\/#primaryimage\"},\"thumbnailUrl\":\"https:\/\/novisad2022.rs\/wp-content\/uploads\/2022\/01\/DSC08355-scaled.jpg\",\"keywords\":[\"european capital of culture\",\"exhibition\",\"Kaunas\"],\"articleSection\":[\"News\"],\"inLanguage\":\"en-US\",\"potentialAction\":[{\"@type\":\"CommentAction\",\"name\":\"Comment\",\"target\":[\"https:\/\/novisad2022.rs\/en\/unstable-practices-exhibition-from-novi-sad-opened-in-kaunas-the-european-capital-of-culture\/#respond\"]}]},{\"@type\":\"WebPage\",\"@id\":\"https:\/\/novisad2022.rs\/en\/unstable-practices-exhibition-from-novi-sad-opened-in-kaunas-the-european-capital-of-culture\/\",\"url\":\"https:\/\/novisad2022.rs\/en\/unstable-practices-exhibition-from-novi-sad-opened-in-kaunas-the-european-capital-of-culture\/\",\"name\":\"\u2018Unstable practices\u2019 exhibition from Novi Sad opened in Kaunas \u2013 the European Capital of Culture\",\"isPartOf\":{\"@id\":\"https:\/\/novisad2022.rs\/en\/#website\"},\"primaryImageOfPage\":{\"@id\":\"https:\/\/novisad2022.rs\/en\/unstable-practices-exhibition-from-novi-sad-opened-in-kaunas-the-european-capital-of-culture\/#primaryimage\"},\"image\":{\"@id\":\"https:\/\/novisad2022.rs\/en\/unstable-practices-exhibition-from-novi-sad-opened-in-kaunas-the-european-capital-of-culture\/#primaryimage\"},\"thumbnailUrl\":\"https:\/\/novisad2022.rs\/wp-content\/uploads\/2022\/01\/DSC08355-scaled.jpg\",\"datePublished\":\"2022-01-31T08:18:52+00:00\",\"author\":{\"@id\":\"https:\/\/novisad2022.rs\/en\/#\/schema\/person\/ac5cc999e141a0cc6699aee7c62e6a77\"},\"description\":\"The exhibition \u2018Unstable practices\u2019 was opened in Kaunas, at Kaunas Photography Gallery as the part of the opening ceremony of \u2018Kaunas \u2013 the European Capital of Culture\u2019 on 22 January\",\"breadcrumb\":{\"@id\":\"https:\/\/novisad2022.rs\/en\/unstable-practices-exhibition-from-novi-sad-opened-in-kaunas-the-european-capital-of-culture\/#breadcrumb\"},\"inLanguage\":\"en-US\",\"potentialAction\":[{\"@type\":\"ReadAction\",\"target\":[\"https:\/\/novisad2022.rs\/en\/unstable-practices-exhibition-from-novi-sad-opened-in-kaunas-the-european-capital-of-culture\/\"]}]},{\"@type\":\"ImageObject\",\"inLanguage\":\"en-US\",\"@id\":\"https:\/\/novisad2022.rs\/en\/unstable-practices-exhibition-from-novi-sad-opened-in-kaunas-the-european-capital-of-culture\/#primaryimage\",\"url\":\"https:\/\/novisad2022.rs\/wp-content\/uploads\/2022\/01\/DSC08355-scaled.jpg\",\"contentUrl\":\"https:\/\/novisad2022.rs\/wp-content\/uploads\/2022\/01\/DSC08355-scaled.jpg\",\"width\":2560,\"height\":1707,\"caption\":\"kaunas izlozba unstable practices\"},{\"@type\":\"BreadcrumbList\",\"@id\":\"https:\/\/novisad2022.rs\/en\/unstable-practices-exhibition-from-novi-sad-opened-in-kaunas-the-european-capital-of-culture\/#breadcrumb\",\"itemListElement\":[{\"@type\":\"ListItem\",\"position\":1,\"name\":\"\u041f\u043e\u0447\u0435\u0442\u043d\u0430\",\"item\":\"https:\/\/novisad2022.rs\/en\/home-page\/\"},{\"@type\":\"ListItem\",\"position\":2,\"name\":\"\u2018Unstable practices\u2019 exhibition from Novi Sad opened in Kaunas \u2013 the European Capital of Culture\"}]},{\"@type\":\"WebSite\",\"@id\":\"https:\/\/novisad2022.rs\/en\/#website\",\"url\":\"https:\/\/novisad2022.rs\/en\/\",\"name\":\"Novi Sad 2022\",\"description\":\"European Capital of Culture\",\"potentialAction\":[{\"@type\":\"SearchAction\",\"target\":{\"@type\":\"EntryPoint\",\"urlTemplate\":\"https:\/\/novisad2022.rs\/en\/?s={search_term_string}\"},\"query-input\":{\"@type\":\"PropertyValueSpecification\",\"valueRequired\":true,\"valueName\":\"search_term_string\"}}],\"inLanguage\":\"en-US\"},{\"@type\":\"Person\",\"@id\":\"https:\/\/novisad2022.rs\/en\/#\/schema\/person\/ac5cc999e141a0cc6699aee7c62e6a77\",\"name\":\"Jasmina\",\"image\":{\"@type\":\"ImageObject\",\"inLanguage\":\"en-US\",\"@id\":\"https:\/\/novisad2022.rs\/en\/#\/schema\/person\/image\/\",\"url\":\"https:\/\/secure.gravatar.com\/avatar\/1e299e2f3bd9f7617d41a61a43fc086c80151f6f5c6fa7873322cb5d18af2492?s=96&d=mm&r=g\",\"contentUrl\":\"https:\/\/secure.gravatar.com\/avatar\/1e299e2f3bd9f7617d41a61a43fc086c80151f6f5c6fa7873322cb5d18af2492?s=96&d=mm&r=g\",\"caption\":\"Jasmina\"}}]}<\/script>\n<!-- \/ Yoast SEO plugin. -->","yoast_head_json":{"title":"\u2018Unstable practices\u2019 exhibition from Novi Sad opened in Kaunas \u2013 the European Capital of Culture","description":"The exhibition \u2018Unstable practices\u2019 was opened in Kaunas, at Kaunas Photography Gallery as the part of the opening ceremony of \u2018Kaunas \u2013 the European Capital of Culture\u2019 on 22 January","robots":{"index":"index","follow":"follow","max-snippet":"max-snippet:-1","max-image-preview":"max-image-preview:large","max-video-preview":"max-video-preview:-1"},"canonical":"https:\/\/novisad2022.rs\/en\/unstable-practices-exhibition-from-novi-sad-opened-in-kaunas-the-european-capital-of-culture\/","og_locale":"en_US","og_type":"article","og_title":"\u2018Unstable practices\u2019 exhibition from Novi Sad opened in Kaunas \u2013 the European Capital of Culture","og_description":"The exhibition \u2018Unstable practices\u2019 was opened in Kaunas, at Kaunas Photography Gallery as the part of the opening ceremony of \u2018Kaunas \u2013 the European Capital of Culture\u2019 on 22 January","og_url":"https:\/\/novisad2022.rs\/en\/unstable-practices-exhibition-from-novi-sad-opened-in-kaunas-the-european-capital-of-culture\/","og_site_name":"Novi Sad 2022","article_published_time":"2022-01-31T08:18:52+00:00","og_image":[{"width":2560,"height":1707,"url":"https:\/\/novisad2022.rs\/wp-content\/uploads\/2022\/01\/DSC08355-scaled.jpg","type":"image\/jpeg"}],"author":"Jasmina","twitter_card":"summary_large_image","twitter_misc":{"Written by":"Jasmina","Est. reading time":"4 minutes"},"schema":{"@context":"https:\/\/schema.org","@graph":[{"@type":"Article","@id":"https:\/\/novisad2022.rs\/en\/unstable-practices-exhibition-from-novi-sad-opened-in-kaunas-the-european-capital-of-culture\/#article","isPartOf":{"@id":"https:\/\/novisad2022.rs\/en\/unstable-practices-exhibition-from-novi-sad-opened-in-kaunas-the-european-capital-of-culture\/"},"author":{"name":"Jasmina","@id":"https:\/\/novisad2022.rs\/en\/#\/schema\/person\/ac5cc999e141a0cc6699aee7c62e6a77"},"headline":"\u2018Unstable practices\u2019 exhibition from Novi Sad opened in Kaunas \u2013 the European Capital of Culture","datePublished":"2022-01-31T08:18:52+00:00","mainEntityOfPage":{"@id":"https:\/\/novisad2022.rs\/en\/unstable-practices-exhibition-from-novi-sad-opened-in-kaunas-the-european-capital-of-culture\/"},"wordCount":721,"commentCount":0,"image":{"@id":"https:\/\/novisad2022.rs\/en\/unstable-practices-exhibition-from-novi-sad-opened-in-kaunas-the-european-capital-of-culture\/#primaryimage"},"thumbnailUrl":"https:\/\/novisad2022.rs\/wp-content\/uploads\/2022\/01\/DSC08355-scaled.jpg","keywords":["european capital of culture","exhibition","Kaunas"],"articleSection":["News"],"inLanguage":"en-US","potentialAction":[{"@type":"CommentAction","name":"Comment","target":["https:\/\/novisad2022.rs\/en\/unstable-practices-exhibition-from-novi-sad-opened-in-kaunas-the-european-capital-of-culture\/#respond"]}]},{"@type":"WebPage","@id":"https:\/\/novisad2022.rs\/en\/unstable-practices-exhibition-from-novi-sad-opened-in-kaunas-the-european-capital-of-culture\/","url":"https:\/\/novisad2022.rs\/en\/unstable-practices-exhibition-from-novi-sad-opened-in-kaunas-the-european-capital-of-culture\/","name":"\u2018Unstable practices\u2019 exhibition from Novi Sad opened in Kaunas \u2013 the European Capital of Culture","isPartOf":{"@id":"https:\/\/novisad2022.rs\/en\/#website"},"primaryImageOfPage":{"@id":"https:\/\/novisad2022.rs\/en\/unstable-practices-exhibition-from-novi-sad-opened-in-kaunas-the-european-capital-of-culture\/#primaryimage"},"image":{"@id":"https:\/\/novisad2022.rs\/en\/unstable-practices-exhibition-from-novi-sad-opened-in-kaunas-the-european-capital-of-culture\/#primaryimage"},"thumbnailUrl":"https:\/\/novisad2022.rs\/wp-content\/uploads\/2022\/01\/DSC08355-scaled.jpg","datePublished":"2022-01-31T08:18:52+00:00","author":{"@id":"https:\/\/novisad2022.rs\/en\/#\/schema\/person\/ac5cc999e141a0cc6699aee7c62e6a77"},"description":"The exhibition \u2018Unstable practices\u2019 was opened in Kaunas, at Kaunas Photography Gallery as the part of the opening ceremony of \u2018Kaunas \u2013 the European Capital of Culture\u2019 on 22 January","breadcrumb":{"@id":"https:\/\/novisad2022.rs\/en\/unstable-practices-exhibition-from-novi-sad-opened-in-kaunas-the-european-capital-of-culture\/#breadcrumb"},"inLanguage":"en-US","potentialAction":[{"@type":"ReadAction","target":["https:\/\/novisad2022.rs\/en\/unstable-practices-exhibition-from-novi-sad-opened-in-kaunas-the-european-capital-of-culture\/"]}]},{"@type":"ImageObject","inLanguage":"en-US","@id":"https:\/\/novisad2022.rs\/en\/unstable-practices-exhibition-from-novi-sad-opened-in-kaunas-the-european-capital-of-culture\/#primaryimage","url":"https:\/\/novisad2022.rs\/wp-content\/uploads\/2022\/01\/DSC08355-scaled.jpg","contentUrl":"https:\/\/novisad2022.rs\/wp-content\/uploads\/2022\/01\/DSC08355-scaled.jpg","width":2560,"height":1707,"caption":"kaunas izlozba unstable practices"},{"@type":"BreadcrumbList","@id":"https:\/\/novisad2022.rs\/en\/unstable-practices-exhibition-from-novi-sad-opened-in-kaunas-the-european-capital-of-culture\/#breadcrumb","itemListElement":[{"@type":"ListItem","position":1,"name":"\u041f\u043e\u0447\u0435\u0442\u043d\u0430","item":"https:\/\/novisad2022.rs\/en\/home-page\/"},{"@type":"ListItem","position":2,"name":"\u2018Unstable practices\u2019 exhibition from Novi Sad opened in Kaunas \u2013 the European Capital of Culture"}]},{"@type":"WebSite","@id":"https:\/\/novisad2022.rs\/en\/#website","url":"https:\/\/novisad2022.rs\/en\/","name":"Novi Sad 2022","description":"European Capital of Culture","potentialAction":[{"@type":"SearchAction","target":{"@type":"EntryPoint","urlTemplate":"https:\/\/novisad2022.rs\/en\/?s={search_term_string}"},"query-input":{"@type":"PropertyValueSpecification","valueRequired":true,"valueName":"search_term_string"}}],"inLanguage":"en-US"},{"@type":"Person","@id":"https:\/\/novisad2022.rs\/en\/#\/schema\/person\/ac5cc999e141a0cc6699aee7c62e6a77","name":"Jasmina","image":{"@type":"ImageObject","inLanguage":"en-US","@id":"https:\/\/novisad2022.rs\/en\/#\/schema\/person\/image\/","url":"https:\/\/secure.gravatar.com\/avatar\/1e299e2f3bd9f7617d41a61a43fc086c80151f6f5c6fa7873322cb5d18af2492?s=96&d=mm&r=g","contentUrl":"https:\/\/secure.gravatar.com\/avatar\/1e299e2f3bd9f7617d41a61a43fc086c80151f6f5c6fa7873322cb5d18af2492?s=96&d=mm&r=g","caption":"Jasmina"}}]}},"_links":{"self":[{"href":"https:\/\/novisad2022.rs\/en\/wp-json\/wp\/v2\/posts\/18378","targetHints":{"allow":["GET"]}}],"collection":[{"href":"https:\/\/novisad2022.rs\/en\/wp-json\/wp\/v2\/posts"}],"about":[{"href":"https:\/\/novisad2022.rs\/en\/wp-json\/wp\/v2\/types\/post"}],"author":[{"embeddable":true,"href":"https:\/\/novisad2022.rs\/en\/wp-json\/wp\/v2\/users\/8"}],"replies":[{"embeddable":true,"href":"https:\/\/novisad2022.rs\/en\/wp-json\/wp\/v2\/comments?post=18378"}],"version-history":[{"count":2,"href":"https:\/\/novisad2022.rs\/en\/wp-json\/wp\/v2\/posts\/18378\/revisions"}],"predecessor-version":[{"id":18381,"href":"https:\/\/novisad2022.rs\/en\/wp-json\/wp\/v2\/posts\/18378\/revisions\/18381"}],"wp:featuredmedia":[{"embeddable":true,"href":"https:\/\/novisad2022.rs\/en\/wp-json\/wp\/v2\/media\/18325"}],"wp:attachment":[{"href":"https:\/\/novisad2022.rs\/en\/wp-json\/wp\/v2\/media?parent=18378"}],"wp:term":[{"taxonomy":"category","embeddable":true,"href":"https:\/\/novisad2022.rs\/en\/wp-json\/wp\/v2\/categories?post=18378"},{"taxonomy":"post_tag","embeddable":true,"href":"https:\/\/novisad2022.rs\/en\/wp-json\/wp\/v2\/tags?post=18378"}],"curies":[{"name":"wp","href":"https:\/\/api.w.org\/{rel}","templated":true}]}}