{"id":18873,"date":"2022-02-18T12:12:21","date_gmt":"2022-02-18T11:12:21","guid":{"rendered":"https:\/\/novisad2022.rs\/?p=18873"},"modified":"2022-02-18T12:23:31","modified_gmt":"2022-02-18T11:23:31","slug":"works-by-european-masters-of-painting-at-the-exhibition-in-the-gallery-of-matica-srpska","status":"publish","type":"post","link":"https:\/\/novisad2022.rs\/en\/works-by-european-masters-of-painting-at-the-exhibition-in-the-gallery-of-matica-srpska\/","title":{"rendered":"Works by European Masters of Painting at the Exhibition in the Gallery of Matica Srpska"},"content":{"rendered":"<p>For the first time, the works by leading names in national art such as <strong>Uro\u0161 Predi\u0107<\/strong> and <strong>Paja Jovanovi\u0107<\/strong>, the greats of European art <strong>El Greco<\/strong>, <strong>\u00c9lisabeth Louise Vig\u00e9e Le Brun<\/strong> and <strong>Marc Chagall<\/strong>, as well as contemporary artists <strong>Mladen Miljanovi\u0107<\/strong>, <strong>Vladan Jeremi\u0107<\/strong>, <strong>Rene Redle<\/strong>, <strong>Safet Zec<\/strong> and <strong>Taus Makhacheva<\/strong> will be presented in this year&#8217;s European Capital of Culture.<br \/>\n<strong>The exhibition<\/strong> \u2018<strong>Art of Migration \u2013 Migration in Art<\/strong>\u2019, which will include works by the great names in painting, will be opened <strong>in the Gallery of Matica Srpska<\/strong> tomorrow, <strong>18 February at 7 p.m.<\/strong>. The aim of the exhibition is not to offer certain views on the phenomenon of migration, but to select a space for social dialogue on this phenomenon through a selection of representative and interesting examples of artistic creation, confronting concepts such as fear, lack of empathy, (mis)understanding, contradictions and humanity.<\/p>\n<p><img fetchpriority=\"high\" decoding=\"async\" class=\"aligncenter wp-image-18875 size-full\" src=\"https:\/\/novisad2022.rs\/wp-content\/uploads\/2022\/02\/Tijana-Palkovljevic-Bugarski-i-Nemanja-Milenkovic-foto-NSEPK-V.-Velickovic-2.jpg\" alt=\"tijana palkovljevic i nemanja milenkovic\" width=\"1200\" height=\"799\" srcset=\"https:\/\/novisad2022.rs\/wp-content\/uploads\/2022\/02\/Tijana-Palkovljevic-Bugarski-i-Nemanja-Milenkovic-foto-NSEPK-V.-Velickovic-2.jpg 1200w, https:\/\/novisad2022.rs\/wp-content\/uploads\/2022\/02\/Tijana-Palkovljevic-Bugarski-i-Nemanja-Milenkovic-foto-NSEPK-V.-Velickovic-2-300x200.jpg 300w, https:\/\/novisad2022.rs\/wp-content\/uploads\/2022\/02\/Tijana-Palkovljevic-Bugarski-i-Nemanja-Milenkovic-foto-NSEPK-V.-Velickovic-2-1024x682.jpg 1024w, https:\/\/novisad2022.rs\/wp-content\/uploads\/2022\/02\/Tijana-Palkovljevic-Bugarski-i-Nemanja-Milenkovic-foto-NSEPK-V.-Velickovic-2-768x511.jpg 768w\" sizes=\"(max-width: 1200px) 100vw, 1200px\" \/><br \/>\n\u2018The exhibition really unites the incompatible, and I think it will be attractive for audiences of different perspectives \u2013 both for those who love new technologies and for those who love classical painting and contemporary art. The important thing is that we experience this exhibition as a platform for dialogue, for thinking about the phenomenon of migration, about our attitude towards migrants today and about the extent to which migration and population movements have actually changed Europe,\u2019 said <strong>Tijana Palkovljevi\u0107 Bugarski<\/strong>, the manager of the Gallery of Matica Srpska.<\/p>\n<p>The exhibition is part of the \u2018<strong>Migrations<\/strong>\u2019 programme arch within the \u2018Novi Sad \u2013 European Capital of Culture\u2019 project. <strong>The main topic<\/strong> of this programme arch <strong>is the positive impact of migration<\/strong>, through more than <strong>300 cultural events<\/strong> and activities in <strong>45 days<\/strong>, <strong>during February and March<\/strong>.<\/p>\n<p><img decoding=\"async\" class=\"aligncenter wp-image-18876 size-full\" src=\"https:\/\/novisad2022.rs\/wp-content\/uploads\/2022\/02\/Seobe-foto-NSEPK-V.-Velickovic-2.jpg\" alt=\"seobe vizuali\" width=\"1200\" height=\"799\" srcset=\"https:\/\/novisad2022.rs\/wp-content\/uploads\/2022\/02\/Seobe-foto-NSEPK-V.-Velickovic-2.jpg 1200w, https:\/\/novisad2022.rs\/wp-content\/uploads\/2022\/02\/Seobe-foto-NSEPK-V.-Velickovic-2-300x200.jpg 300w, https:\/\/novisad2022.rs\/wp-content\/uploads\/2022\/02\/Seobe-foto-NSEPK-V.-Velickovic-2-1024x682.jpg 1024w, https:\/\/novisad2022.rs\/wp-content\/uploads\/2022\/02\/Seobe-foto-NSEPK-V.-Velickovic-2-768x511.jpg 768w\" sizes=\"(max-width: 1200px) 100vw, 1200px\" \/><br \/>\n\u2018We decided on the topic of migration for several reasons. Every European Capital of Culture needs to rethink its identity, to know how to tell its story in the future, but in line with the European dimension. In that manner, for the first time, not only in Novi Sad, but also in Serbia, we have a unique approach to presenting the migrant identity of Novi Sad and Europe, through completely different artistic expressions. Thus, we wished to show that diversity is our strength,\u2019 said <strong>Nemanja Milenkovi\u0107<\/strong>, CEO of the \u2018Novi Sad \u2013 European Capital of Culture\u2019 Foundation.<br \/>\n<strong>Within the accompanying programme of the exhibition, lectures and discussions will be implemented every Friday at 7 p.m., while on weekends there will be authorial and professional guided tours through the exhibition<\/strong>. In order to bring the topic of migration closer to children and young people, <strong>creative, drama and HearMe workshops will be implemented<\/strong>. <strong>Every other Tuesday, the audience can expect the GMS cinema at 7 p.m.<\/strong><\/p>\n<p><img decoding=\"async\" class=\"aligncenter wp-image-18877 size-full\" src=\"https:\/\/novisad2022.rs\/wp-content\/uploads\/2022\/02\/Strucno-vodjenje-kroz-izlozbu-foto-NSEPK-V.-Velickovic-2.jpg\" alt=\"exibition\" width=\"1200\" height=\"799\" srcset=\"https:\/\/novisad2022.rs\/wp-content\/uploads\/2022\/02\/Strucno-vodjenje-kroz-izlozbu-foto-NSEPK-V.-Velickovic-2.jpg 1200w, https:\/\/novisad2022.rs\/wp-content\/uploads\/2022\/02\/Strucno-vodjenje-kroz-izlozbu-foto-NSEPK-V.-Velickovic-2-300x200.jpg 300w, https:\/\/novisad2022.rs\/wp-content\/uploads\/2022\/02\/Strucno-vodjenje-kroz-izlozbu-foto-NSEPK-V.-Velickovic-2-1024x682.jpg 1024w, https:\/\/novisad2022.rs\/wp-content\/uploads\/2022\/02\/Strucno-vodjenje-kroz-izlozbu-foto-NSEPK-V.-Velickovic-2-768x511.jpg 768w\" sizes=\"(max-width: 1200px) 100vw, 1200px\" \/><br \/>\n<strong>The author&#8217;s team of the exhibition consists of Danilo Vuksanovi\u0107, MA, Jelena Ognjanovi\u0107, MA and Luka Kuli\u0107<\/strong>. The exhibition is accompanied by the catalogue of the same name, as well as the <strong>publication \u2018(Po)gledi ka migracijama\u2019<\/strong>. Essays on the phenomenon of migrations are written by Alexei Ki\u0161juhas, PhD, Branko Be\u0161lin, PhD, Danilo Vuksanovi\u0107, MA, Sandra Debona, PhD, Jelena Ognjanovi\u0107, MA, Luka Kuli\u0107 and Vladimir Gvozden, PhD.<\/p>\n<p>The exhibition was created in collaboration with the State Gallery \u2018Tretyakov\u2019, The Pushkin State Museum of Fine Arts, the National Gallery of Slovenia, the National Museum in Belgrade, the National Museum Pan\u010devo, as well as artists Taus Makhacheva, Safet Zec, Mladen Miljanovi\u0107, Vladan Jeremi\u0107 and Rene Redle.<\/p>\n<p>The exhibition was supported by the Ministry of Culture and Information of the Republic of Serbia, the \u2018Novi Sad \u2013 European Capital of Culture\u2019 Foundation and the Provincial Secretariat for Culture, Public Information and Relations with Religious Communities.<\/p>\n<p>You can find more details about the programmes of the European Capital of Culture on <a href=\"https:\/\/kalendar.novisad2022.rs\/en\/programme\/\">our website<\/a>.<\/p>\n<p><em>Photo: V. Veli\u010dkovi\u0107<\/em><\/p>","protected":false},"excerpt":{"rendered":"<p>For the first time, the works by leading names in national art such as Uro\u0161 Predi\u0107 and Paja Jovanovi\u0107, the greats of European art El Greco, \u00c9lisabeth Louise Vig\u00e9e Le Brun and Marc Chagall, as well as contemporary artists Mladen Miljanovi\u0107, Vladan Jeremi\u0107, Rene Redle, Safet Zec and Taus Makhacheva will be presented in this [&hellip;]<\/p>\n","protected":false},"author":8,"featured_media":18711,"comment_status":"open","ping_status":"open","sticky":false,"template":"","format":"standard","meta":{"site-sidebar-layout":"default","site-content-layout":"default","ast-site-content-layout":"default","site-content-style":"default","site-sidebar-style":"default","ast-global-header-display":"","ast-banner-title-visibility":"","ast-main-header-display":"","ast-hfb-above-header-display":"","ast-hfb-below-header-display":"","ast-hfb-mobile-header-display":"","site-post-title":"","ast-breadcrumbs-content":"","ast-featured-img":"","footer-sml-layout":"","ast-disable-related-posts":"","theme-transparent-header-meta":"default","adv-header-id-meta":"","stick-header-meta":"","header-above-stick-meta":"","header-main-stick-meta":"","header-below-stick-meta":"","astra-migrate-meta-layouts":"default","ast-page-background-enabled":"default","ast-page-background-meta":{"desktop":{"background-color":"","background-image":"","background-repeat":"repeat","background-position":"center center","background-size":"auto","background-attachment":"scroll","background-type":"","background-media":"","overlay-type":"","overlay-color":"","overlay-opacity":"","overlay-gradient":""},"tablet":{"background-color":"","background-image":"","background-repeat":"repeat","background-position":"center center","background-size":"auto","background-attachment":"scroll","background-type":"","background-media":"","overlay-type":"","overlay-color":"","overlay-opacity":"","overlay-gradient":""},"mobile":{"background-color":"","background-image":"","background-repeat":"repeat","background-position":"center center","background-size":"auto","background-attachment":"scroll","background-type":"","background-media":"","overlay-type":"","overlay-color":"","overlay-opacity":"","overlay-gradient":""}},"ast-content-background-meta":{"desktop":{"background-color":"var(--ast-global-color-5)","background-image":"","background-repeat":"repeat","background-position":"center center","background-size":"auto","background-attachment":"scroll","background-type":"","background-media":"","overlay-type":"","overlay-color":"","overlay-opacity":"","overlay-gradient":""},"tablet":{"background-color":"var(--ast-global-color-5)","background-image":"","background-repeat":"repeat","background-position":"center center","background-size":"auto","background-attachment":"scroll","background-type":"","background-media":"","overlay-type":"","overlay-color":"","overlay-opacity":"","overlay-gradient":""},"mobile":{"background-color":"var(--ast-global-color-5)","background-image":"","background-repeat":"repeat","background-position":"center center","background-size":"auto","background-attachment":"scroll","background-type":"","background-media":"","overlay-type":"","overlay-color":"","overlay-opacity":"","overlay-gradient":""}},"footnotes":""},"categories":[70],"tags":[2425,2491],"class_list":["post-18873","post","type-post","status-publish","format-standard","has-post-thumbnail","hentry","category-news","tag-exhibition-en","tag-migrations"],"yoast_head":"<!-- This site is optimized with the Yoast SEO plugin v27.0 - https:\/\/yoast.com\/product\/yoast-seo-wordpress\/ -->\n<title>Works by European Masters of Painting at the Exhibition in the Gallery of Matica Srpska - Novi Sad 2022<\/title>\n<meta name=\"description\" content=\"The exhibition \u2018Art of Migration \u2013 Migration in Art\u2019, will be opened in the Gallery of Matica Srpska on 18 February at 7 p.m.\" \/>\n<meta name=\"robots\" content=\"index, follow, max-snippet:-1, max-image-preview:large, max-video-preview:-1\" \/>\n<link rel=\"canonical\" href=\"https:\/\/novisad2022.rs\/en\/works-by-european-masters-of-painting-at-the-exhibition-in-the-gallery-of-matica-srpska\/\" \/>\n<meta property=\"og:locale\" content=\"en_US\" \/>\n<meta property=\"og:type\" content=\"article\" \/>\n<meta property=\"og:title\" content=\"Works by European Masters of Painting at the Exhibition in the Gallery of Matica Srpska - Novi Sad 2022\" \/>\n<meta property=\"og:description\" content=\"The exhibition \u2018Art of Migration \u2013 Migration in Art\u2019, will be opened in the Gallery of Matica Srpska on 18 February at 7 p.m.\" \/>\n<meta property=\"og:url\" content=\"https:\/\/novisad2022.rs\/en\/works-by-european-masters-of-painting-at-the-exhibition-in-the-gallery-of-matica-srpska\/\" \/>\n<meta property=\"og:site_name\" content=\"Novi Sad 2022\" \/>\n<meta property=\"article:published_time\" content=\"2022-02-18T11:12:21+00:00\" \/>\n<meta property=\"article:modified_time\" content=\"2022-02-18T11:23:31+00:00\" \/>\n<meta property=\"og:image\" content=\"https:\/\/novisad2022.rs\/wp-content\/uploads\/2022\/02\/Izlozba-Migracije-u-umetnosti-umetnost-migracij-a-foto-NSEPK-V.-Velickovic.jpg\" \/>\n\t<meta property=\"og:image:width\" content=\"1200\" \/>\n\t<meta property=\"og:image:height\" content=\"799\" \/>\n\t<meta property=\"og:image:type\" content=\"image\/jpeg\" \/>\n<meta name=\"author\" content=\"Jasmina\" \/>\n<meta name=\"twitter:card\" content=\"summary_large_image\" \/>\n<meta name=\"twitter:label1\" content=\"Written by\" \/>\n\t<meta name=\"twitter:data1\" content=\"Jasmina\" \/>\n\t<meta name=\"twitter:label2\" content=\"Est. reading time\" \/>\n\t<meta name=\"twitter:data2\" content=\"4 minutes\" \/>\n<script type=\"application\/ld+json\" class=\"yoast-schema-graph\">{\"@context\":\"https:\/\/schema.org\",\"@graph\":[{\"@type\":\"Article\",\"@id\":\"https:\/\/novisad2022.rs\/en\/works-by-european-masters-of-painting-at-the-exhibition-in-the-gallery-of-matica-srpska\/#article\",\"isPartOf\":{\"@id\":\"https:\/\/novisad2022.rs\/en\/works-by-european-masters-of-painting-at-the-exhibition-in-the-gallery-of-matica-srpska\/\"},\"author\":{\"name\":\"Jasmina\",\"@id\":\"https:\/\/novisad2022.rs\/en\/#\/schema\/person\/ac5cc999e141a0cc6699aee7c62e6a77\"},\"headline\":\"Works by European Masters of Painting at the Exhibition in the Gallery of Matica Srpska\",\"datePublished\":\"2022-02-18T11:12:21+00:00\",\"dateModified\":\"2022-02-18T11:23:31+00:00\",\"mainEntityOfPage\":{\"@id\":\"https:\/\/novisad2022.rs\/en\/works-by-european-masters-of-painting-at-the-exhibition-in-the-gallery-of-matica-srpska\/\"},\"wordCount\":631,\"commentCount\":0,\"image\":{\"@id\":\"https:\/\/novisad2022.rs\/en\/works-by-european-masters-of-painting-at-the-exhibition-in-the-gallery-of-matica-srpska\/#primaryimage\"},\"thumbnailUrl\":\"https:\/\/novisad2022.rs\/wp-content\/uploads\/2022\/02\/Izlozba-Migracije-u-umetnosti-umetnost-migracij-a-foto-NSEPK-V.-Velickovic.jpg\",\"keywords\":[\"exhibition\",\"Migrations\"],\"articleSection\":[\"News\"],\"inLanguage\":\"en-US\",\"potentialAction\":[{\"@type\":\"CommentAction\",\"name\":\"Comment\",\"target\":[\"https:\/\/novisad2022.rs\/en\/works-by-european-masters-of-painting-at-the-exhibition-in-the-gallery-of-matica-srpska\/#respond\"]}]},{\"@type\":\"WebPage\",\"@id\":\"https:\/\/novisad2022.rs\/en\/works-by-european-masters-of-painting-at-the-exhibition-in-the-gallery-of-matica-srpska\/\",\"url\":\"https:\/\/novisad2022.rs\/en\/works-by-european-masters-of-painting-at-the-exhibition-in-the-gallery-of-matica-srpska\/\",\"name\":\"Works by European Masters of Painting at the Exhibition in the Gallery of Matica Srpska - Novi Sad 2022\",\"isPartOf\":{\"@id\":\"https:\/\/novisad2022.rs\/en\/#website\"},\"primaryImageOfPage\":{\"@id\":\"https:\/\/novisad2022.rs\/en\/works-by-european-masters-of-painting-at-the-exhibition-in-the-gallery-of-matica-srpska\/#primaryimage\"},\"image\":{\"@id\":\"https:\/\/novisad2022.rs\/en\/works-by-european-masters-of-painting-at-the-exhibition-in-the-gallery-of-matica-srpska\/#primaryimage\"},\"thumbnailUrl\":\"https:\/\/novisad2022.rs\/wp-content\/uploads\/2022\/02\/Izlozba-Migracije-u-umetnosti-umetnost-migracij-a-foto-NSEPK-V.-Velickovic.jpg\",\"datePublished\":\"2022-02-18T11:12:21+00:00\",\"dateModified\":\"2022-02-18T11:23:31+00:00\",\"author\":{\"@id\":\"https:\/\/novisad2022.rs\/en\/#\/schema\/person\/ac5cc999e141a0cc6699aee7c62e6a77\"},\"description\":\"The exhibition \u2018Art of Migration \u2013 Migration in Art\u2019, will be opened in the Gallery of Matica Srpska on 18 February at 7 p.m.\",\"breadcrumb\":{\"@id\":\"https:\/\/novisad2022.rs\/en\/works-by-european-masters-of-painting-at-the-exhibition-in-the-gallery-of-matica-srpska\/#breadcrumb\"},\"inLanguage\":\"en-US\",\"potentialAction\":[{\"@type\":\"ReadAction\",\"target\":[\"https:\/\/novisad2022.rs\/en\/works-by-european-masters-of-painting-at-the-exhibition-in-the-gallery-of-matica-srpska\/\"]}]},{\"@type\":\"ImageObject\",\"inLanguage\":\"en-US\",\"@id\":\"https:\/\/novisad2022.rs\/en\/works-by-european-masters-of-painting-at-the-exhibition-in-the-gallery-of-matica-srpska\/#primaryimage\",\"url\":\"https:\/\/novisad2022.rs\/wp-content\/uploads\/2022\/02\/Izlozba-Migracije-u-umetnosti-umetnost-migracij-a-foto-NSEPK-V.-Velickovic.jpg\",\"contentUrl\":\"https:\/\/novisad2022.rs\/wp-content\/uploads\/2022\/02\/Izlozba-Migracije-u-umetnosti-umetnost-migracij-a-foto-NSEPK-V.-Velickovic.jpg\",\"width\":1200,\"height\":799,\"caption\":\"\u043c\u0438\u0433\u0440\u0430\u0446\u0438\u0458\u0435 \u0443 \u0443\u043c\u0435\u0442\u043d\u043e\u0441\u0442\u0438\"},{\"@type\":\"BreadcrumbList\",\"@id\":\"https:\/\/novisad2022.rs\/en\/works-by-european-masters-of-painting-at-the-exhibition-in-the-gallery-of-matica-srpska\/#breadcrumb\",\"itemListElement\":[{\"@type\":\"ListItem\",\"position\":1,\"name\":\"\u041f\u043e\u0447\u0435\u0442\u043d\u0430\",\"item\":\"https:\/\/novisad2022.rs\/en\/home-page\/\"},{\"@type\":\"ListItem\",\"position\":2,\"name\":\"Works by European Masters of Painting at the Exhibition in the Gallery of Matica Srpska\"}]},{\"@type\":\"WebSite\",\"@id\":\"https:\/\/novisad2022.rs\/en\/#website\",\"url\":\"https:\/\/novisad2022.rs\/en\/\",\"name\":\"Novi Sad 2022\",\"description\":\"European Capital of Culture\",\"potentialAction\":[{\"@type\":\"SearchAction\",\"target\":{\"@type\":\"EntryPoint\",\"urlTemplate\":\"https:\/\/novisad2022.rs\/en\/?s={search_term_string}\"},\"query-input\":{\"@type\":\"PropertyValueSpecification\",\"valueRequired\":true,\"valueName\":\"search_term_string\"}}],\"inLanguage\":\"en-US\"},{\"@type\":\"Person\",\"@id\":\"https:\/\/novisad2022.rs\/en\/#\/schema\/person\/ac5cc999e141a0cc6699aee7c62e6a77\",\"name\":\"Jasmina\",\"image\":{\"@type\":\"ImageObject\",\"inLanguage\":\"en-US\",\"@id\":\"https:\/\/novisad2022.rs\/en\/#\/schema\/person\/image\/\",\"url\":\"https:\/\/secure.gravatar.com\/avatar\/1e299e2f3bd9f7617d41a61a43fc086c80151f6f5c6fa7873322cb5d18af2492?s=96&d=mm&r=g\",\"contentUrl\":\"https:\/\/secure.gravatar.com\/avatar\/1e299e2f3bd9f7617d41a61a43fc086c80151f6f5c6fa7873322cb5d18af2492?s=96&d=mm&r=g\",\"caption\":\"Jasmina\"}}]}<\/script>\n<!-- \/ Yoast SEO plugin. -->","yoast_head_json":{"title":"Works by European Masters of Painting at the Exhibition in the Gallery of Matica Srpska - Novi Sad 2022","description":"The exhibition \u2018Art of Migration \u2013 Migration in Art\u2019, will be opened in the Gallery of Matica Srpska on 18 February at 7 p.m.","robots":{"index":"index","follow":"follow","max-snippet":"max-snippet:-1","max-image-preview":"max-image-preview:large","max-video-preview":"max-video-preview:-1"},"canonical":"https:\/\/novisad2022.rs\/en\/works-by-european-masters-of-painting-at-the-exhibition-in-the-gallery-of-matica-srpska\/","og_locale":"en_US","og_type":"article","og_title":"Works by European Masters of Painting at the Exhibition in the Gallery of Matica Srpska - Novi Sad 2022","og_description":"The exhibition \u2018Art of Migration \u2013 Migration in Art\u2019, will be opened in the Gallery of Matica Srpska on 18 February at 7 p.m.","og_url":"https:\/\/novisad2022.rs\/en\/works-by-european-masters-of-painting-at-the-exhibition-in-the-gallery-of-matica-srpska\/","og_site_name":"Novi Sad 2022","article_published_time":"2022-02-18T11:12:21+00:00","article_modified_time":"2022-02-18T11:23:31+00:00","og_image":[{"width":1200,"height":799,"url":"https:\/\/novisad2022.rs\/wp-content\/uploads\/2022\/02\/Izlozba-Migracije-u-umetnosti-umetnost-migracij-a-foto-NSEPK-V.-Velickovic.jpg","type":"image\/jpeg"}],"author":"Jasmina","twitter_card":"summary_large_image","twitter_misc":{"Written by":"Jasmina","Est. reading time":"4 minutes"},"schema":{"@context":"https:\/\/schema.org","@graph":[{"@type":"Article","@id":"https:\/\/novisad2022.rs\/en\/works-by-european-masters-of-painting-at-the-exhibition-in-the-gallery-of-matica-srpska\/#article","isPartOf":{"@id":"https:\/\/novisad2022.rs\/en\/works-by-european-masters-of-painting-at-the-exhibition-in-the-gallery-of-matica-srpska\/"},"author":{"name":"Jasmina","@id":"https:\/\/novisad2022.rs\/en\/#\/schema\/person\/ac5cc999e141a0cc6699aee7c62e6a77"},"headline":"Works by European Masters of Painting at the Exhibition in the Gallery of Matica Srpska","datePublished":"2022-02-18T11:12:21+00:00","dateModified":"2022-02-18T11:23:31+00:00","mainEntityOfPage":{"@id":"https:\/\/novisad2022.rs\/en\/works-by-european-masters-of-painting-at-the-exhibition-in-the-gallery-of-matica-srpska\/"},"wordCount":631,"commentCount":0,"image":{"@id":"https:\/\/novisad2022.rs\/en\/works-by-european-masters-of-painting-at-the-exhibition-in-the-gallery-of-matica-srpska\/#primaryimage"},"thumbnailUrl":"https:\/\/novisad2022.rs\/wp-content\/uploads\/2022\/02\/Izlozba-Migracije-u-umetnosti-umetnost-migracij-a-foto-NSEPK-V.-Velickovic.jpg","keywords":["exhibition","Migrations"],"articleSection":["News"],"inLanguage":"en-US","potentialAction":[{"@type":"CommentAction","name":"Comment","target":["https:\/\/novisad2022.rs\/en\/works-by-european-masters-of-painting-at-the-exhibition-in-the-gallery-of-matica-srpska\/#respond"]}]},{"@type":"WebPage","@id":"https:\/\/novisad2022.rs\/en\/works-by-european-masters-of-painting-at-the-exhibition-in-the-gallery-of-matica-srpska\/","url":"https:\/\/novisad2022.rs\/en\/works-by-european-masters-of-painting-at-the-exhibition-in-the-gallery-of-matica-srpska\/","name":"Works by European Masters of Painting at the Exhibition in the Gallery of Matica Srpska - Novi Sad 2022","isPartOf":{"@id":"https:\/\/novisad2022.rs\/en\/#website"},"primaryImageOfPage":{"@id":"https:\/\/novisad2022.rs\/en\/works-by-european-masters-of-painting-at-the-exhibition-in-the-gallery-of-matica-srpska\/#primaryimage"},"image":{"@id":"https:\/\/novisad2022.rs\/en\/works-by-european-masters-of-painting-at-the-exhibition-in-the-gallery-of-matica-srpska\/#primaryimage"},"thumbnailUrl":"https:\/\/novisad2022.rs\/wp-content\/uploads\/2022\/02\/Izlozba-Migracije-u-umetnosti-umetnost-migracij-a-foto-NSEPK-V.-Velickovic.jpg","datePublished":"2022-02-18T11:12:21+00:00","dateModified":"2022-02-18T11:23:31+00:00","author":{"@id":"https:\/\/novisad2022.rs\/en\/#\/schema\/person\/ac5cc999e141a0cc6699aee7c62e6a77"},"description":"The exhibition \u2018Art of Migration \u2013 Migration in Art\u2019, will be opened in the Gallery of Matica Srpska on 18 February at 7 p.m.","breadcrumb":{"@id":"https:\/\/novisad2022.rs\/en\/works-by-european-masters-of-painting-at-the-exhibition-in-the-gallery-of-matica-srpska\/#breadcrumb"},"inLanguage":"en-US","potentialAction":[{"@type":"ReadAction","target":["https:\/\/novisad2022.rs\/en\/works-by-european-masters-of-painting-at-the-exhibition-in-the-gallery-of-matica-srpska\/"]}]},{"@type":"ImageObject","inLanguage":"en-US","@id":"https:\/\/novisad2022.rs\/en\/works-by-european-masters-of-painting-at-the-exhibition-in-the-gallery-of-matica-srpska\/#primaryimage","url":"https:\/\/novisad2022.rs\/wp-content\/uploads\/2022\/02\/Izlozba-Migracije-u-umetnosti-umetnost-migracij-a-foto-NSEPK-V.-Velickovic.jpg","contentUrl":"https:\/\/novisad2022.rs\/wp-content\/uploads\/2022\/02\/Izlozba-Migracije-u-umetnosti-umetnost-migracij-a-foto-NSEPK-V.-Velickovic.jpg","width":1200,"height":799,"caption":"\u043c\u0438\u0433\u0440\u0430\u0446\u0438\u0458\u0435 \u0443 \u0443\u043c\u0435\u0442\u043d\u043e\u0441\u0442\u0438"},{"@type":"BreadcrumbList","@id":"https:\/\/novisad2022.rs\/en\/works-by-european-masters-of-painting-at-the-exhibition-in-the-gallery-of-matica-srpska\/#breadcrumb","itemListElement":[{"@type":"ListItem","position":1,"name":"\u041f\u043e\u0447\u0435\u0442\u043d\u0430","item":"https:\/\/novisad2022.rs\/en\/home-page\/"},{"@type":"ListItem","position":2,"name":"Works by European Masters of Painting at the Exhibition in the Gallery of Matica Srpska"}]},{"@type":"WebSite","@id":"https:\/\/novisad2022.rs\/en\/#website","url":"https:\/\/novisad2022.rs\/en\/","name":"Novi Sad 2022","description":"European Capital of Culture","potentialAction":[{"@type":"SearchAction","target":{"@type":"EntryPoint","urlTemplate":"https:\/\/novisad2022.rs\/en\/?s={search_term_string}"},"query-input":{"@type":"PropertyValueSpecification","valueRequired":true,"valueName":"search_term_string"}}],"inLanguage":"en-US"},{"@type":"Person","@id":"https:\/\/novisad2022.rs\/en\/#\/schema\/person\/ac5cc999e141a0cc6699aee7c62e6a77","name":"Jasmina","image":{"@type":"ImageObject","inLanguage":"en-US","@id":"https:\/\/novisad2022.rs\/en\/#\/schema\/person\/image\/","url":"https:\/\/secure.gravatar.com\/avatar\/1e299e2f3bd9f7617d41a61a43fc086c80151f6f5c6fa7873322cb5d18af2492?s=96&d=mm&r=g","contentUrl":"https:\/\/secure.gravatar.com\/avatar\/1e299e2f3bd9f7617d41a61a43fc086c80151f6f5c6fa7873322cb5d18af2492?s=96&d=mm&r=g","caption":"Jasmina"}}]}},"_links":{"self":[{"href":"https:\/\/novisad2022.rs\/en\/wp-json\/wp\/v2\/posts\/18873","targetHints":{"allow":["GET"]}}],"collection":[{"href":"https:\/\/novisad2022.rs\/en\/wp-json\/wp\/v2\/posts"}],"about":[{"href":"https:\/\/novisad2022.rs\/en\/wp-json\/wp\/v2\/types\/post"}],"author":[{"embeddable":true,"href":"https:\/\/novisad2022.rs\/en\/wp-json\/wp\/v2\/users\/8"}],"replies":[{"embeddable":true,"href":"https:\/\/novisad2022.rs\/en\/wp-json\/wp\/v2\/comments?post=18873"}],"version-history":[{"count":2,"href":"https:\/\/novisad2022.rs\/en\/wp-json\/wp\/v2\/posts\/18873\/revisions"}],"predecessor-version":[{"id":18878,"href":"https:\/\/novisad2022.rs\/en\/wp-json\/wp\/v2\/posts\/18873\/revisions\/18878"}],"wp:featuredmedia":[{"embeddable":true,"href":"https:\/\/novisad2022.rs\/en\/wp-json\/wp\/v2\/media\/18711"}],"wp:attachment":[{"href":"https:\/\/novisad2022.rs\/en\/wp-json\/wp\/v2\/media?parent=18873"}],"wp:term":[{"taxonomy":"category","embeddable":true,"href":"https:\/\/novisad2022.rs\/en\/wp-json\/wp\/v2\/categories?post=18873"},{"taxonomy":"post_tag","embeddable":true,"href":"https:\/\/novisad2022.rs\/en\/wp-json\/wp\/v2\/tags?post=18873"}],"curies":[{"name":"wp","href":"https:\/\/api.w.org\/{rel}","templated":true}]}}