{"id":19659,"date":"2022-03-09T16:26:19","date_gmt":"2022-03-09T15:26:19","guid":{"rendered":"https:\/\/novisad2022.rs\/?p=19659"},"modified":"2022-03-09T16:26:19","modified_gmt":"2022-03-09T15:26:19","slug":"the-sound-of-sevdalinka-in-the-european-capital-of-culture","status":"publish","type":"post","link":"https:\/\/novisad2022.rs\/en\/the-sound-of-sevdalinka-in-the-european-capital-of-culture\/","title":{"rendered":"The Sound of Sevdalinka in the European Capital of Culture"},"content":{"rendered":"<p>One of the most successful and extravagant artists in the region, top performer and author of sevdalinka <strong>Bo\u017eo Vre\u0107o<\/strong> and famous musician <strong>Edin Karamazov<\/strong> <strong>will present the joint studio album \u2018Lachirmae\u2019 at the City Concert Hall in Novi Sad on Tuesday, 15 March<\/strong>. <a href=\"https:\/\/kalendar.novisad2022.rs\/en\/events\/bozo-vreco-3\/\"><strong>The concert<\/strong><\/a> will be held <strong>at 6 p.m. and then again at 8.30 p.m.<\/strong> as part of the <a href=\"https:\/\/kalendar.novisad2022.rs\/en\/migrations\/\"><strong>Migrations<\/strong><\/a> programme arch, which examines the themes of the positive impact of migration.<\/p>\n<p>The artist and songwriter, Bo\u017eo Vre\u0107o, released the album <strong>\u2018Lachirmae\u2019<\/strong> in 2020 in collaboration with Edin Karamazov. During the first collaboration, Bo\u017eo Vre\u0107o and Edin Karamazov presented themselves to the audience with 11 songs that were a real refreshment for the world music scene aficionados, as well as for the loyal fans of these two performers. The album was announced and then opened with the first single, a cover of the famous \u2018Emina\u2019. The album also includes the songs \u2018Bor sadila moma Evgenija\u2019, \u2018Nani nani\u2019 (Canci\u00f3n sefard\u00ed), \u2018Kad ja po\u0111oh na Bemba\u0161u\u2019 (instrumental), \u2018Sjela \u0111eva pored mora\u2019, \u2018K\u00e2tibim\u2019, \u2018Si zaljubiv edno mome\u2019, \u2018A\u0161ik osta\u2019 na te o\u010di\u2019, \u2018Oh, jesenje duge no\u0107i\u2019, \u2019\u0160to te nema\u2019 and \u2018Dunjalu\u010de, golem li si\u2019.<\/p>\n<div id='gallery-1' class='gallery galleryid-19659 gallery-columns-2 gallery-size-full'><figure class='gallery-item'>\r\n\t\t\t<div class='gallery-icon landscape'>\r\n\t\t\t\t<a href='https:\/\/novisad2022.rs\/en\/the-sound-of-sevdalinka-in-the-european-capital-of-culture\/bozo-vreco-foto-mario-klein-3\/'><img fetchpriority=\"high\" decoding=\"async\" width=\"1200\" height=\"800\" src=\"https:\/\/novisad2022.rs\/wp-content\/uploads\/2022\/03\/Bozo-Vreco-foto-Mario-Klein-2.jpg\" class=\"attachment-full size-full\" alt=\"bozo-vreco\" srcset=\"https:\/\/novisad2022.rs\/wp-content\/uploads\/2022\/03\/Bozo-Vreco-foto-Mario-Klein-2.jpg 1200w, https:\/\/novisad2022.rs\/wp-content\/uploads\/2022\/03\/Bozo-Vreco-foto-Mario-Klein-2-300x200.jpg 300w, https:\/\/novisad2022.rs\/wp-content\/uploads\/2022\/03\/Bozo-Vreco-foto-Mario-Klein-2-1024x683.jpg 1024w, https:\/\/novisad2022.rs\/wp-content\/uploads\/2022\/03\/Bozo-Vreco-foto-Mario-Klein-2-768x512.jpg 768w\" sizes=\"(max-width: 1200px) 100vw, 1200px\" \/><\/a>\r\n\t\t\t<\/div><\/figure><figure class='gallery-item'>\r\n\t\t\t<div class='gallery-icon landscape'>\r\n\t\t\t\t<a href='https:\/\/novisad2022.rs\/en\/the-sound-of-sevdalinka-in-the-european-capital-of-culture\/edin-karamazov-foto-luca-pozzoli-3\/'><img decoding=\"async\" width=\"1200\" height=\"800\" src=\"https:\/\/novisad2022.rs\/wp-content\/uploads\/2022\/03\/Edin-Karamazov-foto-Luca-Pozzoli-2.jpg\" class=\"attachment-full size-full\" alt=\"\" srcset=\"https:\/\/novisad2022.rs\/wp-content\/uploads\/2022\/03\/Edin-Karamazov-foto-Luca-Pozzoli-2.jpg 1200w, https:\/\/novisad2022.rs\/wp-content\/uploads\/2022\/03\/Edin-Karamazov-foto-Luca-Pozzoli-2-300x200.jpg 300w, https:\/\/novisad2022.rs\/wp-content\/uploads\/2022\/03\/Edin-Karamazov-foto-Luca-Pozzoli-2-1024x683.jpg 1024w, https:\/\/novisad2022.rs\/wp-content\/uploads\/2022\/03\/Edin-Karamazov-foto-Luca-Pozzoli-2-768x512.jpg 768w\" sizes=\"(max-width: 1200px) 100vw, 1200px\" \/><\/a>\r\n\t\t\t<\/div><\/figure>\r\n\t\t<\/div>\n\n<p>Apart from sevdah, musician <strong>Bo\u017eo Vre\u0107o<\/strong> also enjoys soul music and jazz and blues, and he\u2019s been trying to include elements of these musical directions in his songs for years. At the beginning of his career as a member of Halka, Bo\u017eo released two albums: \u2018Halka\u2019 in 2013, and \u2018O ljubavi\u2019 in 2014. He continued his career as a solo artist adding four more albums to his discography: \u2018Moj sevdah\u2019 (2014), \u2018Pandora\u2019 (2017), \u2018Melek\u2019 (2018), and the previously mentioned album \u2018Lachirmae\u2019 (2020), in collaboration with the famous guitarist Edin Karamazov.<\/p>\n<p>In addition to collaborating with Bo\u017eo Vre\u0107o, <strong>Edin Karamazov<\/strong> also worked with Sting and many other performers such as Elvis Costello, Jordie Savall, Ren\u00e9e Fleming and Stefan Milenkovi\u0107.<\/p>\n<p>Tickets are on sale at <a href=\"http:\/\/gigstix.com\/prodajna-mesta-gde-kupiti-ulaznice\">Gigstix ticket offices<\/a> and online via <a href=\"http:\/\/gigstix.com\/ns2022\">gigstix.com<\/a>. <strong>A green Covid-19 certificate or a negative coronavirus test is required to enter the venue and wearing a mask during the concert is mandatory.<\/strong><\/p>\n<p><em>Photo: Sead \u0160a\u0161ivarevi\u0107, Mario Klein, Luca Pozzoli<\/em><\/p>","protected":false},"excerpt":{"rendered":"<p>One of the most successful and extravagant artists in the region, top performer and author of sevdalinka Bo\u017eo Vre\u0107o and famous musician Edin Karamazov will present the joint studio album \u2018Lachirmae\u2019 at the City Concert Hall in Novi Sad on Tuesday, 15 March. The concert will be held at 6 p.m. and then again at [&hellip;]<\/p>\n","protected":false},"author":8,"featured_media":19624,"comment_status":"open","ping_status":"open","sticky":false,"template":"","format":"standard","meta":{"site-sidebar-layout":"default","site-content-layout":"default","ast-site-content-layout":"default","site-content-style":"default","site-sidebar-style":"default","ast-global-header-display":"","ast-banner-title-visibility":"","ast-main-header-display":"","ast-hfb-above-header-display":"","ast-hfb-below-header-display":"","ast-hfb-mobile-header-display":"","site-post-title":"","ast-breadcrumbs-content":"","ast-featured-img":"","footer-sml-layout":"","ast-disable-related-posts":"","theme-transparent-header-meta":"default","adv-header-id-meta":"","stick-header-meta":"","header-above-stick-meta":"","header-main-stick-meta":"","header-below-stick-meta":"","astra-migrate-meta-layouts":"default","ast-page-background-enabled":"default","ast-page-background-meta":{"desktop":{"background-color":"","background-image":"","background-repeat":"repeat","background-position":"center center","background-size":"auto","background-attachment":"scroll","background-type":"","background-media":"","overlay-type":"","overlay-color":"","overlay-opacity":"","overlay-gradient":""},"tablet":{"background-color":"","background-image":"","background-repeat":"repeat","background-position":"center center","background-size":"auto","background-attachment":"scroll","background-type":"","background-media":"","overlay-type":"","overlay-color":"","overlay-opacity":"","overlay-gradient":""},"mobile":{"background-color":"","background-image":"","background-repeat":"repeat","background-position":"center center","background-size":"auto","background-attachment":"scroll","background-type":"","background-media":"","overlay-type":"","overlay-color":"","overlay-opacity":"","overlay-gradient":""}},"ast-content-background-meta":{"desktop":{"background-color":"var(--ast-global-color-5)","background-image":"","background-repeat":"repeat","background-position":"center center","background-size":"auto","background-attachment":"scroll","background-type":"","background-media":"","overlay-type":"","overlay-color":"","overlay-opacity":"","overlay-gradient":""},"tablet":{"background-color":"var(--ast-global-color-5)","background-image":"","background-repeat":"repeat","background-position":"center center","background-size":"auto","background-attachment":"scroll","background-type":"","background-media":"","overlay-type":"","overlay-color":"","overlay-opacity":"","overlay-gradient":""},"mobile":{"background-color":"var(--ast-global-color-5)","background-image":"","background-repeat":"repeat","background-position":"center center","background-size":"auto","background-attachment":"scroll","background-type":"","background-media":"","overlay-type":"","overlay-color":"","overlay-opacity":"","overlay-gradient":""}},"footnotes":""},"categories":[70],"tags":[2545,1722,2491,1769,2393],"class_list":["post-19659","post","type-post","status-publish","format-standard","has-post-thumbnail","hentry","category-news","tag-concert-en","tag-european-capital-of-culture-en","tag-migrations","tag-novi-sad-en","tag-novi-sad-european-capital-of-culture-en"],"yoast_head":"<!-- This site is optimized with the Yoast SEO plugin v27.0 - https:\/\/yoast.com\/product\/yoast-seo-wordpress\/ -->\n<title>The Sound of Sevdalinka in the European Capital of Culture<\/title>\n<meta name=\"description\" content=\"Bo\u017eo Vre\u0107o and Edin Karamazov will present the joint studio album \u2018Lachirmae\u2019 at the City Concert Hall in Novi Sad on Tuesday, 15 March.\" \/>\n<meta name=\"robots\" content=\"index, follow, max-snippet:-1, max-image-preview:large, max-video-preview:-1\" \/>\n<link rel=\"canonical\" href=\"https:\/\/novisad2022.rs\/en\/the-sound-of-sevdalinka-in-the-european-capital-of-culture\/\" \/>\n<meta property=\"og:locale\" content=\"en_US\" \/>\n<meta property=\"og:type\" content=\"article\" \/>\n<meta property=\"og:title\" content=\"The Sound of Sevdalinka in the European Capital of Culture\" \/>\n<meta property=\"og:description\" content=\"Bo\u017eo Vre\u0107o and Edin Karamazov will present the joint studio album \u2018Lachirmae\u2019 at the City Concert Hall in Novi Sad on Tuesday, 15 March.\" \/>\n<meta property=\"og:url\" content=\"https:\/\/novisad2022.rs\/en\/the-sound-of-sevdalinka-in-the-european-capital-of-culture\/\" \/>\n<meta property=\"og:site_name\" content=\"Novi Sad 2022\" \/>\n<meta property=\"article:published_time\" content=\"2022-03-09T15:26:19+00:00\" \/>\n<meta property=\"og:image\" content=\"https:\/\/novisad2022.rs\/wp-content\/uploads\/2022\/03\/Bozo-Vreco-i-Edin-Karamazov-foto-Sead-Sasivarevic.jpg\" \/>\n\t<meta property=\"og:image:width\" content=\"1200\" \/>\n\t<meta property=\"og:image:height\" content=\"1200\" \/>\n\t<meta property=\"og:image:type\" content=\"image\/jpeg\" \/>\n<meta name=\"author\" content=\"Jasmina\" \/>\n<meta name=\"twitter:card\" content=\"summary_large_image\" \/>\n<meta name=\"twitter:label1\" content=\"Written by\" \/>\n\t<meta name=\"twitter:data1\" content=\"Jasmina\" \/>\n\t<meta name=\"twitter:label2\" content=\"Est. reading time\" \/>\n\t<meta name=\"twitter:data2\" content=\"2 minutes\" \/>\n<script type=\"application\/ld+json\" class=\"yoast-schema-graph\">{\"@context\":\"https:\/\/schema.org\",\"@graph\":[{\"@type\":\"Article\",\"@id\":\"https:\/\/novisad2022.rs\/en\/the-sound-of-sevdalinka-in-the-european-capital-of-culture\/#article\",\"isPartOf\":{\"@id\":\"https:\/\/novisad2022.rs\/en\/the-sound-of-sevdalinka-in-the-european-capital-of-culture\/\"},\"author\":{\"name\":\"Jasmina\",\"@id\":\"https:\/\/novisad2022.rs\/en\/#\/schema\/person\/ac5cc999e141a0cc6699aee7c62e6a77\"},\"headline\":\"The Sound of Sevdalinka in the European Capital of Culture\",\"datePublished\":\"2022-03-09T15:26:19+00:00\",\"mainEntityOfPage\":{\"@id\":\"https:\/\/novisad2022.rs\/en\/the-sound-of-sevdalinka-in-the-european-capital-of-culture\/\"},\"wordCount\":383,\"commentCount\":0,\"image\":{\"@id\":\"https:\/\/novisad2022.rs\/en\/the-sound-of-sevdalinka-in-the-european-capital-of-culture\/#primaryimage\"},\"thumbnailUrl\":\"https:\/\/novisad2022.rs\/wp-content\/uploads\/2022\/03\/Bozo-Vreco-i-Edin-Karamazov-foto-Sead-Sasivarevic.jpg\",\"keywords\":[\"concert\",\"european capital of culture\",\"Migrations\",\"novi sad\",\"Novi Sad \u2013 European Capital of Culture\"],\"articleSection\":[\"News\"],\"inLanguage\":\"en-US\",\"potentialAction\":[{\"@type\":\"CommentAction\",\"name\":\"Comment\",\"target\":[\"https:\/\/novisad2022.rs\/en\/the-sound-of-sevdalinka-in-the-european-capital-of-culture\/#respond\"]}]},{\"@type\":\"WebPage\",\"@id\":\"https:\/\/novisad2022.rs\/en\/the-sound-of-sevdalinka-in-the-european-capital-of-culture\/\",\"url\":\"https:\/\/novisad2022.rs\/en\/the-sound-of-sevdalinka-in-the-european-capital-of-culture\/\",\"name\":\"The Sound of Sevdalinka in the European Capital of Culture\",\"isPartOf\":{\"@id\":\"https:\/\/novisad2022.rs\/en\/#website\"},\"primaryImageOfPage\":{\"@id\":\"https:\/\/novisad2022.rs\/en\/the-sound-of-sevdalinka-in-the-european-capital-of-culture\/#primaryimage\"},\"image\":{\"@id\":\"https:\/\/novisad2022.rs\/en\/the-sound-of-sevdalinka-in-the-european-capital-of-culture\/#primaryimage\"},\"thumbnailUrl\":\"https:\/\/novisad2022.rs\/wp-content\/uploads\/2022\/03\/Bozo-Vreco-i-Edin-Karamazov-foto-Sead-Sasivarevic.jpg\",\"datePublished\":\"2022-03-09T15:26:19+00:00\",\"author\":{\"@id\":\"https:\/\/novisad2022.rs\/en\/#\/schema\/person\/ac5cc999e141a0cc6699aee7c62e6a77\"},\"description\":\"Bo\u017eo Vre\u0107o and Edin Karamazov will present the joint studio album \u2018Lachirmae\u2019 at the City Concert Hall in Novi Sad on Tuesday, 15 March.\",\"breadcrumb\":{\"@id\":\"https:\/\/novisad2022.rs\/en\/the-sound-of-sevdalinka-in-the-european-capital-of-culture\/#breadcrumb\"},\"inLanguage\":\"en-US\",\"potentialAction\":[{\"@type\":\"ReadAction\",\"target\":[\"https:\/\/novisad2022.rs\/en\/the-sound-of-sevdalinka-in-the-european-capital-of-culture\/\"]}]},{\"@type\":\"ImageObject\",\"inLanguage\":\"en-US\",\"@id\":\"https:\/\/novisad2022.rs\/en\/the-sound-of-sevdalinka-in-the-european-capital-of-culture\/#primaryimage\",\"url\":\"https:\/\/novisad2022.rs\/wp-content\/uploads\/2022\/03\/Bozo-Vreco-i-Edin-Karamazov-foto-Sead-Sasivarevic.jpg\",\"contentUrl\":\"https:\/\/novisad2022.rs\/wp-content\/uploads\/2022\/03\/Bozo-Vreco-i-Edin-Karamazov-foto-Sead-Sasivarevic.jpg\",\"width\":1200,\"height\":1200,\"caption\":\"bozo-vreco\"},{\"@type\":\"BreadcrumbList\",\"@id\":\"https:\/\/novisad2022.rs\/en\/the-sound-of-sevdalinka-in-the-european-capital-of-culture\/#breadcrumb\",\"itemListElement\":[{\"@type\":\"ListItem\",\"position\":1,\"name\":\"\u041f\u043e\u0447\u0435\u0442\u043d\u0430\",\"item\":\"https:\/\/novisad2022.rs\/en\/home-page\/\"},{\"@type\":\"ListItem\",\"position\":2,\"name\":\"The Sound of Sevdalinka in the European Capital of Culture\"}]},{\"@type\":\"WebSite\",\"@id\":\"https:\/\/novisad2022.rs\/en\/#website\",\"url\":\"https:\/\/novisad2022.rs\/en\/\",\"name\":\"Novi Sad 2022\",\"description\":\"European Capital of Culture\",\"potentialAction\":[{\"@type\":\"SearchAction\",\"target\":{\"@type\":\"EntryPoint\",\"urlTemplate\":\"https:\/\/novisad2022.rs\/en\/?s={search_term_string}\"},\"query-input\":{\"@type\":\"PropertyValueSpecification\",\"valueRequired\":true,\"valueName\":\"search_term_string\"}}],\"inLanguage\":\"en-US\"},{\"@type\":\"Person\",\"@id\":\"https:\/\/novisad2022.rs\/en\/#\/schema\/person\/ac5cc999e141a0cc6699aee7c62e6a77\",\"name\":\"Jasmina\",\"image\":{\"@type\":\"ImageObject\",\"inLanguage\":\"en-US\",\"@id\":\"https:\/\/novisad2022.rs\/en\/#\/schema\/person\/image\/\",\"url\":\"https:\/\/secure.gravatar.com\/avatar\/1e299e2f3bd9f7617d41a61a43fc086c80151f6f5c6fa7873322cb5d18af2492?s=96&d=mm&r=g\",\"contentUrl\":\"https:\/\/secure.gravatar.com\/avatar\/1e299e2f3bd9f7617d41a61a43fc086c80151f6f5c6fa7873322cb5d18af2492?s=96&d=mm&r=g\",\"caption\":\"Jasmina\"}}]}<\/script>\n<!-- \/ Yoast SEO plugin. -->","yoast_head_json":{"title":"The Sound of Sevdalinka in the European Capital of Culture","description":"Bo\u017eo Vre\u0107o and Edin Karamazov will present the joint studio album \u2018Lachirmae\u2019 at the City Concert Hall in Novi Sad on Tuesday, 15 March.","robots":{"index":"index","follow":"follow","max-snippet":"max-snippet:-1","max-image-preview":"max-image-preview:large","max-video-preview":"max-video-preview:-1"},"canonical":"https:\/\/novisad2022.rs\/en\/the-sound-of-sevdalinka-in-the-european-capital-of-culture\/","og_locale":"en_US","og_type":"article","og_title":"The Sound of Sevdalinka in the European Capital of Culture","og_description":"Bo\u017eo Vre\u0107o and Edin Karamazov will present the joint studio album \u2018Lachirmae\u2019 at the City Concert Hall in Novi Sad on Tuesday, 15 March.","og_url":"https:\/\/novisad2022.rs\/en\/the-sound-of-sevdalinka-in-the-european-capital-of-culture\/","og_site_name":"Novi Sad 2022","article_published_time":"2022-03-09T15:26:19+00:00","og_image":[{"width":1200,"height":1200,"url":"https:\/\/novisad2022.rs\/wp-content\/uploads\/2022\/03\/Bozo-Vreco-i-Edin-Karamazov-foto-Sead-Sasivarevic.jpg","type":"image\/jpeg"}],"author":"Jasmina","twitter_card":"summary_large_image","twitter_misc":{"Written by":"Jasmina","Est. reading time":"2 minutes"},"schema":{"@context":"https:\/\/schema.org","@graph":[{"@type":"Article","@id":"https:\/\/novisad2022.rs\/en\/the-sound-of-sevdalinka-in-the-european-capital-of-culture\/#article","isPartOf":{"@id":"https:\/\/novisad2022.rs\/en\/the-sound-of-sevdalinka-in-the-european-capital-of-culture\/"},"author":{"name":"Jasmina","@id":"https:\/\/novisad2022.rs\/en\/#\/schema\/person\/ac5cc999e141a0cc6699aee7c62e6a77"},"headline":"The Sound of Sevdalinka in the European Capital of Culture","datePublished":"2022-03-09T15:26:19+00:00","mainEntityOfPage":{"@id":"https:\/\/novisad2022.rs\/en\/the-sound-of-sevdalinka-in-the-european-capital-of-culture\/"},"wordCount":383,"commentCount":0,"image":{"@id":"https:\/\/novisad2022.rs\/en\/the-sound-of-sevdalinka-in-the-european-capital-of-culture\/#primaryimage"},"thumbnailUrl":"https:\/\/novisad2022.rs\/wp-content\/uploads\/2022\/03\/Bozo-Vreco-i-Edin-Karamazov-foto-Sead-Sasivarevic.jpg","keywords":["concert","european capital of culture","Migrations","novi sad","Novi Sad \u2013 European Capital of Culture"],"articleSection":["News"],"inLanguage":"en-US","potentialAction":[{"@type":"CommentAction","name":"Comment","target":["https:\/\/novisad2022.rs\/en\/the-sound-of-sevdalinka-in-the-european-capital-of-culture\/#respond"]}]},{"@type":"WebPage","@id":"https:\/\/novisad2022.rs\/en\/the-sound-of-sevdalinka-in-the-european-capital-of-culture\/","url":"https:\/\/novisad2022.rs\/en\/the-sound-of-sevdalinka-in-the-european-capital-of-culture\/","name":"The Sound of Sevdalinka in the European Capital of Culture","isPartOf":{"@id":"https:\/\/novisad2022.rs\/en\/#website"},"primaryImageOfPage":{"@id":"https:\/\/novisad2022.rs\/en\/the-sound-of-sevdalinka-in-the-european-capital-of-culture\/#primaryimage"},"image":{"@id":"https:\/\/novisad2022.rs\/en\/the-sound-of-sevdalinka-in-the-european-capital-of-culture\/#primaryimage"},"thumbnailUrl":"https:\/\/novisad2022.rs\/wp-content\/uploads\/2022\/03\/Bozo-Vreco-i-Edin-Karamazov-foto-Sead-Sasivarevic.jpg","datePublished":"2022-03-09T15:26:19+00:00","author":{"@id":"https:\/\/novisad2022.rs\/en\/#\/schema\/person\/ac5cc999e141a0cc6699aee7c62e6a77"},"description":"Bo\u017eo Vre\u0107o and Edin Karamazov will present the joint studio album \u2018Lachirmae\u2019 at the City Concert Hall in Novi Sad on Tuesday, 15 March.","breadcrumb":{"@id":"https:\/\/novisad2022.rs\/en\/the-sound-of-sevdalinka-in-the-european-capital-of-culture\/#breadcrumb"},"inLanguage":"en-US","potentialAction":[{"@type":"ReadAction","target":["https:\/\/novisad2022.rs\/en\/the-sound-of-sevdalinka-in-the-european-capital-of-culture\/"]}]},{"@type":"ImageObject","inLanguage":"en-US","@id":"https:\/\/novisad2022.rs\/en\/the-sound-of-sevdalinka-in-the-european-capital-of-culture\/#primaryimage","url":"https:\/\/novisad2022.rs\/wp-content\/uploads\/2022\/03\/Bozo-Vreco-i-Edin-Karamazov-foto-Sead-Sasivarevic.jpg","contentUrl":"https:\/\/novisad2022.rs\/wp-content\/uploads\/2022\/03\/Bozo-Vreco-i-Edin-Karamazov-foto-Sead-Sasivarevic.jpg","width":1200,"height":1200,"caption":"bozo-vreco"},{"@type":"BreadcrumbList","@id":"https:\/\/novisad2022.rs\/en\/the-sound-of-sevdalinka-in-the-european-capital-of-culture\/#breadcrumb","itemListElement":[{"@type":"ListItem","position":1,"name":"\u041f\u043e\u0447\u0435\u0442\u043d\u0430","item":"https:\/\/novisad2022.rs\/en\/home-page\/"},{"@type":"ListItem","position":2,"name":"The Sound of Sevdalinka in the European Capital of Culture"}]},{"@type":"WebSite","@id":"https:\/\/novisad2022.rs\/en\/#website","url":"https:\/\/novisad2022.rs\/en\/","name":"Novi Sad 2022","description":"European Capital of Culture","potentialAction":[{"@type":"SearchAction","target":{"@type":"EntryPoint","urlTemplate":"https:\/\/novisad2022.rs\/en\/?s={search_term_string}"},"query-input":{"@type":"PropertyValueSpecification","valueRequired":true,"valueName":"search_term_string"}}],"inLanguage":"en-US"},{"@type":"Person","@id":"https:\/\/novisad2022.rs\/en\/#\/schema\/person\/ac5cc999e141a0cc6699aee7c62e6a77","name":"Jasmina","image":{"@type":"ImageObject","inLanguage":"en-US","@id":"https:\/\/novisad2022.rs\/en\/#\/schema\/person\/image\/","url":"https:\/\/secure.gravatar.com\/avatar\/1e299e2f3bd9f7617d41a61a43fc086c80151f6f5c6fa7873322cb5d18af2492?s=96&d=mm&r=g","contentUrl":"https:\/\/secure.gravatar.com\/avatar\/1e299e2f3bd9f7617d41a61a43fc086c80151f6f5c6fa7873322cb5d18af2492?s=96&d=mm&r=g","caption":"Jasmina"}}]}},"_links":{"self":[{"href":"https:\/\/novisad2022.rs\/en\/wp-json\/wp\/v2\/posts\/19659","targetHints":{"allow":["GET"]}}],"collection":[{"href":"https:\/\/novisad2022.rs\/en\/wp-json\/wp\/v2\/posts"}],"about":[{"href":"https:\/\/novisad2022.rs\/en\/wp-json\/wp\/v2\/types\/post"}],"author":[{"embeddable":true,"href":"https:\/\/novisad2022.rs\/en\/wp-json\/wp\/v2\/users\/8"}],"replies":[{"embeddable":true,"href":"https:\/\/novisad2022.rs\/en\/wp-json\/wp\/v2\/comments?post=19659"}],"version-history":[{"count":2,"href":"https:\/\/novisad2022.rs\/en\/wp-json\/wp\/v2\/posts\/19659\/revisions"}],"predecessor-version":[{"id":19663,"href":"https:\/\/novisad2022.rs\/en\/wp-json\/wp\/v2\/posts\/19659\/revisions\/19663"}],"wp:featuredmedia":[{"embeddable":true,"href":"https:\/\/novisad2022.rs\/en\/wp-json\/wp\/v2\/media\/19624"}],"wp:attachment":[{"href":"https:\/\/novisad2022.rs\/en\/wp-json\/wp\/v2\/media?parent=19659"}],"wp:term":[{"taxonomy":"category","embeddable":true,"href":"https:\/\/novisad2022.rs\/en\/wp-json\/wp\/v2\/categories?post=19659"},{"taxonomy":"post_tag","embeddable":true,"href":"https:\/\/novisad2022.rs\/en\/wp-json\/wp\/v2\/tags?post=19659"}],"curies":[{"name":"wp","href":"https:\/\/api.w.org\/{rel}","templated":true}]}}