{"id":24558,"date":"2022-05-25T16:46:19","date_gmt":"2022-05-25T14:46:19","guid":{"rendered":"https:\/\/novisad2022.rs\/?p=24558"},"modified":"2022-05-30T14:10:37","modified_gmt":"2022-05-30T12:10:37","slug":"programmes-for-children-at-the-fruska-gora-vila-festival","status":"publish","type":"post","link":"https:\/\/novisad2022.rs\/en\/programmes-for-children-at-the-fruska-gora-vila-festival\/","title":{"rendered":"Programmes for Children at the Fru\u0161ka Gora \u2018Vila\u2019 Festival"},"content":{"rendered":"<p><strong>The <a href=\"https:\/\/kalendar.novisad2022.rs\/en\/events\/the-fairy-of-fruska-gora\/\">\u2018Vila\u2019<\/a> family festival, which takes place between 3 and 5 June in the unique ambience of Fru\u0161ka Gora, in Vrdnik (Fru\u0161ke Terme Resort), includes a rich <a href=\"https:\/\/kalendar.novisad2022.rs\/en\/events\/childrens-programme\/\">programme for the youngest<\/a> \u2013 numerous workshops, dance performances, and film and literary events that will bring joy to the first weekend of June. Admission to all programmes is free.<\/strong><\/p>\n<p>Heroines whose voices are heard far away will read fairy tales to children. The old stories that we all grew up with will be told in a different way by actress <strong><a href=\"https:\/\/kalendar.novisad2022.rs\/en\/events\/anica-dobra-reads-fairy-tales-to-children-vila\/\">Anica Dobra<\/a><\/strong>, on 3 June at 5 p.m., journalist <strong><a href=\"https:\/\/kalendar.novisad2022.rs\/en\/events\/natasa-miljkovic-reads-fairy-tales-to-children-vila\/\">Nata\u0161a Miljkovi\u0107<\/a><\/strong>, on 4 June at 5 p.m., and actress <a href=\"https:\/\/kalendar.novisad2022.rs\/en\/events\/natasa-tapuskovic-reads-fairy-tales-to-children-vila\/\"><strong>Nata\u0161a Tapu\u0161kovi\u0107<\/strong><\/a>, on 5 June at 5 p.m. The film programme will entertain both children and adults at the open-air cinema on 5 June at 9 p.m., when one of the films that have recently won all the sympathy of the audience will be shown \u2013 <strong><a href=\"https:\/\/kalendar.novisad2022.rs\/en\/events\/how-i-learned-to-fly-film-screening-vila\/\">\u2018How I learned to fly\u2019<\/a><\/strong>, based on the book by Jasminka Petrovi\u0107 and directed by Radivoje Andri\u0107.<\/p>\n<div id='gallery-1' class='gallery galleryid-24558 gallery-columns-2 gallery-size-full'><figure class='gallery-item'>\r\n\t\t\t<div class='gallery-icon landscape'>\r\n\t\t\t\t<a href='https:\/\/novisad2022.rs\/en\/vila-festival-a-unique-experience-on-fruska-gora-with-modern-day-heroines\/anica-dobra-foto-promo-3\/'><img fetchpriority=\"high\" decoding=\"async\" width=\"1171\" height=\"799\" src=\"https:\/\/novisad2022.rs\/wp-content\/uploads\/2022\/05\/Anica-Dobra-foto-promo-2-e1653058024383.jpg\" class=\"attachment-full size-full\" alt=\"\" srcset=\"https:\/\/novisad2022.rs\/wp-content\/uploads\/2022\/05\/Anica-Dobra-foto-promo-2-e1653058024383.jpg 1171w, https:\/\/novisad2022.rs\/wp-content\/uploads\/2022\/05\/Anica-Dobra-foto-promo-2-e1653058024383-300x205.jpg 300w, https:\/\/novisad2022.rs\/wp-content\/uploads\/2022\/05\/Anica-Dobra-foto-promo-2-e1653058024383-1024x699.jpg 1024w, https:\/\/novisad2022.rs\/wp-content\/uploads\/2022\/05\/Anica-Dobra-foto-promo-2-e1653058024383-768x524.jpg 768w\" sizes=\"(max-width: 1171px) 100vw, 1171px\" \/><\/a>\r\n\t\t\t<\/div><\/figure><figure class='gallery-item'>\r\n\t\t\t<div class='gallery-icon landscape'>\r\n\t\t\t\t<a href='https:\/\/novisad2022.rs\/en\/vila-festival-a-unique-experience-on-fruska-gora-with-modern-day-heroines\/natasa-miljkovic-foto-milos-nadazdin-3\/'><img decoding=\"async\" width=\"1170\" height=\"801\" src=\"https:\/\/novisad2022.rs\/wp-content\/uploads\/2022\/05\/Natasa-Miljkovic-foto-Milos-Nadazdin-2-e1653058042164.jpg\" class=\"attachment-full size-full\" alt=\"\" srcset=\"https:\/\/novisad2022.rs\/wp-content\/uploads\/2022\/05\/Natasa-Miljkovic-foto-Milos-Nadazdin-2-e1653058042164.jpg 1170w, https:\/\/novisad2022.rs\/wp-content\/uploads\/2022\/05\/Natasa-Miljkovic-foto-Milos-Nadazdin-2-e1653058042164-300x205.jpg 300w, https:\/\/novisad2022.rs\/wp-content\/uploads\/2022\/05\/Natasa-Miljkovic-foto-Milos-Nadazdin-2-e1653058042164-1024x701.jpg 1024w, https:\/\/novisad2022.rs\/wp-content\/uploads\/2022\/05\/Natasa-Miljkovic-foto-Milos-Nadazdin-2-e1653058042164-768x526.jpg 768w\" sizes=\"(max-width: 1170px) 100vw, 1170px\" \/><\/a>\r\n\t\t\t<\/div><\/figure>\r\n\t\t<\/div>\n\n<p><a href=\"https:\/\/www.erstebank.rs\/sr\/Stanovnistvo\"><strong>Erste Bank<\/strong><\/a> has prepared an interesting <strong><a href=\"https:\/\/kalendar.novisad2022.rs\/en\/events\/erste-childrens-programme-vila\/\">Erste programme for children<\/a><\/strong> on the topic of financial education, which will be held on 4 and 5 June, between 4 and 8 p.m. Learning through play and fun! The workshops are designed to be fun and interactive, but also educational. Children will have the opportunity to paint, make coin models, guess secret objects, but above all, to learn about this important topic. The programme is intended for both toddlers and children who want to have fun and test their knowledge in the field of finance.<\/p>\n<p>Money is not as complicated a topic for talking to children as it may seem, but it is important to approach it in the right way. <strong>Erste Bank<\/strong> has designed the game and theatrical play \u2018Guardians of the Dragon&#8217;s Treasure\u2019 to introduce the youngest to concepts such as savings, consumption, and interest in a fun and receptive way. The play <strong>\u2018Guardians of the Dragon&#8217;s Treasure\u2019<\/strong> will be staged on 4 June at 6 p.m. It is suitable for ages 6 to 11, but with the support of parents, younger children can enjoy it as well. The dragon generously shares its treasure with children, but in order to keep it, children need to know the answers to numerous questions. In this way, through interaction and fun, children make their first steps towards financial literacy and create an excellent basis for fiscal management.<\/p>\n<p><a href=\"https:\/\/novisad2022.rs\/wp-content\/uploads\/2022\/05\/erste-cuvari-blaga-2.jpg\"><img decoding=\"async\" class=\"aligncenter size-full wp-image-24562\" src=\"https:\/\/novisad2022.rs\/wp-content\/uploads\/2022\/05\/erste-cuvari-blaga-2.jpg\" alt=\"\" width=\"2553\" height=\"1433\" srcset=\"https:\/\/novisad2022.rs\/wp-content\/uploads\/2022\/05\/erste-cuvari-blaga-2.jpg 2553w, https:\/\/novisad2022.rs\/wp-content\/uploads\/2022\/05\/erste-cuvari-blaga-2-300x168.jpg 300w, https:\/\/novisad2022.rs\/wp-content\/uploads\/2022\/05\/erste-cuvari-blaga-2-1024x575.jpg 1024w, https:\/\/novisad2022.rs\/wp-content\/uploads\/2022\/05\/erste-cuvari-blaga-2-768x431.jpg 768w, https:\/\/novisad2022.rs\/wp-content\/uploads\/2022\/05\/erste-cuvari-blaga-2-1536x862.jpg 1536w, https:\/\/novisad2022.rs\/wp-content\/uploads\/2022\/05\/erste-cuvari-blaga-2-2048x1150.jpg 2048w\" sizes=\"(max-width: 2553px) 100vw, 2553px\" \/><\/a><\/p>\n<p><strong>The children&#8217;s corner<\/strong> will include an obstacle course, games such as foot pool, frisbee, flying kites, and flying light aeroplanes without engines with the help of animators who will guide the children through the games at all times. The youngest will develop various intellectual, motor, social, and even emotional skills within the workshop \u2018Oblutak\u2019 led by Dunja \u0160a\u0161i\u0107, a certified expert in creative work with children. The children&#8217;s programme will be completed by the dance show <a href=\"https:\/\/kalendar.novisad2022.rs\/en\/events\/theory-of-relativity-vila\/\"><strong>\u2018Theory of Relativity\u2019<\/strong><\/a>, as well as the <a href=\"https:\/\/kalendar.novisad2022.rs\/en\/events\/girls-rock-camp-vila\/\"><strong>Rock Camp for Girls<\/strong><\/a>, where musician Maja Cvetkovi\u0107 from the band E-Play and Branka Glavonji\u0107, journalist and editor of the RTS show \u2018Bunt\u2019, will work with the participants.<\/p>\n<p><a href=\"https:\/\/novisad2022.rs\/wp-content\/uploads\/2022\/05\/rok-kamp-2.jpg\"><img loading=\"lazy\" decoding=\"async\" class=\"aligncenter size-full wp-image-24563\" src=\"https:\/\/novisad2022.rs\/wp-content\/uploads\/2022\/05\/rok-kamp-2.jpg\" alt=\"\" width=\"1200\" height=\"800\" srcset=\"https:\/\/novisad2022.rs\/wp-content\/uploads\/2022\/05\/rok-kamp-2.jpg 1200w, https:\/\/novisad2022.rs\/wp-content\/uploads\/2022\/05\/rok-kamp-2-300x200.jpg 300w, https:\/\/novisad2022.rs\/wp-content\/uploads\/2022\/05\/rok-kamp-2-1024x683.jpg 1024w, https:\/\/novisad2022.rs\/wp-content\/uploads\/2022\/05\/rok-kamp-2-768x512.jpg 768w\" sizes=\"(max-width: 1200px) 100vw, 1200px\" \/><\/a><\/p>\n<p>In addition to the <strong>chill-out zone<\/strong>, <a href=\"https:\/\/www.ddor.rs\/\"><strong>DDOR<\/strong><\/a> will open a <strong>DDOR Forest Classroom<\/strong> at the \u2018Vila\u2019 festival, where children will learn through play \u2013 they will plant flowers on their own, learning how to do it properly along the way.<\/p>\n<p><strong>\u2018FOREST OF IDEA(S) &#8211; Together We Create Idea(s) That Preserve Nature\u2019<\/strong> is a children&#8217;s eco-educational programme organized by <a href=\"https:\/\/www.idea.rs\/\"><strong>IDEA<\/strong><\/a> at the \u2018Villa\u2019 festival with eco-activists from the author team of the children&#8217;s environmental television series <strong>\u2018Nature Yourself\u2019<\/strong>, which promote an involved attitude towards nature. <strong>The workshops will be held on 4 and 5 June from 4 to 8 p.m.<\/strong> At the workshops, the children will build a house for insects, the so-called \u2018hotel for bugs\u2019, as well as small plant bombs made from recycled paper with seeds for 15 species of honey bees to be used for the guerrilla planting of a \u2018paradise for bees\u2019. \u2018\u0160umenkov Instrumentarijum\u2019 workshop will include the production of instruments from natural materials and playing blades of grass, didgeridoo, reed saxophone, whistle, sound bow \u2013 mouth harp, and the like. At the workshops \u2018Brzometlicin\u2019 and \u2018Piratin reciklarijum\u2019, children will make souvenirs out of recycled materials &#8211; plastic bottles will become pots, and milk cartons will be turned into wallets.<\/p>\n<p>While the children enjoy their activities, parents can make a trip to the <strong>\u2018Great Shade\u2019 zone<\/strong>, which covers as much as 400 square meters. There will be a food zone and a bazaar with 20 stalls nearby, which will sell fine homemade food, wine, jewellery and clothes from local designers, natural cosmetics and similar products. These zones complete the family event and form a corner where everyone can find something for themselves.<\/p>\n<p>The \u2018Vila\u2019 festival unites local and world artists, heroines of today, through a wide range of cultural <a href=\"https:\/\/kalendar.novisad2022.rs\/en\/vila-en\/\"><strong>programmes for the whole family<\/strong><\/a> &#8211; music, theatre and visual performances, workshops, and gastronomic events.<\/p>\n<p>\u2018Vila\u2019 is part of the <a href=\"https:\/\/kalendar.novisad2022.rs\/en\/events-calendar-heroines\/\"><strong>Heroines<\/strong><\/a> programme arch which deals with women&#8217;s creativity, encouragement and promotion of women&#8217;s culture and art and is held in honour of the great Serbian heroine of the<\/p>\n<p>past &#8211; poet, guitarist, journalist and fighter, Milica Stojadinovi\u0107 Srpkinja &#8211; in Vrdnik, where Milica spent most of her childhood.<\/p>\n<p><a href=\"https:\/\/www.erstebank.rs\/sr\/Stanovnistvo\">Erste Bank<\/a> is the partner of the Heroines programme arch.<\/p>","protected":false},"excerpt":{"rendered":"<p>The \u2018Vila\u2019 family festival, which takes place between 3 and 5 June in the unique ambience of Fru\u0161ka Gora, in Vrdnik (Fru\u0161ke Terme Resort), includes a rich programme for the youngest \u2013 numerous workshops, dance performances, and film and literary events that will bring joy to the first weekend of June. Admission to all programmes [&hellip;]<\/p>\n","protected":false},"author":8,"featured_media":24510,"comment_status":"open","ping_status":"open","sticky":false,"template":"","format":"standard","meta":{"site-sidebar-layout":"default","site-content-layout":"default","ast-site-content-layout":"default","site-content-style":"default","site-sidebar-style":"default","ast-global-header-display":"","ast-banner-title-visibility":"","ast-main-header-display":"","ast-hfb-above-header-display":"","ast-hfb-below-header-display":"","ast-hfb-mobile-header-display":"","site-post-title":"","ast-breadcrumbs-content":"","ast-featured-img":"","footer-sml-layout":"","ast-disable-related-posts":"","theme-transparent-header-meta":"default","adv-header-id-meta":"","stick-header-meta":"","header-above-stick-meta":"","header-main-stick-meta":"","header-below-stick-meta":"","astra-migrate-meta-layouts":"default","ast-page-background-enabled":"default","ast-page-background-meta":{"desktop":{"background-color":"","background-image":"","background-repeat":"repeat","background-position":"center center","background-size":"auto","background-attachment":"scroll","background-type":"","background-media":"","overlay-type":"","overlay-color":"","overlay-opacity":"","overlay-gradient":""},"tablet":{"background-color":"","background-image":"","background-repeat":"repeat","background-position":"center center","background-size":"auto","background-attachment":"scroll","background-type":"","background-media":"","overlay-type":"","overlay-color":"","overlay-opacity":"","overlay-gradient":""},"mobile":{"background-color":"","background-image":"","background-repeat":"repeat","background-position":"center center","background-size":"auto","background-attachment":"scroll","background-type":"","background-media":"","overlay-type":"","overlay-color":"","overlay-opacity":"","overlay-gradient":""}},"ast-content-background-meta":{"desktop":{"background-color":"var(--ast-global-color-5)","background-image":"","background-repeat":"repeat","background-position":"center center","background-size":"auto","background-attachment":"scroll","background-type":"","background-media":"","overlay-type":"","overlay-color":"","overlay-opacity":"","overlay-gradient":""},"tablet":{"background-color":"var(--ast-global-color-5)","background-image":"","background-repeat":"repeat","background-position":"center center","background-size":"auto","background-attachment":"scroll","background-type":"","background-media":"","overlay-type":"","overlay-color":"","overlay-opacity":"","overlay-gradient":""},"mobile":{"background-color":"var(--ast-global-color-5)","background-image":"","background-repeat":"repeat","background-position":"center center","background-size":"auto","background-attachment":"scroll","background-type":"","background-media":"","overlay-type":"","overlay-color":"","overlay-opacity":"","overlay-gradient":""}},"footnotes":""},"categories":[70],"tags":[2654,2638,2393,2628],"class_list":["post-24558","post","type-post","status-publish","format-standard","has-post-thumbnail","hentry","category-news","tag-festival-en","tag-heroines","tag-novi-sad-european-capital-of-culture-en","tag-novi-sad-2022-en"],"yoast_head":"<!-- This site is optimized with the Yoast SEO plugin v27.0 - https:\/\/yoast.com\/product\/yoast-seo-wordpress\/ -->\n<title>Programmes for Children at the Fru\u0161ka Gora \u2018Vila\u2019 Festival<\/title>\n<meta name=\"description\" content=\"The \u2018Vila\u2019 family festival, which takes place between 3 and 5 June in the unique ambience of Fru\u0161ka Gora, in Vrdnik (Fru\u0161ke Terme Resort), includes a rich programme for the youngest \u2013 numerous workshops, dance performances, and film and literary events.\" \/>\n<meta name=\"robots\" content=\"index, follow, max-snippet:-1, max-image-preview:large, max-video-preview:-1\" \/>\n<link rel=\"canonical\" href=\"https:\/\/novisad2022.rs\/en\/programmes-for-children-at-the-fruska-gora-vila-festival\/\" \/>\n<meta property=\"og:locale\" content=\"en_US\" \/>\n<meta property=\"og:type\" content=\"article\" \/>\n<meta property=\"og:title\" content=\"Programmes for Children at the Fru\u0161ka Gora \u2018Vila\u2019 Festival\" \/>\n<meta property=\"og:description\" content=\"The \u2018Vila\u2019 family festival, which takes place between 3 and 5 June in the unique ambience of Fru\u0161ka Gora, in Vrdnik (Fru\u0161ke Terme Resort), includes a rich programme for the youngest \u2013 numerous workshops, dance performances, and film and literary events.\" \/>\n<meta property=\"og:url\" content=\"https:\/\/novisad2022.rs\/en\/programmes-for-children-at-the-fruska-gora-vila-festival\/\" \/>\n<meta property=\"og:site_name\" content=\"Novi Sad 2022\" \/>\n<meta property=\"article:published_time\" content=\"2022-05-25T14:46:19+00:00\" \/>\n<meta property=\"article:modified_time\" content=\"2022-05-30T12:10:37+00:00\" \/>\n<meta property=\"og:image\" content=\"https:\/\/novisad2022.rs\/wp-content\/uploads\/2022\/05\/teorija-relativiteta.jpg\" \/>\n\t<meta property=\"og:image:width\" content=\"2048\" \/>\n\t<meta property=\"og:image:height\" content=\"1365\" \/>\n\t<meta property=\"og:image:type\" content=\"image\/jpeg\" \/>\n<meta name=\"author\" content=\"Jasmina\" \/>\n<meta name=\"twitter:card\" content=\"summary_large_image\" \/>\n<meta name=\"twitter:label1\" content=\"Written by\" \/>\n\t<meta name=\"twitter:data1\" content=\"Jasmina\" \/>\n\t<meta name=\"twitter:label2\" content=\"Est. reading time\" \/>\n\t<meta name=\"twitter:data2\" content=\"5 minutes\" \/>\n<script type=\"application\/ld+json\" class=\"yoast-schema-graph\">{\"@context\":\"https:\/\/schema.org\",\"@graph\":[{\"@type\":\"Article\",\"@id\":\"https:\/\/novisad2022.rs\/en\/programmes-for-children-at-the-fruska-gora-vila-festival\/#article\",\"isPartOf\":{\"@id\":\"https:\/\/novisad2022.rs\/en\/programmes-for-children-at-the-fruska-gora-vila-festival\/\"},\"author\":{\"name\":\"Jasmina\",\"@id\":\"https:\/\/novisad2022.rs\/en\/#\/schema\/person\/ac5cc999e141a0cc6699aee7c62e6a77\"},\"headline\":\"Programmes for Children at the Fru\u0161ka Gora \u2018Vila\u2019 Festival\",\"datePublished\":\"2022-05-25T14:46:19+00:00\",\"dateModified\":\"2022-05-30T12:10:37+00:00\",\"mainEntityOfPage\":{\"@id\":\"https:\/\/novisad2022.rs\/en\/programmes-for-children-at-the-fruska-gora-vila-festival\/\"},\"wordCount\":893,\"commentCount\":0,\"image\":{\"@id\":\"https:\/\/novisad2022.rs\/en\/programmes-for-children-at-the-fruska-gora-vila-festival\/#primaryimage\"},\"thumbnailUrl\":\"https:\/\/novisad2022.rs\/wp-content\/uploads\/2022\/05\/teorija-relativiteta.jpg\",\"keywords\":[\"festival\",\"Heroines\",\"Novi Sad \u2013 European Capital of Culture\",\"Novi Sad 2022\"],\"articleSection\":[\"News\"],\"inLanguage\":\"en-US\",\"potentialAction\":[{\"@type\":\"CommentAction\",\"name\":\"Comment\",\"target\":[\"https:\/\/novisad2022.rs\/en\/programmes-for-children-at-the-fruska-gora-vila-festival\/#respond\"]}]},{\"@type\":\"WebPage\",\"@id\":\"https:\/\/novisad2022.rs\/en\/programmes-for-children-at-the-fruska-gora-vila-festival\/\",\"url\":\"https:\/\/novisad2022.rs\/en\/programmes-for-children-at-the-fruska-gora-vila-festival\/\",\"name\":\"Programmes for Children at the Fru\u0161ka Gora \u2018Vila\u2019 Festival\",\"isPartOf\":{\"@id\":\"https:\/\/novisad2022.rs\/en\/#website\"},\"primaryImageOfPage\":{\"@id\":\"https:\/\/novisad2022.rs\/en\/programmes-for-children-at-the-fruska-gora-vila-festival\/#primaryimage\"},\"image\":{\"@id\":\"https:\/\/novisad2022.rs\/en\/programmes-for-children-at-the-fruska-gora-vila-festival\/#primaryimage\"},\"thumbnailUrl\":\"https:\/\/novisad2022.rs\/wp-content\/uploads\/2022\/05\/teorija-relativiteta.jpg\",\"datePublished\":\"2022-05-25T14:46:19+00:00\",\"dateModified\":\"2022-05-30T12:10:37+00:00\",\"author\":{\"@id\":\"https:\/\/novisad2022.rs\/en\/#\/schema\/person\/ac5cc999e141a0cc6699aee7c62e6a77\"},\"description\":\"The \u2018Vila\u2019 family festival, which takes place between 3 and 5 June in the unique ambience of Fru\u0161ka Gora, in Vrdnik (Fru\u0161ke Terme Resort), includes a rich programme for the youngest \u2013 numerous workshops, dance performances, and film and literary events.\",\"breadcrumb\":{\"@id\":\"https:\/\/novisad2022.rs\/en\/programmes-for-children-at-the-fruska-gora-vila-festival\/#breadcrumb\"},\"inLanguage\":\"en-US\",\"potentialAction\":[{\"@type\":\"ReadAction\",\"target\":[\"https:\/\/novisad2022.rs\/en\/programmes-for-children-at-the-fruska-gora-vila-festival\/\"]}]},{\"@type\":\"ImageObject\",\"inLanguage\":\"en-US\",\"@id\":\"https:\/\/novisad2022.rs\/en\/programmes-for-children-at-the-fruska-gora-vila-festival\/#primaryimage\",\"url\":\"https:\/\/novisad2022.rs\/wp-content\/uploads\/2022\/05\/teorija-relativiteta.jpg\",\"contentUrl\":\"https:\/\/novisad2022.rs\/wp-content\/uploads\/2022\/05\/teorija-relativiteta.jpg\",\"width\":2048,\"height\":1365},{\"@type\":\"BreadcrumbList\",\"@id\":\"https:\/\/novisad2022.rs\/en\/programmes-for-children-at-the-fruska-gora-vila-festival\/#breadcrumb\",\"itemListElement\":[{\"@type\":\"ListItem\",\"position\":1,\"name\":\"\u041f\u043e\u0447\u0435\u0442\u043d\u0430\",\"item\":\"https:\/\/novisad2022.rs\/en\/home-page\/\"},{\"@type\":\"ListItem\",\"position\":2,\"name\":\"Programmes for Children at the Fru\u0161ka Gora \u2018Vila\u2019 Festival\"}]},{\"@type\":\"WebSite\",\"@id\":\"https:\/\/novisad2022.rs\/en\/#website\",\"url\":\"https:\/\/novisad2022.rs\/en\/\",\"name\":\"Novi Sad 2022\",\"description\":\"European Capital of Culture\",\"potentialAction\":[{\"@type\":\"SearchAction\",\"target\":{\"@type\":\"EntryPoint\",\"urlTemplate\":\"https:\/\/novisad2022.rs\/en\/?s={search_term_string}\"},\"query-input\":{\"@type\":\"PropertyValueSpecification\",\"valueRequired\":true,\"valueName\":\"search_term_string\"}}],\"inLanguage\":\"en-US\"},{\"@type\":\"Person\",\"@id\":\"https:\/\/novisad2022.rs\/en\/#\/schema\/person\/ac5cc999e141a0cc6699aee7c62e6a77\",\"name\":\"Jasmina\",\"image\":{\"@type\":\"ImageObject\",\"inLanguage\":\"en-US\",\"@id\":\"https:\/\/novisad2022.rs\/en\/#\/schema\/person\/image\/\",\"url\":\"https:\/\/secure.gravatar.com\/avatar\/1e299e2f3bd9f7617d41a61a43fc086c80151f6f5c6fa7873322cb5d18af2492?s=96&d=mm&r=g\",\"contentUrl\":\"https:\/\/secure.gravatar.com\/avatar\/1e299e2f3bd9f7617d41a61a43fc086c80151f6f5c6fa7873322cb5d18af2492?s=96&d=mm&r=g\",\"caption\":\"Jasmina\"}}]}<\/script>\n<!-- \/ Yoast SEO plugin. -->","yoast_head_json":{"title":"Programmes for Children at the Fru\u0161ka Gora \u2018Vila\u2019 Festival","description":"The \u2018Vila\u2019 family festival, which takes place between 3 and 5 June in the unique ambience of Fru\u0161ka Gora, in Vrdnik (Fru\u0161ke Terme Resort), includes a rich programme for the youngest \u2013 numerous workshops, dance performances, and film and literary events.","robots":{"index":"index","follow":"follow","max-snippet":"max-snippet:-1","max-image-preview":"max-image-preview:large","max-video-preview":"max-video-preview:-1"},"canonical":"https:\/\/novisad2022.rs\/en\/programmes-for-children-at-the-fruska-gora-vila-festival\/","og_locale":"en_US","og_type":"article","og_title":"Programmes for Children at the Fru\u0161ka Gora \u2018Vila\u2019 Festival","og_description":"The \u2018Vila\u2019 family festival, which takes place between 3 and 5 June in the unique ambience of Fru\u0161ka Gora, in Vrdnik (Fru\u0161ke Terme Resort), includes a rich programme for the youngest \u2013 numerous workshops, dance performances, and film and literary events.","og_url":"https:\/\/novisad2022.rs\/en\/programmes-for-children-at-the-fruska-gora-vila-festival\/","og_site_name":"Novi Sad 2022","article_published_time":"2022-05-25T14:46:19+00:00","article_modified_time":"2022-05-30T12:10:37+00:00","og_image":[{"width":2048,"height":1365,"url":"https:\/\/novisad2022.rs\/wp-content\/uploads\/2022\/05\/teorija-relativiteta.jpg","type":"image\/jpeg"}],"author":"Jasmina","twitter_card":"summary_large_image","twitter_misc":{"Written by":"Jasmina","Est. reading time":"5 minutes"},"schema":{"@context":"https:\/\/schema.org","@graph":[{"@type":"Article","@id":"https:\/\/novisad2022.rs\/en\/programmes-for-children-at-the-fruska-gora-vila-festival\/#article","isPartOf":{"@id":"https:\/\/novisad2022.rs\/en\/programmes-for-children-at-the-fruska-gora-vila-festival\/"},"author":{"name":"Jasmina","@id":"https:\/\/novisad2022.rs\/en\/#\/schema\/person\/ac5cc999e141a0cc6699aee7c62e6a77"},"headline":"Programmes for Children at the Fru\u0161ka Gora \u2018Vila\u2019 Festival","datePublished":"2022-05-25T14:46:19+00:00","dateModified":"2022-05-30T12:10:37+00:00","mainEntityOfPage":{"@id":"https:\/\/novisad2022.rs\/en\/programmes-for-children-at-the-fruska-gora-vila-festival\/"},"wordCount":893,"commentCount":0,"image":{"@id":"https:\/\/novisad2022.rs\/en\/programmes-for-children-at-the-fruska-gora-vila-festival\/#primaryimage"},"thumbnailUrl":"https:\/\/novisad2022.rs\/wp-content\/uploads\/2022\/05\/teorija-relativiteta.jpg","keywords":["festival","Heroines","Novi Sad \u2013 European Capital of Culture","Novi Sad 2022"],"articleSection":["News"],"inLanguage":"en-US","potentialAction":[{"@type":"CommentAction","name":"Comment","target":["https:\/\/novisad2022.rs\/en\/programmes-for-children-at-the-fruska-gora-vila-festival\/#respond"]}]},{"@type":"WebPage","@id":"https:\/\/novisad2022.rs\/en\/programmes-for-children-at-the-fruska-gora-vila-festival\/","url":"https:\/\/novisad2022.rs\/en\/programmes-for-children-at-the-fruska-gora-vila-festival\/","name":"Programmes for Children at the Fru\u0161ka Gora \u2018Vila\u2019 Festival","isPartOf":{"@id":"https:\/\/novisad2022.rs\/en\/#website"},"primaryImageOfPage":{"@id":"https:\/\/novisad2022.rs\/en\/programmes-for-children-at-the-fruska-gora-vila-festival\/#primaryimage"},"image":{"@id":"https:\/\/novisad2022.rs\/en\/programmes-for-children-at-the-fruska-gora-vila-festival\/#primaryimage"},"thumbnailUrl":"https:\/\/novisad2022.rs\/wp-content\/uploads\/2022\/05\/teorija-relativiteta.jpg","datePublished":"2022-05-25T14:46:19+00:00","dateModified":"2022-05-30T12:10:37+00:00","author":{"@id":"https:\/\/novisad2022.rs\/en\/#\/schema\/person\/ac5cc999e141a0cc6699aee7c62e6a77"},"description":"The \u2018Vila\u2019 family festival, which takes place between 3 and 5 June in the unique ambience of Fru\u0161ka Gora, in Vrdnik (Fru\u0161ke Terme Resort), includes a rich programme for the youngest \u2013 numerous workshops, dance performances, and film and literary events.","breadcrumb":{"@id":"https:\/\/novisad2022.rs\/en\/programmes-for-children-at-the-fruska-gora-vila-festival\/#breadcrumb"},"inLanguage":"en-US","potentialAction":[{"@type":"ReadAction","target":["https:\/\/novisad2022.rs\/en\/programmes-for-children-at-the-fruska-gora-vila-festival\/"]}]},{"@type":"ImageObject","inLanguage":"en-US","@id":"https:\/\/novisad2022.rs\/en\/programmes-for-children-at-the-fruska-gora-vila-festival\/#primaryimage","url":"https:\/\/novisad2022.rs\/wp-content\/uploads\/2022\/05\/teorija-relativiteta.jpg","contentUrl":"https:\/\/novisad2022.rs\/wp-content\/uploads\/2022\/05\/teorija-relativiteta.jpg","width":2048,"height":1365},{"@type":"BreadcrumbList","@id":"https:\/\/novisad2022.rs\/en\/programmes-for-children-at-the-fruska-gora-vila-festival\/#breadcrumb","itemListElement":[{"@type":"ListItem","position":1,"name":"\u041f\u043e\u0447\u0435\u0442\u043d\u0430","item":"https:\/\/novisad2022.rs\/en\/home-page\/"},{"@type":"ListItem","position":2,"name":"Programmes for Children at the Fru\u0161ka Gora \u2018Vila\u2019 Festival"}]},{"@type":"WebSite","@id":"https:\/\/novisad2022.rs\/en\/#website","url":"https:\/\/novisad2022.rs\/en\/","name":"Novi Sad 2022","description":"European Capital of Culture","potentialAction":[{"@type":"SearchAction","target":{"@type":"EntryPoint","urlTemplate":"https:\/\/novisad2022.rs\/en\/?s={search_term_string}"},"query-input":{"@type":"PropertyValueSpecification","valueRequired":true,"valueName":"search_term_string"}}],"inLanguage":"en-US"},{"@type":"Person","@id":"https:\/\/novisad2022.rs\/en\/#\/schema\/person\/ac5cc999e141a0cc6699aee7c62e6a77","name":"Jasmina","image":{"@type":"ImageObject","inLanguage":"en-US","@id":"https:\/\/novisad2022.rs\/en\/#\/schema\/person\/image\/","url":"https:\/\/secure.gravatar.com\/avatar\/1e299e2f3bd9f7617d41a61a43fc086c80151f6f5c6fa7873322cb5d18af2492?s=96&d=mm&r=g","contentUrl":"https:\/\/secure.gravatar.com\/avatar\/1e299e2f3bd9f7617d41a61a43fc086c80151f6f5c6fa7873322cb5d18af2492?s=96&d=mm&r=g","caption":"Jasmina"}}]}},"_links":{"self":[{"href":"https:\/\/novisad2022.rs\/en\/wp-json\/wp\/v2\/posts\/24558","targetHints":{"allow":["GET"]}}],"collection":[{"href":"https:\/\/novisad2022.rs\/en\/wp-json\/wp\/v2\/posts"}],"about":[{"href":"https:\/\/novisad2022.rs\/en\/wp-json\/wp\/v2\/types\/post"}],"author":[{"embeddable":true,"href":"https:\/\/novisad2022.rs\/en\/wp-json\/wp\/v2\/users\/8"}],"replies":[{"embeddable":true,"href":"https:\/\/novisad2022.rs\/en\/wp-json\/wp\/v2\/comments?post=24558"}],"version-history":[{"count":8,"href":"https:\/\/novisad2022.rs\/en\/wp-json\/wp\/v2\/posts\/24558\/revisions"}],"predecessor-version":[{"id":24725,"href":"https:\/\/novisad2022.rs\/en\/wp-json\/wp\/v2\/posts\/24558\/revisions\/24725"}],"wp:featuredmedia":[{"embeddable":true,"href":"https:\/\/novisad2022.rs\/en\/wp-json\/wp\/v2\/media\/24510"}],"wp:attachment":[{"href":"https:\/\/novisad2022.rs\/en\/wp-json\/wp\/v2\/media?parent=24558"}],"wp:term":[{"taxonomy":"category","embeddable":true,"href":"https:\/\/novisad2022.rs\/en\/wp-json\/wp\/v2\/categories?post=24558"},{"taxonomy":"post_tag","embeddable":true,"href":"https:\/\/novisad2022.rs\/en\/wp-json\/wp\/v2\/tags?post=24558"}],"curies":[{"name":"wp","href":"https:\/\/api.w.org\/{rel}","templated":true}]}}