{"id":24886,"date":"2022-06-25T16:01:07","date_gmt":"2022-06-25T14:01:07","guid":{"rendered":"https:\/\/novisad2022.rs\/?p=24886"},"modified":"2022-06-27T17:13:47","modified_gmt":"2022-06-27T15:13:47","slug":"mephisto-in-a-co-production-of-the-serbian-national-theatre-and-ecoc-closes-the-season-in-the-oldest-theatre","status":"publish","type":"post","link":"https:\/\/novisad2022.rs\/en\/mephisto-in-a-co-production-of-the-serbian-national-theatre-and-ecoc-closes-the-season-in-the-oldest-theatre\/","title":{"rendered":"\u2018Mephisto\u2019 In a Co-Production of the Serbian National Theatre and ECoC Closes the Season in the Oldest Theatre"},"content":{"rendered":"<p><strong>For the first time on the stage of the Serbian National Theatre, one of the most important directors in the region, Haris Pa\u0161ovi\u0107, will stage the play <a href=\"https:\/\/kalendar.novisad2022.rs\/en\/events\/mephisto\/\">\u2018Mephisto\u2019<\/a>, based on the novel by Klaus Mann.<\/strong> The play is one of the most significant projects of Novi Sad as the European Capital of Culture, within the <a href=\"https:\/\/kalendar.novisad2022.rs\/en\/fortress-of-peace\/\"><strong>Fortress of Peace<\/strong><\/a> programme arch, and precisely this important artistic endeavour will close the magnificent 161st season of the oldest national theatre. The play &#8216;Mephisto&#8217;, which will be performed <strong>on 12 and 14 July<\/strong>, will gather over 40 actors and actresses, along with the great Serbian actress and actor \u2013 <strong>Mirjana Karanovi\u0107<\/strong> and <strong>Miodrag Krivokapi\u0107<\/strong>, who will be on the stage of the Serbian National Theatre after 30 years alongside the young <strong>Aljo\u0161a \u0110idi\u0107<\/strong> in the lead role, <strong>Gordana \u0110ur\u0111evi\u0107 Dimi\u0107<\/strong>, the leading actress of Drama of the theatre, and many other members of the ensemble.<\/p>\n<p>\u2018It is a great honour and joy for me to work in the city where I was artistically formed, where I graduated from the Academy, but it is also a special honour to work in the oldest theatre institution in the Balkans, with a really great artistic ensemble,\u2019 said <strong>director Haris Pa\u0161ovi\u0107<\/strong>.<\/p>\n<p><a href=\"https:\/\/novisad2022.rs\/wp-content\/uploads\/2022\/06\/Mefisto-3-foto-V.Velickovic-2.jpg\"><img fetchpriority=\"high\" decoding=\"async\" class=\"aligncenter size-full wp-image-24888\" src=\"https:\/\/novisad2022.rs\/wp-content\/uploads\/2022\/06\/Mefisto-3-foto-V.Velickovic-2.jpg\" alt=\"\" width=\"2048\" height=\"1365\" srcset=\"https:\/\/novisad2022.rs\/wp-content\/uploads\/2022\/06\/Mefisto-3-foto-V.Velickovic-2.jpg 2048w, https:\/\/novisad2022.rs\/wp-content\/uploads\/2022\/06\/Mefisto-3-foto-V.Velickovic-2-300x200.jpg 300w, https:\/\/novisad2022.rs\/wp-content\/uploads\/2022\/06\/Mefisto-3-foto-V.Velickovic-2-1024x683.jpg 1024w, https:\/\/novisad2022.rs\/wp-content\/uploads\/2022\/06\/Mefisto-3-foto-V.Velickovic-2-768x512.jpg 768w, https:\/\/novisad2022.rs\/wp-content\/uploads\/2022\/06\/Mefisto-3-foto-V.Velickovic-2-1536x1024.jpg 1536w\" sizes=\"(max-width: 2048px) 100vw, 2048px\" \/><\/a><\/p>\n<p>The \u2018Mephisto\u2019 play is part of the <strong>Fortress of Peace<\/strong> programme arch of the European Capital of Culture, which critically consider war conflicts and their consequences, seeking a culture of peace, promoting intercultural dialogue and reconciliation through theory and engaged art during June and July.<\/p>\n<p>\u2018This is a theatrical spectacle in the artistic and production sense that must not be missed, and which befits the European Capital of Culture title year. The authenticity of this work never leaves anyone indifferent. Moreover, I am convinced that, thanks to the biggest regional artistic names of European class in the oldest national theatre, this will be a memorable play,\u2019 said <strong>Nemanja Milenkovi\u0107, CEO of the \u2018Novi Sad \u2013 European Capital of Culture\u2019 Foundation<\/strong>.<\/p>\n<p>The great season of the Serbian National Theatre, which began with the spectacular open-air opera \u2018Aida\u2019, with 12 premieres, two new festivals and countless theatre awards, will end with this specific project, which includes impressive cast, a large ensemble, current topics and significant co-production.<\/p>\n<p>\u2018It is a huge challenge at this moment to set up such a large and complex production as the \u2018Mephisto\u2019. There are several reasons to take on this challenge. Perhaps the most important thing for me is that we unite generations, the one who founded Promena (En. Change Theatre) with Haris Pa\u0161ovi\u0107, a theatre that was once the initiator of something new in the theatrical life of the former Yugoslavia, and a generation of young actors who also drew attention to themselves through the renovated Change Theatre,\u2019 explained <strong>Milovan Filipovi\u0107, director of the Drama of the Serbian National Theatre<\/strong>.<\/p>\n<p><a href=\"https:\/\/novisad2022.rs\/wp-content\/uploads\/2022\/06\/Mefisto-4-foto-V.Velickovic-3.jpg\"><img decoding=\"async\" class=\"aligncenter size-full wp-image-24887\" src=\"https:\/\/novisad2022.rs\/wp-content\/uploads\/2022\/06\/Mefisto-4-foto-V.Velickovic-3.jpg\" alt=\"\" width=\"2048\" height=\"1365\" srcset=\"https:\/\/novisad2022.rs\/wp-content\/uploads\/2022\/06\/Mefisto-4-foto-V.Velickovic-3.jpg 2048w, https:\/\/novisad2022.rs\/wp-content\/uploads\/2022\/06\/Mefisto-4-foto-V.Velickovic-3-300x200.jpg 300w, https:\/\/novisad2022.rs\/wp-content\/uploads\/2022\/06\/Mefisto-4-foto-V.Velickovic-3-1024x683.jpg 1024w, https:\/\/novisad2022.rs\/wp-content\/uploads\/2022\/06\/Mefisto-4-foto-V.Velickovic-3-768x512.jpg 768w, https:\/\/novisad2022.rs\/wp-content\/uploads\/2022\/06\/Mefisto-4-foto-V.Velickovic-3-1536x1024.jpg 1536w\" sizes=\"(max-width: 2048px) 100vw, 2048px\" \/><\/a><\/p>\n<p>In addition to actors Mirjana Karanovi\u0107 and Miodrag Krivokapi\u0107, who will play again on the stage of the oldest Serbian theatre after more than three decades, there is also a great ensemble of the Serbian National Theatre: Gordana \u0110ur\u0111evi\u0107 Dimi\u0107, Lidija Stevanovi\u0107, Sanja Risti\u0107 Krajnov, Strahinja Bla\u017ei\u0107, Draginja Voganjac, Mia Simonovi\u0107, Du\u0161an Vuka\u0161inovi\u0107, Stefan Vuki\u0107, Milica Gruji\u010di\u0107, Dimitrije Dini\u0107, Aljo\u0161a \u0110idi\u0107, Vuka\u0161in Ran\u0111elovi\u0107, Marko Savkovi\u0107, Lazar Jovanov, Gordana Kamenarovi\u0107, Milorad Kapor, Milo\u0161 Lazi\u0107, Alisa Lacko, Tijana Maksimovi\u0107, Pe\u0111a Marjanovi\u0107, Bojana Milanovi\u0107, Mina Pavlica, etc.<\/p>\n<p>The playwrights are Aleksandra Pleskonji\u0107 and Nikolina \u0110ukanovi\u0107, the set designer is Neboj\u0161a Ante\u0161evi\u0107, and the choreographer is a guest from Brussels, Zolt\u00e1n Vakulya. The costumes are made by Marina Sremac, the composer is Marko Grubi\u0107, and the video was made by Enis \u010ci\u0161i\u0107.<\/p>\n<p><em>Photo: Vladimir Veli\u010dkovi\u0107<\/em><\/p>","protected":false},"excerpt":{"rendered":"<p>For the first time on the stage of the Serbian National Theatre, one of the most important directors in the region, Haris Pa\u0161ovi\u0107, will stage the play \u2018Mephisto\u2019, based on the novel by Klaus Mann. The play is one of the most significant projects of Novi Sad as the European Capital of Culture, within the [&hellip;]<\/p>\n","protected":false},"author":8,"featured_media":24782,"comment_status":"open","ping_status":"open","sticky":false,"template":"","format":"standard","meta":{"site-sidebar-layout":"default","site-content-layout":"default","ast-site-content-layout":"default","site-content-style":"default","site-sidebar-style":"default","ast-global-header-display":"","ast-banner-title-visibility":"","ast-main-header-display":"","ast-hfb-above-header-display":"","ast-hfb-below-header-display":"","ast-hfb-mobile-header-display":"","site-post-title":"","ast-breadcrumbs-content":"","ast-featured-img":"","footer-sml-layout":"","ast-disable-related-posts":"","theme-transparent-header-meta":"default","adv-header-id-meta":"","stick-header-meta":"","header-above-stick-meta":"","header-main-stick-meta":"","header-below-stick-meta":"","astra-migrate-meta-layouts":"default","ast-page-background-enabled":"default","ast-page-background-meta":{"desktop":{"background-color":"","background-image":"","background-repeat":"repeat","background-position":"center center","background-size":"auto","background-attachment":"scroll","background-type":"","background-media":"","overlay-type":"","overlay-color":"","overlay-opacity":"","overlay-gradient":""},"tablet":{"background-color":"","background-image":"","background-repeat":"repeat","background-position":"center center","background-size":"auto","background-attachment":"scroll","background-type":"","background-media":"","overlay-type":"","overlay-color":"","overlay-opacity":"","overlay-gradient":""},"mobile":{"background-color":"","background-image":"","background-repeat":"repeat","background-position":"center center","background-size":"auto","background-attachment":"scroll","background-type":"","background-media":"","overlay-type":"","overlay-color":"","overlay-opacity":"","overlay-gradient":""}},"ast-content-background-meta":{"desktop":{"background-color":"var(--ast-global-color-5)","background-image":"","background-repeat":"repeat","background-position":"center center","background-size":"auto","background-attachment":"scroll","background-type":"","background-media":"","overlay-type":"","overlay-color":"","overlay-opacity":"","overlay-gradient":""},"tablet":{"background-color":"var(--ast-global-color-5)","background-image":"","background-repeat":"repeat","background-position":"center center","background-size":"auto","background-attachment":"scroll","background-type":"","background-media":"","overlay-type":"","overlay-color":"","overlay-opacity":"","overlay-gradient":""},"mobile":{"background-color":"var(--ast-global-color-5)","background-image":"","background-repeat":"repeat","background-position":"center center","background-size":"auto","background-attachment":"scroll","background-type":"","background-media":"","overlay-type":"","overlay-color":"","overlay-opacity":"","overlay-gradient":""}},"footnotes":""},"categories":[70],"tags":[2647,2393,2628],"class_list":["post-24886","post","type-post","status-publish","format-standard","has-post-thumbnail","hentry","category-news","tag-fortress-of-peace","tag-novi-sad-european-capital-of-culture-en","tag-novi-sad-2022-en"],"yoast_head":"<!-- This site is optimized with the Yoast SEO plugin v27.0 - https:\/\/yoast.com\/product\/yoast-seo-wordpress\/ -->\n<title>\u2018Mephisto\u2019 In a Co-Production of the Serbian National Theatre and ECoC Closes the Season in the Oldest Theatre<\/title>\n<meta name=\"description\" content=\"The play directed by Haris Pa\u0161ovi\u0107, starring Mirjana Karanovi\u0107 and Miodrag Krivokapi\u0107 as well as the Serbian National Theatre Drama Ensemble, will be performed on 12 and 14 July.\" \/>\n<meta name=\"robots\" content=\"index, follow, max-snippet:-1, max-image-preview:large, max-video-preview:-1\" \/>\n<link rel=\"canonical\" href=\"https:\/\/novisad2022.rs\/en\/mephisto-in-a-co-production-of-the-serbian-national-theatre-and-ecoc-closes-the-season-in-the-oldest-theatre\/\" \/>\n<meta property=\"og:locale\" content=\"en_US\" \/>\n<meta property=\"og:type\" content=\"article\" \/>\n<meta property=\"og:title\" content=\"\u2018Mephisto\u2019 In a Co-Production of the Serbian National Theatre and ECoC Closes the Season in the Oldest Theatre\" \/>\n<meta property=\"og:description\" content=\"The play directed by Haris Pa\u0161ovi\u0107, starring Mirjana Karanovi\u0107 and Miodrag Krivokapi\u0107 as well as the Serbian National Theatre Drama Ensemble, will be performed on 12 and 14 July.\" \/>\n<meta property=\"og:url\" content=\"https:\/\/novisad2022.rs\/en\/mephisto-in-a-co-production-of-the-serbian-national-theatre-and-ecoc-closes-the-season-in-the-oldest-theatre\/\" \/>\n<meta property=\"og:site_name\" content=\"Novi Sad 2022\" \/>\n<meta property=\"article:published_time\" content=\"2022-06-25T14:01:07+00:00\" \/>\n<meta property=\"article:modified_time\" content=\"2022-06-27T15:13:47+00:00\" \/>\n<meta property=\"og:image\" content=\"https:\/\/novisad2022.rs\/wp-content\/uploads\/2022\/06\/Mefisto-2-foto-V.Velickovic.jpg\" \/>\n\t<meta property=\"og:image:width\" content=\"2048\" \/>\n\t<meta property=\"og:image:height\" content=\"1365\" \/>\n\t<meta property=\"og:image:type\" content=\"image\/jpeg\" \/>\n<meta name=\"author\" content=\"Jasmina\" \/>\n<meta name=\"twitter:card\" content=\"summary_large_image\" \/>\n<meta name=\"twitter:label1\" content=\"Written by\" \/>\n\t<meta name=\"twitter:data1\" content=\"Jasmina\" \/>\n\t<meta name=\"twitter:label2\" content=\"Est. reading time\" \/>\n\t<meta name=\"twitter:data2\" content=\"4 minutes\" \/>\n<script type=\"application\/ld+json\" class=\"yoast-schema-graph\">{\"@context\":\"https:\/\/schema.org\",\"@graph\":[{\"@type\":\"Article\",\"@id\":\"https:\/\/novisad2022.rs\/en\/mephisto-in-a-co-production-of-the-serbian-national-theatre-and-ecoc-closes-the-season-in-the-oldest-theatre\/#article\",\"isPartOf\":{\"@id\":\"https:\/\/novisad2022.rs\/en\/mephisto-in-a-co-production-of-the-serbian-national-theatre-and-ecoc-closes-the-season-in-the-oldest-theatre\/\"},\"author\":{\"name\":\"Jasmina\",\"@id\":\"https:\/\/novisad2022.rs\/en\/#\/schema\/person\/ac5cc999e141a0cc6699aee7c62e6a77\"},\"headline\":\"\u2018Mephisto\u2019 In a Co-Production of the Serbian National Theatre and ECoC Closes the Season in the Oldest Theatre\",\"datePublished\":\"2022-06-25T14:01:07+00:00\",\"dateModified\":\"2022-06-27T15:13:47+00:00\",\"mainEntityOfPage\":{\"@id\":\"https:\/\/novisad2022.rs\/en\/mephisto-in-a-co-production-of-the-serbian-national-theatre-and-ecoc-closes-the-season-in-the-oldest-theatre\/\"},\"wordCount\":627,\"commentCount\":0,\"image\":{\"@id\":\"https:\/\/novisad2022.rs\/en\/mephisto-in-a-co-production-of-the-serbian-national-theatre-and-ecoc-closes-the-season-in-the-oldest-theatre\/#primaryimage\"},\"thumbnailUrl\":\"https:\/\/novisad2022.rs\/wp-content\/uploads\/2022\/06\/Mefisto-2-foto-V.Velickovic.jpg\",\"keywords\":[\"Fortress of Peace\",\"Novi Sad \u2013 European Capital of Culture\",\"Novi Sad 2022\"],\"articleSection\":[\"News\"],\"inLanguage\":\"en-US\",\"potentialAction\":[{\"@type\":\"CommentAction\",\"name\":\"Comment\",\"target\":[\"https:\/\/novisad2022.rs\/en\/mephisto-in-a-co-production-of-the-serbian-national-theatre-and-ecoc-closes-the-season-in-the-oldest-theatre\/#respond\"]}]},{\"@type\":\"WebPage\",\"@id\":\"https:\/\/novisad2022.rs\/en\/mephisto-in-a-co-production-of-the-serbian-national-theatre-and-ecoc-closes-the-season-in-the-oldest-theatre\/\",\"url\":\"https:\/\/novisad2022.rs\/en\/mephisto-in-a-co-production-of-the-serbian-national-theatre-and-ecoc-closes-the-season-in-the-oldest-theatre\/\",\"name\":\"\u2018Mephisto\u2019 In a Co-Production of the Serbian National Theatre and ECoC Closes the Season in the Oldest Theatre\",\"isPartOf\":{\"@id\":\"https:\/\/novisad2022.rs\/en\/#website\"},\"primaryImageOfPage\":{\"@id\":\"https:\/\/novisad2022.rs\/en\/mephisto-in-a-co-production-of-the-serbian-national-theatre-and-ecoc-closes-the-season-in-the-oldest-theatre\/#primaryimage\"},\"image\":{\"@id\":\"https:\/\/novisad2022.rs\/en\/mephisto-in-a-co-production-of-the-serbian-national-theatre-and-ecoc-closes-the-season-in-the-oldest-theatre\/#primaryimage\"},\"thumbnailUrl\":\"https:\/\/novisad2022.rs\/wp-content\/uploads\/2022\/06\/Mefisto-2-foto-V.Velickovic.jpg\",\"datePublished\":\"2022-06-25T14:01:07+00:00\",\"dateModified\":\"2022-06-27T15:13:47+00:00\",\"author\":{\"@id\":\"https:\/\/novisad2022.rs\/en\/#\/schema\/person\/ac5cc999e141a0cc6699aee7c62e6a77\"},\"description\":\"The play directed by Haris Pa\u0161ovi\u0107, starring Mirjana Karanovi\u0107 and Miodrag Krivokapi\u0107 as well as the Serbian National Theatre Drama Ensemble, will be performed on 12 and 14 July.\",\"breadcrumb\":{\"@id\":\"https:\/\/novisad2022.rs\/en\/mephisto-in-a-co-production-of-the-serbian-national-theatre-and-ecoc-closes-the-season-in-the-oldest-theatre\/#breadcrumb\"},\"inLanguage\":\"en-US\",\"potentialAction\":[{\"@type\":\"ReadAction\",\"target\":[\"https:\/\/novisad2022.rs\/en\/mephisto-in-a-co-production-of-the-serbian-national-theatre-and-ecoc-closes-the-season-in-the-oldest-theatre\/\"]}]},{\"@type\":\"ImageObject\",\"inLanguage\":\"en-US\",\"@id\":\"https:\/\/novisad2022.rs\/en\/mephisto-in-a-co-production-of-the-serbian-national-theatre-and-ecoc-closes-the-season-in-the-oldest-theatre\/#primaryimage\",\"url\":\"https:\/\/novisad2022.rs\/wp-content\/uploads\/2022\/06\/Mefisto-2-foto-V.Velickovic.jpg\",\"contentUrl\":\"https:\/\/novisad2022.rs\/wp-content\/uploads\/2022\/06\/Mefisto-2-foto-V.Velickovic.jpg\",\"width\":2048,\"height\":1365},{\"@type\":\"BreadcrumbList\",\"@id\":\"https:\/\/novisad2022.rs\/en\/mephisto-in-a-co-production-of-the-serbian-national-theatre-and-ecoc-closes-the-season-in-the-oldest-theatre\/#breadcrumb\",\"itemListElement\":[{\"@type\":\"ListItem\",\"position\":1,\"name\":\"\u041f\u043e\u0447\u0435\u0442\u043d\u0430\",\"item\":\"https:\/\/novisad2022.rs\/en\/home-page\/\"},{\"@type\":\"ListItem\",\"position\":2,\"name\":\"\u2018Mephisto\u2019 In a Co-Production of the Serbian National Theatre and ECoC Closes the Season in the Oldest Theatre\"}]},{\"@type\":\"WebSite\",\"@id\":\"https:\/\/novisad2022.rs\/en\/#website\",\"url\":\"https:\/\/novisad2022.rs\/en\/\",\"name\":\"Novi Sad 2022\",\"description\":\"European Capital of Culture\",\"potentialAction\":[{\"@type\":\"SearchAction\",\"target\":{\"@type\":\"EntryPoint\",\"urlTemplate\":\"https:\/\/novisad2022.rs\/en\/?s={search_term_string}\"},\"query-input\":{\"@type\":\"PropertyValueSpecification\",\"valueRequired\":true,\"valueName\":\"search_term_string\"}}],\"inLanguage\":\"en-US\"},{\"@type\":\"Person\",\"@id\":\"https:\/\/novisad2022.rs\/en\/#\/schema\/person\/ac5cc999e141a0cc6699aee7c62e6a77\",\"name\":\"Jasmina\",\"image\":{\"@type\":\"ImageObject\",\"inLanguage\":\"en-US\",\"@id\":\"https:\/\/novisad2022.rs\/en\/#\/schema\/person\/image\/\",\"url\":\"https:\/\/secure.gravatar.com\/avatar\/1e299e2f3bd9f7617d41a61a43fc086c80151f6f5c6fa7873322cb5d18af2492?s=96&d=mm&r=g\",\"contentUrl\":\"https:\/\/secure.gravatar.com\/avatar\/1e299e2f3bd9f7617d41a61a43fc086c80151f6f5c6fa7873322cb5d18af2492?s=96&d=mm&r=g\",\"caption\":\"Jasmina\"}}]}<\/script>\n<!-- \/ Yoast SEO plugin. -->","yoast_head_json":{"title":"\u2018Mephisto\u2019 In a Co-Production of the Serbian National Theatre and ECoC Closes the Season in the Oldest Theatre","description":"The play directed by Haris Pa\u0161ovi\u0107, starring Mirjana Karanovi\u0107 and Miodrag Krivokapi\u0107 as well as the Serbian National Theatre Drama Ensemble, will be performed on 12 and 14 July.","robots":{"index":"index","follow":"follow","max-snippet":"max-snippet:-1","max-image-preview":"max-image-preview:large","max-video-preview":"max-video-preview:-1"},"canonical":"https:\/\/novisad2022.rs\/en\/mephisto-in-a-co-production-of-the-serbian-national-theatre-and-ecoc-closes-the-season-in-the-oldest-theatre\/","og_locale":"en_US","og_type":"article","og_title":"\u2018Mephisto\u2019 In a Co-Production of the Serbian National Theatre and ECoC Closes the Season in the Oldest Theatre","og_description":"The play directed by Haris Pa\u0161ovi\u0107, starring Mirjana Karanovi\u0107 and Miodrag Krivokapi\u0107 as well as the Serbian National Theatre Drama Ensemble, will be performed on 12 and 14 July.","og_url":"https:\/\/novisad2022.rs\/en\/mephisto-in-a-co-production-of-the-serbian-national-theatre-and-ecoc-closes-the-season-in-the-oldest-theatre\/","og_site_name":"Novi Sad 2022","article_published_time":"2022-06-25T14:01:07+00:00","article_modified_time":"2022-06-27T15:13:47+00:00","og_image":[{"width":2048,"height":1365,"url":"https:\/\/novisad2022.rs\/wp-content\/uploads\/2022\/06\/Mefisto-2-foto-V.Velickovic.jpg","type":"image\/jpeg"}],"author":"Jasmina","twitter_card":"summary_large_image","twitter_misc":{"Written by":"Jasmina","Est. reading time":"4 minutes"},"schema":{"@context":"https:\/\/schema.org","@graph":[{"@type":"Article","@id":"https:\/\/novisad2022.rs\/en\/mephisto-in-a-co-production-of-the-serbian-national-theatre-and-ecoc-closes-the-season-in-the-oldest-theatre\/#article","isPartOf":{"@id":"https:\/\/novisad2022.rs\/en\/mephisto-in-a-co-production-of-the-serbian-national-theatre-and-ecoc-closes-the-season-in-the-oldest-theatre\/"},"author":{"name":"Jasmina","@id":"https:\/\/novisad2022.rs\/en\/#\/schema\/person\/ac5cc999e141a0cc6699aee7c62e6a77"},"headline":"\u2018Mephisto\u2019 In a Co-Production of the Serbian National Theatre and ECoC Closes the Season in the Oldest Theatre","datePublished":"2022-06-25T14:01:07+00:00","dateModified":"2022-06-27T15:13:47+00:00","mainEntityOfPage":{"@id":"https:\/\/novisad2022.rs\/en\/mephisto-in-a-co-production-of-the-serbian-national-theatre-and-ecoc-closes-the-season-in-the-oldest-theatre\/"},"wordCount":627,"commentCount":0,"image":{"@id":"https:\/\/novisad2022.rs\/en\/mephisto-in-a-co-production-of-the-serbian-national-theatre-and-ecoc-closes-the-season-in-the-oldest-theatre\/#primaryimage"},"thumbnailUrl":"https:\/\/novisad2022.rs\/wp-content\/uploads\/2022\/06\/Mefisto-2-foto-V.Velickovic.jpg","keywords":["Fortress of Peace","Novi Sad \u2013 European Capital of Culture","Novi Sad 2022"],"articleSection":["News"],"inLanguage":"en-US","potentialAction":[{"@type":"CommentAction","name":"Comment","target":["https:\/\/novisad2022.rs\/en\/mephisto-in-a-co-production-of-the-serbian-national-theatre-and-ecoc-closes-the-season-in-the-oldest-theatre\/#respond"]}]},{"@type":"WebPage","@id":"https:\/\/novisad2022.rs\/en\/mephisto-in-a-co-production-of-the-serbian-national-theatre-and-ecoc-closes-the-season-in-the-oldest-theatre\/","url":"https:\/\/novisad2022.rs\/en\/mephisto-in-a-co-production-of-the-serbian-national-theatre-and-ecoc-closes-the-season-in-the-oldest-theatre\/","name":"\u2018Mephisto\u2019 In a Co-Production of the Serbian National Theatre and ECoC Closes the Season in the Oldest Theatre","isPartOf":{"@id":"https:\/\/novisad2022.rs\/en\/#website"},"primaryImageOfPage":{"@id":"https:\/\/novisad2022.rs\/en\/mephisto-in-a-co-production-of-the-serbian-national-theatre-and-ecoc-closes-the-season-in-the-oldest-theatre\/#primaryimage"},"image":{"@id":"https:\/\/novisad2022.rs\/en\/mephisto-in-a-co-production-of-the-serbian-national-theatre-and-ecoc-closes-the-season-in-the-oldest-theatre\/#primaryimage"},"thumbnailUrl":"https:\/\/novisad2022.rs\/wp-content\/uploads\/2022\/06\/Mefisto-2-foto-V.Velickovic.jpg","datePublished":"2022-06-25T14:01:07+00:00","dateModified":"2022-06-27T15:13:47+00:00","author":{"@id":"https:\/\/novisad2022.rs\/en\/#\/schema\/person\/ac5cc999e141a0cc6699aee7c62e6a77"},"description":"The play directed by Haris Pa\u0161ovi\u0107, starring Mirjana Karanovi\u0107 and Miodrag Krivokapi\u0107 as well as the Serbian National Theatre Drama Ensemble, will be performed on 12 and 14 July.","breadcrumb":{"@id":"https:\/\/novisad2022.rs\/en\/mephisto-in-a-co-production-of-the-serbian-national-theatre-and-ecoc-closes-the-season-in-the-oldest-theatre\/#breadcrumb"},"inLanguage":"en-US","potentialAction":[{"@type":"ReadAction","target":["https:\/\/novisad2022.rs\/en\/mephisto-in-a-co-production-of-the-serbian-national-theatre-and-ecoc-closes-the-season-in-the-oldest-theatre\/"]}]},{"@type":"ImageObject","inLanguage":"en-US","@id":"https:\/\/novisad2022.rs\/en\/mephisto-in-a-co-production-of-the-serbian-national-theatre-and-ecoc-closes-the-season-in-the-oldest-theatre\/#primaryimage","url":"https:\/\/novisad2022.rs\/wp-content\/uploads\/2022\/06\/Mefisto-2-foto-V.Velickovic.jpg","contentUrl":"https:\/\/novisad2022.rs\/wp-content\/uploads\/2022\/06\/Mefisto-2-foto-V.Velickovic.jpg","width":2048,"height":1365},{"@type":"BreadcrumbList","@id":"https:\/\/novisad2022.rs\/en\/mephisto-in-a-co-production-of-the-serbian-national-theatre-and-ecoc-closes-the-season-in-the-oldest-theatre\/#breadcrumb","itemListElement":[{"@type":"ListItem","position":1,"name":"\u041f\u043e\u0447\u0435\u0442\u043d\u0430","item":"https:\/\/novisad2022.rs\/en\/home-page\/"},{"@type":"ListItem","position":2,"name":"\u2018Mephisto\u2019 In a Co-Production of the Serbian National Theatre and ECoC Closes the Season in the Oldest Theatre"}]},{"@type":"WebSite","@id":"https:\/\/novisad2022.rs\/en\/#website","url":"https:\/\/novisad2022.rs\/en\/","name":"Novi Sad 2022","description":"European Capital of Culture","potentialAction":[{"@type":"SearchAction","target":{"@type":"EntryPoint","urlTemplate":"https:\/\/novisad2022.rs\/en\/?s={search_term_string}"},"query-input":{"@type":"PropertyValueSpecification","valueRequired":true,"valueName":"search_term_string"}}],"inLanguage":"en-US"},{"@type":"Person","@id":"https:\/\/novisad2022.rs\/en\/#\/schema\/person\/ac5cc999e141a0cc6699aee7c62e6a77","name":"Jasmina","image":{"@type":"ImageObject","inLanguage":"en-US","@id":"https:\/\/novisad2022.rs\/en\/#\/schema\/person\/image\/","url":"https:\/\/secure.gravatar.com\/avatar\/1e299e2f3bd9f7617d41a61a43fc086c80151f6f5c6fa7873322cb5d18af2492?s=96&d=mm&r=g","contentUrl":"https:\/\/secure.gravatar.com\/avatar\/1e299e2f3bd9f7617d41a61a43fc086c80151f6f5c6fa7873322cb5d18af2492?s=96&d=mm&r=g","caption":"Jasmina"}}]}},"_links":{"self":[{"href":"https:\/\/novisad2022.rs\/en\/wp-json\/wp\/v2\/posts\/24886","targetHints":{"allow":["GET"]}}],"collection":[{"href":"https:\/\/novisad2022.rs\/en\/wp-json\/wp\/v2\/posts"}],"about":[{"href":"https:\/\/novisad2022.rs\/en\/wp-json\/wp\/v2\/types\/post"}],"author":[{"embeddable":true,"href":"https:\/\/novisad2022.rs\/en\/wp-json\/wp\/v2\/users\/8"}],"replies":[{"embeddable":true,"href":"https:\/\/novisad2022.rs\/en\/wp-json\/wp\/v2\/comments?post=24886"}],"version-history":[{"count":4,"href":"https:\/\/novisad2022.rs\/en\/wp-json\/wp\/v2\/posts\/24886\/revisions"}],"predecessor-version":[{"id":24894,"href":"https:\/\/novisad2022.rs\/en\/wp-json\/wp\/v2\/posts\/24886\/revisions\/24894"}],"wp:featuredmedia":[{"embeddable":true,"href":"https:\/\/novisad2022.rs\/en\/wp-json\/wp\/v2\/media\/24782"}],"wp:attachment":[{"href":"https:\/\/novisad2022.rs\/en\/wp-json\/wp\/v2\/media?parent=24886"}],"wp:term":[{"taxonomy":"category","embeddable":true,"href":"https:\/\/novisad2022.rs\/en\/wp-json\/wp\/v2\/categories?post=24886"},{"taxonomy":"post_tag","embeddable":true,"href":"https:\/\/novisad2022.rs\/en\/wp-json\/wp\/v2\/tags?post=24886"}],"curies":[{"name":"wp","href":"https:\/\/api.w.org\/{rel}","templated":true}]}}