{"id":26003,"date":"2022-07-08T18:17:27","date_gmt":"2022-07-08T16:17:27","guid":{"rendered":"https:\/\/novisad2022.rs\/?p=26003"},"modified":"2022-07-18T11:21:51","modified_gmt":"2022-07-18T09:21:51","slug":"42-projects-selected-within-the-kaleidoscope-of-culture-national-call","status":"publish","type":"post","link":"https:\/\/novisad2022.rs\/en\/42-projects-selected-within-the-kaleidoscope-of-culture-national-call\/","title":{"rendered":"42 Projects Selected within the Kaleidoscope of Culture National Call"},"content":{"rendered":"<p><strong>Within the <a href=\"https:\/\/novisad2022.rs\/en\/rs\/javni-konkurs-za-podrsku-umetnicima-u-2022-godini-kaleidoskop-kulture-2\/\">\u2018Artists.Now\u2019 public call<\/a>, dedicated to artists from the whole of Serbia for the first time, 42 projects were selected. They will be implemented within this year\u2019s <a href=\"https:\/\/kaleidoskopkulture.com\/en\/\">Kaleidoscope of Culture<\/a>, which takes place from 1 September until 7 October.<\/strong> The call was launched by the <strong>\u2019Novi Sad \u2013 European Capital of Culture\u2019 Foundation<\/strong>, with the aim to strengthen the art scene by increasing the visibility of young, emerging artists and topics.<\/p>\n<p>Since the <strong>Kaleidoscope of Culture<\/strong> represents five forms of art (performing art, visual art, applied art, literature and architecture), projects selected within the call are diverse and comprise stage art, performing art and fine art, audio-visual and digital art, multimedia projects, literature, musicals, circus and street art, etc.<\/p>\n<p>The list of selected projects within the \u2018Artists.Now\u2019 public call in 2022:<\/p>\n<table>\n<thead>\n<tr style=\"height: 46px;\">\n<td style=\"height: 46px; width: 174.85px;\"><strong>No.<\/strong><\/td>\n<td style=\"height: 46px; width: 232.8px;\"><strong>Applicant<\/strong><\/td>\n<td style=\"height: 46px; width: 566.55px;\"><strong>Name of the project<\/strong><\/td>\n<\/tr>\n<\/thead>\n<tbody>\n<tr style=\"height: 76px;\">\n<td style=\"height: 76px; width: 174.85px;\">1<\/td>\n<td style=\"height: 76px; width: 232.8px;\">Ljiljana Bo\u017ei\u0107<\/td>\n<td style=\"height: 76px; width: 566.55px;\">Konzervacija i reastauracija kroz prizmu fotografskog objektiva<\/td>\n<\/tr>\n<tr style=\"height: 46px;\">\n<td style=\"height: 46px; width: 174.85px;\">2<\/td>\n<td style=\"height: 46px; width: 232.8px;\">Neboj\u0161a Bala\u017e<\/td>\n<td style=\"height: 46px; width: 566.55px;\">Letnji raspust<\/td>\n<\/tr>\n<tr style=\"height: 46px;\">\n<td style=\"height: 46px; width: 174.85px;\">3<\/td>\n<td style=\"height: 46px; width: 232.8px;\">Sanja Radusin Smiljani\u0107<\/td>\n<td style=\"height: 46px; width: 566.55px;\">Tragovi vremena<\/td>\n<\/tr>\n<tr style=\"height: 46px;\">\n<td style=\"height: 46px; width: 174.85px;\">4<\/td>\n<td style=\"height: 46px; width: 232.8px;\">Sara Kecman<\/td>\n<td style=\"height: 46px; width: 566.55px;\">EKSP Projekat<\/td>\n<\/tr>\n<tr style=\"height: 46px;\">\n<td style=\"height: 46px; width: 174.85px;\">5<\/td>\n<td style=\"height: 46px; width: 232.8px;\">Sandra Dragani\u0107<\/td>\n<td style=\"height: 46px; width: 566.55px;\">Imaginarni pejza\u017ei. Arhitektura slike.<\/td>\n<\/tr>\n<tr style=\"height: 46px;\">\n<td style=\"height: 46px; width: 174.85px;\">6<\/td>\n<td style=\"height: 46px; width: 232.8px;\">Suzana D\u017euver<\/td>\n<td style=\"height: 46px; width: 566.55px;\">Enklava \u2013 u susret stihovima iz budu\u0107nosti<\/td>\n<\/tr>\n<tr style=\"height: 46px;\">\n<td style=\"height: 46px; width: 174.85px;\">7<\/td>\n<td style=\"height: 46px; width: 232.8px;\">Aleksandar Topi\u0107<\/td>\n<td style=\"height: 46px; width: 566.55px;\">Od ateljea do preduzetnika<\/td>\n<\/tr>\n<tr style=\"height: 46px;\">\n<td style=\"height: 46px; width: 174.85px;\">8<\/td>\n<td style=\"height: 46px; width: 232.8px;\">Aleksandra Lazin<\/td>\n<td style=\"height: 46px; width: 566.55px;\">Zagonetne varijacije<\/td>\n<\/tr>\n<tr style=\"height: 76px;\">\n<td style=\"height: 76px; width: 174.85px;\">9<\/td>\n<td style=\"height: 76px; width: 232.8px;\">Dora Alifieraki Jung<\/td>\n<td style=\"height: 76px; width: 566.55px;\">20 godina Beogradskog festivala igre (dokumentarni film)<\/td>\n<\/tr>\n<tr style=\"height: 46px;\">\n<td style=\"height: 46px; width: 174.85px;\">10<\/td>\n<td style=\"height: 46px; width: 232.8px;\">Gojko Dutina<\/td>\n<td style=\"height: 46px; width: 566.55px;\">MOGU\u0106MOST<\/td>\n<\/tr>\n<tr style=\"height: 106px;\">\n<td style=\"height: 106px; width: 174.85px;\">11<\/td>\n<td style=\"height: 106px; width: 232.8px;\">Aleksandra Pavlovi\u0107<\/td>\n<td style=\"height: 106px; width: 566.55px;\">Prezentacija stvarala\u0161tva i <em>showcase<\/em> programa. \u0160ablon platforme za multimedijalna istra\u017eivanja i savremeno stvarala\u0161tvo.<\/td>\n<\/tr>\n<tr style=\"height: 46px;\">\n<td style=\"height: 46px; width: 174.85px;\">12<\/td>\n<td style=\"height: 46px; width: 232.8px;\">Ana Grigorovi\u0107<\/td>\n<td style=\"height: 46px; width: 566.55px;\">\u017dor\u017e Bize \u2013 Karmen, jedna tragedija<\/td>\n<\/tr>\n<tr style=\"height: 43px;\">\n<td style=\"height: 43px; width: 174.85px;\">13<\/td>\n<td style=\"height: 43px; width: 232.8px;\">Petra Spasojevi\u0107<\/td>\n<td style=\"height: 43px; width: 566.55px;\">Stvaram, zna\u010di postojim<\/td>\n<\/tr>\n<tr style=\"height: 46px;\">\n<td style=\"height: 46px; width: 174.85px;\">14<\/td>\n<td style=\"height: 46px; width: 232.8px;\">Matheo Delalle Putnikovi\u0107<\/td>\n<td style=\"height: 46px; width: 566.55px;\">UME\u0106E SANJANJA \u2013 Izlo\u017eba slika<\/td>\n<\/tr>\n<tr style=\"height: 76px;\">\n<td style=\"height: 76px; width: 174.85px;\">15<\/td>\n<td style=\"height: 76px; width: 232.8px;\">Tamara Babi\u0107<\/td>\n<td style=\"height: 76px; width: 566.55px;\">Knji\u017eevno odrastanje: od de\u010dje knji\u017eevnosti do knji\u017eevnosti za mlade<\/td>\n<\/tr>\n<tr style=\"height: 76px;\">\n<td style=\"height: 76px; width: 174.85px;\">16<\/td>\n<td style=\"height: 76px; width: 232.8px;\">Dragan Babi\u0107<\/td>\n<td style=\"height: 76px; width: 566.55px;\">Pedeset godina Knjige o Blamu: \u0160ta smo nau\u010dili od Aleksandra Ti\u0161me?<\/td>\n<\/tr>\n<tr style=\"height: 46px;\">\n<td style=\"height: 46px; width: 174.85px;\">17<\/td>\n<td style=\"height: 46px; width: 232.8px;\">Marko Arizanovi\u0107<\/td>\n<td style=\"height: 46px; width: 566.55px;\">Autorski koncert benda Reci Cimet<\/td>\n<\/tr>\n<tr style=\"height: 46px;\">\n<td style=\"height: 46px; width: 174.85px;\">18<\/td>\n<td style=\"height: 46px; width: 232.8px;\">Andrijana Raji\u0107<\/td>\n<td style=\"height: 46px; width: 566.55px;\">Savremeni srpski kompozitori \u2013 nova scena<\/td>\n<\/tr>\n<tr style=\"height: 46px;\">\n<td style=\"height: 46px; width: 174.85px;\">19<\/td>\n<td style=\"height: 46px; width: 232.8px;\">Mihajlo Bobar<\/td>\n<td style=\"height: 46px; width: 566.55px;\">Fantasti\u010dna mapa Novog Sada<\/td>\n<\/tr>\n<tr style=\"height: 46px;\">\n<td style=\"height: 46px; width: 174.85px;\">20<\/td>\n<td style=\"height: 46px; width: 232.8px;\">Vesna Mitar<\/td>\n<td style=\"height: 46px; width: 566.55px;\"><em>DOLCE TORMENTO<\/em><\/td>\n<\/tr>\n<tr style=\"height: 76px;\">\n<td style=\"height: 76px; width: 174.85px;\">21<\/td>\n<td style=\"height: 76px; width: 232.8px;\">Maja \u0160u\u0161a<\/td>\n<td style=\"height: 76px; width: 566.55px;\">NA LITICI, pozori\u0161na predstava u produkciji udru\u017eenja Budi iz Pan\u010deva<\/td>\n<\/tr>\n<tr style=\"height: 76px;\">\n<td style=\"height: 76px; width: 174.85px;\">22<\/td>\n<td style=\"height: 76px; width: 232.8px;\">Isidora Vl\u010dek<\/td>\n<td style=\"height: 76px; width: 566.55px;\">Pozori\u0161na predstava za decu Kako se gradi karakter<\/td>\n<\/tr>\n<tr style=\"height: 76px;\">\n<td style=\"height: 76px; width: 174.85px;\">23<\/td>\n<td style=\"height: 76px; width: 232.8px;\">Aleksandar Stanojevi\u0107<\/td>\n<td style=\"height: 76px; width: 566.55px;\">Preoblikovanje \u2013 Od upotrebnog predmeta do savremene forme<\/td>\n<\/tr>\n<tr style=\"height: 46px;\">\n<td style=\"height: 46px; width: 174.85px;\">24<\/td>\n<td style=\"height: 46px; width: 232.8px;\">Iva Oluji\u0107<\/td>\n<td style=\"height: 46px; width: 566.55px;\">\u0411\u0430\u043a\u0445\u0435 \u0434\u0430\u043d\u0430\u0441<\/td>\n<\/tr>\n<tr style=\"height: 46px;\">\n<td style=\"height: 46px; width: 174.85px;\">25<\/td>\n<td style=\"height: 46px; width: 232.8px;\">Miroslav Novakovi\u0107<\/td>\n<td style=\"height: 46px; width: 566.55px;\">Moj radio<\/td>\n<\/tr>\n<tr style=\"height: 46px;\">\n<td style=\"height: 46px; width: 174.85px;\">26<\/td>\n<td style=\"height: 46px; width: 232.8px;\">Sonja Petrovi\u0107<\/td>\n<td style=\"height: 46px; width: 566.55px;\">Edukativna predstava Agi i Ema<\/td>\n<\/tr>\n<tr style=\"height: 46px;\">\n<td style=\"height: 46px; width: 174.85px;\">27<\/td>\n<td style=\"height: 46px; width: 232.8px;\">Nikola Miloradovi\u0107<\/td>\n<td style=\"height: 46px; width: 566.55px;\">Plesno-muzi\u010dki performans <em>Mirrors<\/em><\/td>\n<\/tr>\n<tr style=\"height: 76px;\">\n<td style=\"height: 76px; width: 174.85px;\">28<\/td>\n<td style=\"height: 76px; width: 232.8px;\">Aleksandar Dadi\u0107<\/td>\n<td style=\"height: 76px; width: 566.55px;\">Dokumentarni filmovi: Novkabel era i SPENS 81<\/td>\n<\/tr>\n<tr style=\"height: 46px;\">\n<td style=\"height: 46px; width: 174.85px;\">29<\/td>\n<td style=\"height: 46px; width: 232.8px;\">Tijana Jevri\u0107<\/td>\n<td style=\"height: 46px; width: 566.55px;\">Impulsi Dunava, interaktivni umetni\u010dki rad<\/td>\n<\/tr>\n<tr style=\"height: 46px;\">\n<td style=\"height: 46px; width: 174.85px;\">30<\/td>\n<td style=\"height: 46px; width: 232.8px;\">Ivana Jano\u0161ev<\/td>\n<td style=\"height: 46px; width: 566.55px;\">Video performans: Tri glupe glave<\/td>\n<\/tr>\n<tr style=\"height: 46px;\">\n<td style=\"height: 46px; width: 174.85px;\">31<\/td>\n<td style=\"height: 46px; width: 232.8px;\">Darko Karle\u010dik<\/td>\n<td style=\"height: 46px; width: 566.55px;\">Novo lice Udaraljki<\/td>\n<\/tr>\n<tr style=\"height: 46px;\">\n<td style=\"height: 46px; width: 174.85px;\">32<\/td>\n<td style=\"height: 46px; width: 232.8px;\">Luka Beatovi\u0107<\/td>\n<td style=\"height: 46px; width: 566.55px;\">Prirodno<\/td>\n<\/tr>\n<tr style=\"height: 46px;\">\n<td style=\"height: 46px; width: 174.85px;\">33<\/td>\n<td style=\"height: 46px; width: 232.8px;\">Fran\u010deska Fajhner<\/td>\n<td style=\"height: 46px; width: 566.55px;\">Razmena u gradu knjige<\/td>\n<\/tr>\n<tr style=\"height: 46px;\">\n<td style=\"height: 46px; width: 174.85px;\">34<\/td>\n<td style=\"height: 46px; width: 232.8px;\">Marko Peri\u0107<\/td>\n<td style=\"height: 46px; width: 566.55px;\">Urbana umetnost za po\u010detnike<\/td>\n<\/tr>\n<tr style=\"height: 46px;\">\n<td style=\"height: 46px; width: 174.85px;\">35<\/td>\n<td style=\"height: 46px; width: 232.8px;\">Aleksa Vujovi\u0107<\/td>\n<td style=\"height: 46px; width: 566.55px;\">Avenija mimova 2<\/td>\n<\/tr>\n<tr style=\"height: 46px;\">\n<td style=\"height: 46px; width: 174.85px;\">36<\/td>\n<td style=\"height: 46px; width: 232.8px;\">Sr\u0111an Paunovi\u0107<\/td>\n<td style=\"height: 46px; width: 566.55px;\">Saksofon i Istok<\/td>\n<\/tr>\n<tr style=\"height: 46px;\">\n<td style=\"height: 46px; width: 174.85px;\">37<\/td>\n<td style=\"height: 46px; width: 232.8px;\">Vojin Aleksi\u0107<\/td>\n<td style=\"height: 46px; width: 566.55px;\"><em>Brainstorm &amp; Dance<\/em> \u2013 Monk ansambl<\/td>\n<\/tr>\n<tr style=\"height: 46px;\">\n<td style=\"height: 46px; width: 174.85px;\">38<\/td>\n<td style=\"height: 46px; width: 232.8px;\">Nenad Ignjatov<\/td>\n<td style=\"height: 46px; width: 566.55px;\"><em>Trash Art<\/em><\/td>\n<\/tr>\n<tr style=\"height: 46px;\">\n<td style=\"height: 46px; width: 174.85px;\">39<\/td>\n<td style=\"height: 46px; width: 232.8px;\">Marina Aranitovi\u0107<\/td>\n<td style=\"height: 46px; width: 566.55px;\">Savremena plesna predstava Hibrid<\/td>\n<\/tr>\n<tr style=\"height: 46px;\">\n<td style=\"height: 46px; width: 174.85px;\">40<\/td>\n<td style=\"height: 46px; width: 232.8px;\">An\u0111ela Stankovi\u0107<\/td>\n<td style=\"height: 46px; width: 566.55px;\">Novi zvuk baroka<\/td>\n<\/tr>\n<tr style=\"height: 46px;\">\n<td style=\"height: 46px; width: 174.85px;\">41<\/td>\n<td style=\"height: 46px; width: 232.8px;\">Marko \u010cur\u010di\u0107<\/td>\n<td style=\"height: 46px; width: 566.55px;\">Koncert grupe <em>Prisoners of surprise<\/em><\/td>\n<\/tr>\n<tr style=\"height: 46px;\">\n<td style=\"height: 46px; width: 174.85px;\">42<\/td>\n<td style=\"height: 46px; width: 232.8px;\">Konstantinos Petrovi\u0107<\/td>\n<td style=\"height: 46px; width: 566.55px;\"><em>From zero to one<\/em><\/td>\n<\/tr>\n<\/tbody>\n<\/table>\n<p>Kaleidoscope of Culture is a year-round project dedicated to the culture of togetherness that connects artists, cultural institutions, non-governmental organisations, citizens, and visitors through different processes. The selected artworks and programmes will be presented in cultural stations, Creative District and at \u2018New Places\u2019 \u2013 small, urban, public spaces in Novi Sad.<\/p>\n<p>The <strong>Kaleidoscope of Culture<\/strong>, together with <a href=\"https:\/\/docekns.rs\/en\/home\/\"><strong>Do\u010dek<\/strong><\/a>, is the programme arch of the European Capital of Culture that led to Novi Sad receiving the award for <strong>Best European Trend Brand<\/strong> in the field of culture in Dresden in November 2021. These are the only two programme arches, out of eight, that have been implemented for five years now and intend to remain legacies to the city even after the title.<\/p>\n<p>The \u2018Novi Sad \u2013 European Capital of Culture\u2019 Foundation launched the call \u2018Artists.Now\u2019 two years ago as a support to the local art scene fighting the consequences of the coronavirus pandemic, with the aim to raise the capacities of the artistic scene, thus encouraging networking between artists from our country, Europe and the world.<\/p>\n<p>From the very beginning, the call \u2018Artists.Now\u2019 has been supported by <a href=\"https:\/\/www.idea.rs\/\">IDEA<\/a>.<\/p>\n<p>&nbsp;<\/p>\n<p><a href=\"https:\/\/novisad2022.rs\/wp-content\/uploads\/2022\/07\/1748-1-Odluka-o-raspodeli-sredstava-po-javnom-konkursu-za-podrsku-umetnicima-u-2022-godini.pdf\">Decision on allocation of funds based on the public call for the support to artists in 2022 (Kaleidoscope of Culture)<\/a><\/p>","protected":false},"excerpt":{"rendered":"<p>Within the \u2018Artists.Now\u2019 public call, dedicated to artists from the whole of Serbia for the first time, 42 projects were selected. They will be implemented within this year\u2019s Kaleidoscope of Culture, which takes place from 1 September until 7 October. The call was launched by the \u2019Novi Sad \u2013 European Capital of Culture\u2019 Foundation, with [&hellip;]<\/p>\n","protected":false},"author":8,"featured_media":26004,"comment_status":"open","ping_status":"open","sticky":false,"template":"","format":"standard","meta":{"site-sidebar-layout":"default","site-content-layout":"default","ast-site-content-layout":"default","site-content-style":"default","site-sidebar-style":"default","ast-global-header-display":"","ast-banner-title-visibility":"","ast-main-header-display":"","ast-hfb-above-header-display":"","ast-hfb-below-header-display":"","ast-hfb-mobile-header-display":"","site-post-title":"","ast-breadcrumbs-content":"","ast-featured-img":"","footer-sml-layout":"","ast-disable-related-posts":"","theme-transparent-header-meta":"default","adv-header-id-meta":"","stick-header-meta":"","header-above-stick-meta":"","header-main-stick-meta":"","header-below-stick-meta":"","astra-migrate-meta-layouts":"default","ast-page-background-enabled":"default","ast-page-background-meta":{"desktop":{"background-color":"","background-image":"","background-repeat":"repeat","background-position":"center center","background-size":"auto","background-attachment":"scroll","background-type":"","background-media":"","overlay-type":"","overlay-color":"","overlay-opacity":"","overlay-gradient":""},"tablet":{"background-color":"","background-image":"","background-repeat":"repeat","background-position":"center center","background-size":"auto","background-attachment":"scroll","background-type":"","background-media":"","overlay-type":"","overlay-color":"","overlay-opacity":"","overlay-gradient":""},"mobile":{"background-color":"","background-image":"","background-repeat":"repeat","background-position":"center center","background-size":"auto","background-attachment":"scroll","background-type":"","background-media":"","overlay-type":"","overlay-color":"","overlay-opacity":"","overlay-gradient":""}},"ast-content-background-meta":{"desktop":{"background-color":"var(--ast-global-color-5)","background-image":"","background-repeat":"repeat","background-position":"center center","background-size":"auto","background-attachment":"scroll","background-type":"","background-media":"","overlay-type":"","overlay-color":"","overlay-opacity":"","overlay-gradient":""},"tablet":{"background-color":"var(--ast-global-color-5)","background-image":"","background-repeat":"repeat","background-position":"center center","background-size":"auto","background-attachment":"scroll","background-type":"","background-media":"","overlay-type":"","overlay-color":"","overlay-opacity":"","overlay-gradient":""},"mobile":{"background-color":"var(--ast-global-color-5)","background-image":"","background-repeat":"repeat","background-position":"center center","background-size":"auto","background-attachment":"scroll","background-type":"","background-media":"","overlay-type":"","overlay-color":"","overlay-opacity":"","overlay-gradient":""}},"footnotes":""},"categories":[70],"tags":[1708,2393,2628,1710],"class_list":["post-26003","post","type-post","status-publish","format-standard","has-post-thumbnail","hentry","category-news","tag-kaleidoscope-of-culture-en","tag-novi-sad-european-capital-of-culture-en","tag-novi-sad-2022-en","tag-open-call-en"],"yoast_head":"<!-- This site is optimized with the Yoast SEO plugin v27.0 - https:\/\/yoast.com\/product\/yoast-seo-wordpress\/ -->\n<title>42 Projects Selected within the Kaleidoscope of Culture National Call<\/title>\n<meta name=\"description\" content=\"Within the \u2018Artists.Now\u2019 public call, dedicated to artists from the whole of Serbia for the first time, 42 projects were selected.\" \/>\n<meta name=\"robots\" content=\"index, follow, max-snippet:-1, max-image-preview:large, max-video-preview:-1\" \/>\n<link rel=\"canonical\" href=\"https:\/\/novisad2022.rs\/en\/42-projects-selected-within-the-kaleidoscope-of-culture-national-call\/\" \/>\n<meta property=\"og:locale\" content=\"en_US\" \/>\n<meta property=\"og:type\" content=\"article\" \/>\n<meta property=\"og:title\" content=\"42 Projects Selected within the Kaleidoscope of Culture National Call\" \/>\n<meta property=\"og:description\" content=\"Within the \u2018Artists.Now\u2019 public call, dedicated to artists from the whole of Serbia for the first time, 42 projects were selected.\" \/>\n<meta property=\"og:url\" content=\"https:\/\/novisad2022.rs\/en\/42-projects-selected-within-the-kaleidoscope-of-culture-national-call\/\" \/>\n<meta property=\"og:site_name\" content=\"Novi Sad 2022\" \/>\n<meta property=\"article:published_time\" content=\"2022-07-08T16:17:27+00:00\" \/>\n<meta property=\"article:modified_time\" content=\"2022-07-18T09:21:51+00:00\" \/>\n<meta property=\"og:image\" content=\"https:\/\/novisad2022.rs\/wp-content\/uploads\/2022\/07\/umetnici_rezultati82.png\" \/>\n\t<meta property=\"og:image:width\" content=\"1620\" \/>\n\t<meta property=\"og:image:height\" content=\"1080\" \/>\n\t<meta property=\"og:image:type\" content=\"image\/png\" \/>\n<meta name=\"author\" content=\"Jasmina\" \/>\n<meta name=\"twitter:card\" content=\"summary_large_image\" \/>\n<meta name=\"twitter:label1\" content=\"Written by\" \/>\n\t<meta name=\"twitter:data1\" content=\"Jasmina\" \/>\n\t<meta name=\"twitter:label2\" content=\"Est. reading time\" \/>\n\t<meta name=\"twitter:data2\" content=\"3 minutes\" \/>\n<script type=\"application\/ld+json\" class=\"yoast-schema-graph\">{\"@context\":\"https:\/\/schema.org\",\"@graph\":[{\"@type\":\"Article\",\"@id\":\"https:\/\/novisad2022.rs\/en\/42-projects-selected-within-the-kaleidoscope-of-culture-national-call\/#article\",\"isPartOf\":{\"@id\":\"https:\/\/novisad2022.rs\/en\/42-projects-selected-within-the-kaleidoscope-of-culture-national-call\/\"},\"author\":{\"name\":\"Jasmina\",\"@id\":\"https:\/\/novisad2022.rs\/en\/#\/schema\/person\/ac5cc999e141a0cc6699aee7c62e6a77\"},\"headline\":\"42 Projects Selected within the Kaleidoscope of Culture National Call\",\"datePublished\":\"2022-07-08T16:17:27+00:00\",\"dateModified\":\"2022-07-18T09:21:51+00:00\",\"mainEntityOfPage\":{\"@id\":\"https:\/\/novisad2022.rs\/en\/42-projects-selected-within-the-kaleidoscope-of-culture-national-call\/\"},\"wordCount\":693,\"commentCount\":0,\"image\":{\"@id\":\"https:\/\/novisad2022.rs\/en\/42-projects-selected-within-the-kaleidoscope-of-culture-national-call\/#primaryimage\"},\"thumbnailUrl\":\"https:\/\/novisad2022.rs\/wp-content\/uploads\/2022\/07\/umetnici_rezultati82.png\",\"keywords\":[\"Kaleidoscope of Culture\",\"Novi Sad \u2013 European Capital of Culture\",\"Novi Sad 2022\",\"Open Call\"],\"articleSection\":[\"News\"],\"inLanguage\":\"en-US\",\"potentialAction\":[{\"@type\":\"CommentAction\",\"name\":\"Comment\",\"target\":[\"https:\/\/novisad2022.rs\/en\/42-projects-selected-within-the-kaleidoscope-of-culture-national-call\/#respond\"]}]},{\"@type\":\"WebPage\",\"@id\":\"https:\/\/novisad2022.rs\/en\/42-projects-selected-within-the-kaleidoscope-of-culture-national-call\/\",\"url\":\"https:\/\/novisad2022.rs\/en\/42-projects-selected-within-the-kaleidoscope-of-culture-national-call\/\",\"name\":\"42 Projects Selected within the Kaleidoscope of Culture National Call\",\"isPartOf\":{\"@id\":\"https:\/\/novisad2022.rs\/en\/#website\"},\"primaryImageOfPage\":{\"@id\":\"https:\/\/novisad2022.rs\/en\/42-projects-selected-within-the-kaleidoscope-of-culture-national-call\/#primaryimage\"},\"image\":{\"@id\":\"https:\/\/novisad2022.rs\/en\/42-projects-selected-within-the-kaleidoscope-of-culture-national-call\/#primaryimage\"},\"thumbnailUrl\":\"https:\/\/novisad2022.rs\/wp-content\/uploads\/2022\/07\/umetnici_rezultati82.png\",\"datePublished\":\"2022-07-08T16:17:27+00:00\",\"dateModified\":\"2022-07-18T09:21:51+00:00\",\"author\":{\"@id\":\"https:\/\/novisad2022.rs\/en\/#\/schema\/person\/ac5cc999e141a0cc6699aee7c62e6a77\"},\"description\":\"Within the \u2018Artists.Now\u2019 public call, dedicated to artists from the whole of Serbia for the first time, 42 projects were selected.\",\"breadcrumb\":{\"@id\":\"https:\/\/novisad2022.rs\/en\/42-projects-selected-within-the-kaleidoscope-of-culture-national-call\/#breadcrumb\"},\"inLanguage\":\"en-US\",\"potentialAction\":[{\"@type\":\"ReadAction\",\"target\":[\"https:\/\/novisad2022.rs\/en\/42-projects-selected-within-the-kaleidoscope-of-culture-national-call\/\"]}]},{\"@type\":\"ImageObject\",\"inLanguage\":\"en-US\",\"@id\":\"https:\/\/novisad2022.rs\/en\/42-projects-selected-within-the-kaleidoscope-of-culture-national-call\/#primaryimage\",\"url\":\"https:\/\/novisad2022.rs\/wp-content\/uploads\/2022\/07\/umetnici_rezultati82.png\",\"contentUrl\":\"https:\/\/novisad2022.rs\/wp-content\/uploads\/2022\/07\/umetnici_rezultati82.png\",\"width\":1620,\"height\":1080},{\"@type\":\"BreadcrumbList\",\"@id\":\"https:\/\/novisad2022.rs\/en\/42-projects-selected-within-the-kaleidoscope-of-culture-national-call\/#breadcrumb\",\"itemListElement\":[{\"@type\":\"ListItem\",\"position\":1,\"name\":\"\u041f\u043e\u0447\u0435\u0442\u043d\u0430\",\"item\":\"https:\/\/novisad2022.rs\/en\/home-page\/\"},{\"@type\":\"ListItem\",\"position\":2,\"name\":\"42 Projects Selected within the Kaleidoscope of Culture National Call\"}]},{\"@type\":\"WebSite\",\"@id\":\"https:\/\/novisad2022.rs\/en\/#website\",\"url\":\"https:\/\/novisad2022.rs\/en\/\",\"name\":\"Novi Sad 2022\",\"description\":\"European Capital of Culture\",\"potentialAction\":[{\"@type\":\"SearchAction\",\"target\":{\"@type\":\"EntryPoint\",\"urlTemplate\":\"https:\/\/novisad2022.rs\/en\/?s={search_term_string}\"},\"query-input\":{\"@type\":\"PropertyValueSpecification\",\"valueRequired\":true,\"valueName\":\"search_term_string\"}}],\"inLanguage\":\"en-US\"},{\"@type\":\"Person\",\"@id\":\"https:\/\/novisad2022.rs\/en\/#\/schema\/person\/ac5cc999e141a0cc6699aee7c62e6a77\",\"name\":\"Jasmina\",\"image\":{\"@type\":\"ImageObject\",\"inLanguage\":\"en-US\",\"@id\":\"https:\/\/novisad2022.rs\/en\/#\/schema\/person\/image\/\",\"url\":\"https:\/\/secure.gravatar.com\/avatar\/1e299e2f3bd9f7617d41a61a43fc086c80151f6f5c6fa7873322cb5d18af2492?s=96&d=mm&r=g\",\"contentUrl\":\"https:\/\/secure.gravatar.com\/avatar\/1e299e2f3bd9f7617d41a61a43fc086c80151f6f5c6fa7873322cb5d18af2492?s=96&d=mm&r=g\",\"caption\":\"Jasmina\"}}]}<\/script>\n<!-- \/ Yoast SEO plugin. -->","yoast_head_json":{"title":"42 Projects Selected within the Kaleidoscope of Culture National Call","description":"Within the \u2018Artists.Now\u2019 public call, dedicated to artists from the whole of Serbia for the first time, 42 projects were selected.","robots":{"index":"index","follow":"follow","max-snippet":"max-snippet:-1","max-image-preview":"max-image-preview:large","max-video-preview":"max-video-preview:-1"},"canonical":"https:\/\/novisad2022.rs\/en\/42-projects-selected-within-the-kaleidoscope-of-culture-national-call\/","og_locale":"en_US","og_type":"article","og_title":"42 Projects Selected within the Kaleidoscope of Culture National Call","og_description":"Within the \u2018Artists.Now\u2019 public call, dedicated to artists from the whole of Serbia for the first time, 42 projects were selected.","og_url":"https:\/\/novisad2022.rs\/en\/42-projects-selected-within-the-kaleidoscope-of-culture-national-call\/","og_site_name":"Novi Sad 2022","article_published_time":"2022-07-08T16:17:27+00:00","article_modified_time":"2022-07-18T09:21:51+00:00","og_image":[{"width":1620,"height":1080,"url":"https:\/\/novisad2022.rs\/wp-content\/uploads\/2022\/07\/umetnici_rezultati82.png","type":"image\/png"}],"author":"Jasmina","twitter_card":"summary_large_image","twitter_misc":{"Written by":"Jasmina","Est. reading time":"3 minutes"},"schema":{"@context":"https:\/\/schema.org","@graph":[{"@type":"Article","@id":"https:\/\/novisad2022.rs\/en\/42-projects-selected-within-the-kaleidoscope-of-culture-national-call\/#article","isPartOf":{"@id":"https:\/\/novisad2022.rs\/en\/42-projects-selected-within-the-kaleidoscope-of-culture-national-call\/"},"author":{"name":"Jasmina","@id":"https:\/\/novisad2022.rs\/en\/#\/schema\/person\/ac5cc999e141a0cc6699aee7c62e6a77"},"headline":"42 Projects Selected within the Kaleidoscope of Culture National Call","datePublished":"2022-07-08T16:17:27+00:00","dateModified":"2022-07-18T09:21:51+00:00","mainEntityOfPage":{"@id":"https:\/\/novisad2022.rs\/en\/42-projects-selected-within-the-kaleidoscope-of-culture-national-call\/"},"wordCount":693,"commentCount":0,"image":{"@id":"https:\/\/novisad2022.rs\/en\/42-projects-selected-within-the-kaleidoscope-of-culture-national-call\/#primaryimage"},"thumbnailUrl":"https:\/\/novisad2022.rs\/wp-content\/uploads\/2022\/07\/umetnici_rezultati82.png","keywords":["Kaleidoscope of Culture","Novi Sad \u2013 European Capital of Culture","Novi Sad 2022","Open Call"],"articleSection":["News"],"inLanguage":"en-US","potentialAction":[{"@type":"CommentAction","name":"Comment","target":["https:\/\/novisad2022.rs\/en\/42-projects-selected-within-the-kaleidoscope-of-culture-national-call\/#respond"]}]},{"@type":"WebPage","@id":"https:\/\/novisad2022.rs\/en\/42-projects-selected-within-the-kaleidoscope-of-culture-national-call\/","url":"https:\/\/novisad2022.rs\/en\/42-projects-selected-within-the-kaleidoscope-of-culture-national-call\/","name":"42 Projects Selected within the Kaleidoscope of Culture National Call","isPartOf":{"@id":"https:\/\/novisad2022.rs\/en\/#website"},"primaryImageOfPage":{"@id":"https:\/\/novisad2022.rs\/en\/42-projects-selected-within-the-kaleidoscope-of-culture-national-call\/#primaryimage"},"image":{"@id":"https:\/\/novisad2022.rs\/en\/42-projects-selected-within-the-kaleidoscope-of-culture-national-call\/#primaryimage"},"thumbnailUrl":"https:\/\/novisad2022.rs\/wp-content\/uploads\/2022\/07\/umetnici_rezultati82.png","datePublished":"2022-07-08T16:17:27+00:00","dateModified":"2022-07-18T09:21:51+00:00","author":{"@id":"https:\/\/novisad2022.rs\/en\/#\/schema\/person\/ac5cc999e141a0cc6699aee7c62e6a77"},"description":"Within the \u2018Artists.Now\u2019 public call, dedicated to artists from the whole of Serbia for the first time, 42 projects were selected.","breadcrumb":{"@id":"https:\/\/novisad2022.rs\/en\/42-projects-selected-within-the-kaleidoscope-of-culture-national-call\/#breadcrumb"},"inLanguage":"en-US","potentialAction":[{"@type":"ReadAction","target":["https:\/\/novisad2022.rs\/en\/42-projects-selected-within-the-kaleidoscope-of-culture-national-call\/"]}]},{"@type":"ImageObject","inLanguage":"en-US","@id":"https:\/\/novisad2022.rs\/en\/42-projects-selected-within-the-kaleidoscope-of-culture-national-call\/#primaryimage","url":"https:\/\/novisad2022.rs\/wp-content\/uploads\/2022\/07\/umetnici_rezultati82.png","contentUrl":"https:\/\/novisad2022.rs\/wp-content\/uploads\/2022\/07\/umetnici_rezultati82.png","width":1620,"height":1080},{"@type":"BreadcrumbList","@id":"https:\/\/novisad2022.rs\/en\/42-projects-selected-within-the-kaleidoscope-of-culture-national-call\/#breadcrumb","itemListElement":[{"@type":"ListItem","position":1,"name":"\u041f\u043e\u0447\u0435\u0442\u043d\u0430","item":"https:\/\/novisad2022.rs\/en\/home-page\/"},{"@type":"ListItem","position":2,"name":"42 Projects Selected within the Kaleidoscope of Culture National Call"}]},{"@type":"WebSite","@id":"https:\/\/novisad2022.rs\/en\/#website","url":"https:\/\/novisad2022.rs\/en\/","name":"Novi Sad 2022","description":"European Capital of Culture","potentialAction":[{"@type":"SearchAction","target":{"@type":"EntryPoint","urlTemplate":"https:\/\/novisad2022.rs\/en\/?s={search_term_string}"},"query-input":{"@type":"PropertyValueSpecification","valueRequired":true,"valueName":"search_term_string"}}],"inLanguage":"en-US"},{"@type":"Person","@id":"https:\/\/novisad2022.rs\/en\/#\/schema\/person\/ac5cc999e141a0cc6699aee7c62e6a77","name":"Jasmina","image":{"@type":"ImageObject","inLanguage":"en-US","@id":"https:\/\/novisad2022.rs\/en\/#\/schema\/person\/image\/","url":"https:\/\/secure.gravatar.com\/avatar\/1e299e2f3bd9f7617d41a61a43fc086c80151f6f5c6fa7873322cb5d18af2492?s=96&d=mm&r=g","contentUrl":"https:\/\/secure.gravatar.com\/avatar\/1e299e2f3bd9f7617d41a61a43fc086c80151f6f5c6fa7873322cb5d18af2492?s=96&d=mm&r=g","caption":"Jasmina"}}]}},"_links":{"self":[{"href":"https:\/\/novisad2022.rs\/en\/wp-json\/wp\/v2\/posts\/26003","targetHints":{"allow":["GET"]}}],"collection":[{"href":"https:\/\/novisad2022.rs\/en\/wp-json\/wp\/v2\/posts"}],"about":[{"href":"https:\/\/novisad2022.rs\/en\/wp-json\/wp\/v2\/types\/post"}],"author":[{"embeddable":true,"href":"https:\/\/novisad2022.rs\/en\/wp-json\/wp\/v2\/users\/8"}],"replies":[{"embeddable":true,"href":"https:\/\/novisad2022.rs\/en\/wp-json\/wp\/v2\/comments?post=26003"}],"version-history":[{"count":2,"href":"https:\/\/novisad2022.rs\/en\/wp-json\/wp\/v2\/posts\/26003\/revisions"}],"predecessor-version":[{"id":26286,"href":"https:\/\/novisad2022.rs\/en\/wp-json\/wp\/v2\/posts\/26003\/revisions\/26286"}],"wp:featuredmedia":[{"embeddable":true,"href":"https:\/\/novisad2022.rs\/en\/wp-json\/wp\/v2\/media\/26004"}],"wp:attachment":[{"href":"https:\/\/novisad2022.rs\/en\/wp-json\/wp\/v2\/media?parent=26003"}],"wp:term":[{"taxonomy":"category","embeddable":true,"href":"https:\/\/novisad2022.rs\/en\/wp-json\/wp\/v2\/categories?post=26003"},{"taxonomy":"post_tag","embeddable":true,"href":"https:\/\/novisad2022.rs\/en\/wp-json\/wp\/v2\/tags?post=26003"}],"curies":[{"name":"wp","href":"https:\/\/api.w.org\/{rel}","templated":true}]}}