{"id":26132,"date":"2022-07-14T16:37:45","date_gmt":"2022-07-14T14:37:45","guid":{"rendered":"https:\/\/novisad2022.rs\/?p=26132"},"modified":"2022-07-15T16:30:33","modified_gmt":"2022-07-15T14:30:33","slug":"weekend-in-the-european-capital-of-culture-different-art-every-day","status":"publish","type":"post","link":"https:\/\/novisad2022.rs\/en\/weekend-in-the-european-capital-of-culture-different-art-every-day\/","title":{"rendered":"Weekend in the European Capital of Culture \u2013 Different Art Every Day"},"content":{"rendered":"<p>During the last year, Novi Sad has been declared one of the top destinations in 2022, and the fact that, after 20 years, in May this year, it broke the record for the number of overnight stays and visits to the city, confirmed that the European Capital of Culture fulfilled its potential. In that spirit, Novi Sad remains on task and offers programmes that present a different form of art every day of the upcoming weekend \u2013 <strong>on Friday, the never-seen-before exhibition in the region for more than fifty years, on Saturday, extraordinary local, regional and European musicians, and on Sunday, the premiere of the first film on the creation of Novi Sad<\/strong> that will close the <a href=\"https:\/\/kalendar.novisad2022.rs\/en\/fortress-of-peace\/\"><strong>Fortress of Peace<\/strong><\/a> programme arch, taking place at the moment.<\/p>\n<p><span style=\"font-size: 14pt;\"><strong>A Peaceful Road to Freedom<\/strong><\/span><\/p>\n<p>Novi Sad is one of the few European cities that will get the first film saga about the origin and birth of the city <strong><a href=\"https:\/\/kalendar.novisad2022.rs\/en\/events\/liberta-the-birth-of-a-city\/\">\u2018Liberta\u2019<\/a><\/strong>, to be premiered on <strong>17 July at the Petrovaradin Fortress<\/strong>, one of the most significant landmarks of Novi Sad. The film, signed by the director and screenplay assistant Gvozden \u0110uri\u0107 and director and screenwriter \u017danko Tomi\u0107, will show not only the liberation of Novi Sad and obtaining the status of a city but also the liberation of the whole of Vojvodina as a space where Serbian culture and tradition most intricately intertwine with European values and challenges of that time.<\/p>\n<p><a href=\"https:\/\/novisad2022.rs\/wp-content\/uploads\/2022\/07\/Liberta-radjanje-grada-foto-NSEPK-m.-Pudic-5.jpg\"><img fetchpriority=\"high\" decoding=\"async\" class=\"aligncenter size-full wp-image-26133\" src=\"https:\/\/novisad2022.rs\/wp-content\/uploads\/2022\/07\/Liberta-radjanje-grada-foto-NSEPK-m.-Pudic-5.jpg\" alt=\"\" width=\"1000\" height=\"666\" srcset=\"https:\/\/novisad2022.rs\/wp-content\/uploads\/2022\/07\/Liberta-radjanje-grada-foto-NSEPK-m.-Pudic-5.jpg 1000w, https:\/\/novisad2022.rs\/wp-content\/uploads\/2022\/07\/Liberta-radjanje-grada-foto-NSEPK-m.-Pudic-5-300x200.jpg 300w, https:\/\/novisad2022.rs\/wp-content\/uploads\/2022\/07\/Liberta-radjanje-grada-foto-NSEPK-m.-Pudic-5-768x511.jpg 768w\" sizes=\"(max-width: 1000px) 100vw, 1000px\" \/><\/a><\/p>\n<p>Artists, who will turn the path into a passage through the Baroque, will lead the audience from the Monastery of St. George, the oldest church in Petrovaradin, to the place of the film screening \u2013 the street in front of the \u2018Leopold\u2019 hotel. <strong>The walk through the 18th century starts at 9 p.m.<\/strong>, and it will additionally contribute to the atmosphere preceding the film screening.<\/p>\n<p>Admission to the film screening is free. However, due to the limited number of seats, the audience will have a chance to attend the premiere with free tickets only, which you can get exclusively at the Gigs Tix ticket office in Pariski Magazin. Tickets can be collected with a personal ID, and one person can take a maximum of three tickets.<\/p>\n<p>The parking lot in front of the Leopold Hotel at the Petrovaradin Fortress will be temporarily closed due to the premiere of the film \u2013 from 15 July at 9 a.m. until 18 July at 12:30 a.m.<\/p>\n<p><a href=\"https:\/\/novisad2022.rs\/wp-content\/uploads\/2022\/07\/mapa-liberta-parking-1-2-scaled.jpeg\"><img decoding=\"async\" class=\"aligncenter size-full wp-image-26118\" src=\"https:\/\/novisad2022.rs\/wp-content\/uploads\/2022\/07\/mapa-liberta-parking-1-2-scaled.jpeg\" alt=\"\" width=\"2560\" height=\"2560\" srcset=\"https:\/\/novisad2022.rs\/wp-content\/uploads\/2022\/07\/mapa-liberta-parking-1-2-scaled.jpeg 2560w, https:\/\/novisad2022.rs\/wp-content\/uploads\/2022\/07\/mapa-liberta-parking-1-2-300x300.jpeg 300w, https:\/\/novisad2022.rs\/wp-content\/uploads\/2022\/07\/mapa-liberta-parking-1-2-1024x1024.jpeg 1024w, https:\/\/novisad2022.rs\/wp-content\/uploads\/2022\/07\/mapa-liberta-parking-1-2-150x150.jpeg 150w, https:\/\/novisad2022.rs\/wp-content\/uploads\/2022\/07\/mapa-liberta-parking-1-2-768x768.jpeg 768w, https:\/\/novisad2022.rs\/wp-content\/uploads\/2022\/07\/mapa-liberta-parking-1-2-1536x1536.jpeg 1536w, https:\/\/novisad2022.rs\/wp-content\/uploads\/2022\/07\/mapa-liberta-parking-1-2-2048x2048.jpeg 2048w\" sizes=\"(max-width: 2560px) 100vw, 2560px\" \/><\/a><\/p>\n<p><span style=\"font-size: 14pt;\"><strong>Peacetime Legacy of \u2018Old Europe\u2019<\/strong><\/span><\/p>\n<p>The <strong>exhibition <a href=\"https:\/\/kalendar.novisad2022.rs\/en\/events\/a-neolithic-nights-dream\/\">\u2018A Neolithic Night\u2019s Dream\u2019<\/a> created by the Museum of Vojvodina and the National Museum of Serbia<\/strong> will show the undiscovered data about the prehistory of the region, which go back to the Neolithic, and the first realistic representation of a prehistoric man \u2013 the inhabitant of Lepenski Vir, which was presented at the World Exhibition \u2018Dubai Expo\u2019. <strong>The exhibition opens in the Museum of Vojvodina on 15 May at 8 p.m.<\/strong><\/p>\n<p>The importance of this exhibition, whose authors are <strong>Lidija Balj, MA<\/strong>, and <strong>Andrej Starovi\u0107<\/strong>, is also indicated by the fact that the last major exhibition on the Neolithic in our country was organised in 1968. With discoveries of new localities, this will be the first exhibition in our country that will comprise numerous new objects from this period that the audience has not yet had a chance to see. A particularly interesting part of the exhibition is the scientific part, within which the inhabitant of Lepenski Vir will be brought to life through the project \u2018MetaHuman &#8211; Meet a Prehistoric Man\u2019. On the opening day, tickets will be free of charge, while until 15 October, the last day of the exhibition, all interested visitors will have an opportunity to buy tickets at standard prices of the Museum of Vojvodina. The exhibition is supported by the national platform \u2018Serbia Creates\u2019.<\/p>\n<div id='gallery-1' class='gallery galleryid-26132 gallery-columns-3 gallery-size-full'><figure class='gallery-item'>\r\n\t\t\t<div class='gallery-icon portrait'>\r\n\t\t\t\t<a href='https:\/\/novisad2022.rs\/en\/weekend-in-the-european-capital-of-culture-different-art-every-day\/san-neolitske-noci-3-3\/'><img decoding=\"async\" width=\"1666\" height=\"2500\" src=\"https:\/\/novisad2022.rs\/wp-content\/uploads\/2022\/07\/san-neolitske-noci-3-2.jpeg\" class=\"attachment-full size-full\" alt=\"\" srcset=\"https:\/\/novisad2022.rs\/wp-content\/uploads\/2022\/07\/san-neolitske-noci-3-2.jpeg 1666w, https:\/\/novisad2022.rs\/wp-content\/uploads\/2022\/07\/san-neolitske-noci-3-2-200x300.jpeg 200w, https:\/\/novisad2022.rs\/wp-content\/uploads\/2022\/07\/san-neolitske-noci-3-2-682x1024.jpeg 682w, https:\/\/novisad2022.rs\/wp-content\/uploads\/2022\/07\/san-neolitske-noci-3-2-768x1152.jpeg 768w, https:\/\/novisad2022.rs\/wp-content\/uploads\/2022\/07\/san-neolitske-noci-3-2-1024x1536.jpeg 1024w, https:\/\/novisad2022.rs\/wp-content\/uploads\/2022\/07\/san-neolitske-noci-3-2-1365x2048.jpeg 1365w\" sizes=\"(max-width: 1666px) 100vw, 1666px\" \/><\/a>\r\n\t\t\t<\/div><\/figure><figure class='gallery-item'>\r\n\t\t\t<div class='gallery-icon portrait'>\r\n\t\t\t\t<a href='https:\/\/novisad2022.rs\/en\/weekend-in-the-european-capital-of-culture-different-art-every-day\/metahjuman-promo-5\/'><img loading=\"lazy\" decoding=\"async\" width=\"864\" height=\"1297\" src=\"https:\/\/novisad2022.rs\/wp-content\/uploads\/2022\/07\/Metahjuman-promo-4-e1657808918806.jpg\" class=\"attachment-full size-full\" alt=\"\" srcset=\"https:\/\/novisad2022.rs\/wp-content\/uploads\/2022\/07\/Metahjuman-promo-4-e1657808918806.jpg 864w, https:\/\/novisad2022.rs\/wp-content\/uploads\/2022\/07\/Metahjuman-promo-4-e1657808918806-200x300.jpg 200w, https:\/\/novisad2022.rs\/wp-content\/uploads\/2022\/07\/Metahjuman-promo-4-e1657808918806-682x1024.jpg 682w, https:\/\/novisad2022.rs\/wp-content\/uploads\/2022\/07\/Metahjuman-promo-4-e1657808918806-768x1153.jpg 768w\" sizes=\"(max-width: 864px) 100vw, 864px\" \/><\/a>\r\n\t\t\t<\/div><\/figure><figure class='gallery-item'>\r\n\t\t\t<div class='gallery-icon portrait'>\r\n\t\t\t\t<a href='https:\/\/novisad2022.rs\/en\/weekend-in-the-european-capital-of-culture-different-art-every-day\/resized-image-promo-2-48\/'><img loading=\"lazy\" decoding=\"async\" width=\"1036\" height=\"1548\" src=\"https:\/\/novisad2022.rs\/wp-content\/uploads\/2022\/07\/resized-image-Promo-2-5.jpeg\" class=\"attachment-full size-full\" alt=\"\" srcset=\"https:\/\/novisad2022.rs\/wp-content\/uploads\/2022\/07\/resized-image-Promo-2-5.jpeg 1036w, https:\/\/novisad2022.rs\/wp-content\/uploads\/2022\/07\/resized-image-Promo-2-5-201x300.jpeg 201w, https:\/\/novisad2022.rs\/wp-content\/uploads\/2022\/07\/resized-image-Promo-2-5-685x1024.jpeg 685w, https:\/\/novisad2022.rs\/wp-content\/uploads\/2022\/07\/resized-image-Promo-2-5-768x1148.jpeg 768w, https:\/\/novisad2022.rs\/wp-content\/uploads\/2022\/07\/resized-image-Promo-2-5-1028x1536.jpeg 1028w\" sizes=\"(max-width: 1036px) 100vw, 1036px\" \/><\/a>\r\n\t\t\t<\/div><\/figure>\r\n\t\t<\/div>\n\n<p><span style=\"font-size: 14pt;\"><strong>An Overture to Peace<\/strong><\/span><\/p>\n<p>Saturday is a day for extraordinary musicians from the whole of Europe. <strong>The International Philharmonic Orchestra \u2018For New Bridges\u2019<\/strong> organised by the Academy of Arts in Novi Sad, which consists of students from music academies in Novi Sad, Trieste, Graz, Budapest, Sarajevo and Zagreb, will perform the composition <strong><a href=\"https:\/\/kalendar.novisad2022.rs\/en\/events\/overture-for-peace-philharmonic-orchestra-for-new-bridges\/\">\u2018Overture for Peace\u2019<\/a><\/strong>, composed by \u0110or\u0111e Markovi\u0107 specially for this occasion, <strong>on 16 July from 20 hours and 22 minutes in the Creative District<\/strong>. In this way, we will symbolically mark the Treaty of Karlowitz and express hope for the peace of the new millennium, Europe, humanity and solidarity, together with the world-renowned pianist <strong>Jasminka Stan\u010dul<\/strong>, under the baton of <strong>Andrej Bursa\u0107<\/strong>, with musicians from Austria, Hungary, Italy, Croatia and Bosnia and Herzegovina.<\/p>\n<p>Immediately after the concert, the <strong><a href=\"https:\/\/kalendar.novisad2022.rs\/en\/events\/piano-trinity\/\">\u2018Piano Trinity\u2019<\/a><\/strong>, which brings together celebrated pianists with brilliant careers, who set the standards in mixing modern jazz language with Balkan musical heritage, will perform <strong>in the Creative District from 10.20 p.m<\/strong>. <strong>Pianists Vasil Had\u017eimanov, Matija Dedi\u0107 and Bojan Zulfikarpa\u0161i\u0107<\/strong> will promote the values of intercultural dialogue, togetherness, understanding and reconciliation.<\/p>\n<p><strong><a href=\"https:\/\/novisad2022.rs\/wp-content\/uploads\/2022\/07\/klavirsko_trojstvo_event_cover-2.png\"><img loading=\"lazy\" decoding=\"async\" class=\"aligncenter size-full wp-image-26137\" src=\"https:\/\/novisad2022.rs\/wp-content\/uploads\/2022\/07\/klavirsko_trojstvo_event_cover-2.png\" alt=\"\" width=\"1200\" height=\"628\" srcset=\"https:\/\/novisad2022.rs\/wp-content\/uploads\/2022\/07\/klavirsko_trojstvo_event_cover-2.png 1200w, https:\/\/novisad2022.rs\/wp-content\/uploads\/2022\/07\/klavirsko_trojstvo_event_cover-2-300x157.png 300w, https:\/\/novisad2022.rs\/wp-content\/uploads\/2022\/07\/klavirsko_trojstvo_event_cover-2-1024x536.png 1024w, https:\/\/novisad2022.rs\/wp-content\/uploads\/2022\/07\/klavirsko_trojstvo_event_cover-2-768x402.png 768w\" sizes=\"(max-width: 1200px) 100vw, 1200px\" \/><\/a><\/strong><\/p>\n<p><strong>On 16 July, the Svilara Cultural Station<\/strong> will also be dedicated to music, <strong>from 8 p.m.<\/strong>, JSO, the <a href=\"https:\/\/kalendar.novisad2022.rs\/en\/events\/jso-bremen-youth-symphony-orchestra-bremen-2\/\"><strong>Bremen Youth Symphony Orchestra<\/strong><\/a>, will perform there during their international summer tour.<\/p>\n<p>The <strong>Fortress of Peace<\/strong> deals with deliberations and a critical overview on warfare and its consequences, searching for a culture of peace by promoting intercultural dialogue and reconciliation. Until 17 July, it will host more than 1,500 artists in almost 150 programmes.<\/p>\n<p><em>Photo: Jelena Ivanovi\u0107, Marko Pudi\u0107, Archives of the Museum of Vojvodina, Archives \u2018Serbia Creates\u2019, Neboj\u0161a Babi\u0107, Promo<\/em><\/p>","protected":false},"excerpt":{"rendered":"<p>During the last year, Novi Sad has been declared one of the top destinations in 2022, and the fact that, after 20 years, in May this year, it broke the record for the number of overnight stays and visits to the city, confirmed that the European Capital of Culture fulfilled its potential. In that spirit, [&hellip;]<\/p>\n","protected":false},"author":8,"featured_media":26104,"comment_status":"open","ping_status":"open","sticky":false,"template":"","format":"standard","meta":{"site-sidebar-layout":"default","site-content-layout":"default","ast-site-content-layout":"default","site-content-style":"default","site-sidebar-style":"default","ast-global-header-display":"","ast-banner-title-visibility":"","ast-main-header-display":"","ast-hfb-above-header-display":"","ast-hfb-below-header-display":"","ast-hfb-mobile-header-display":"","site-post-title":"","ast-breadcrumbs-content":"","ast-featured-img":"","footer-sml-layout":"","ast-disable-related-posts":"","theme-transparent-header-meta":"default","adv-header-id-meta":"","stick-header-meta":"","header-above-stick-meta":"","header-main-stick-meta":"","header-below-stick-meta":"","astra-migrate-meta-layouts":"default","ast-page-background-enabled":"default","ast-page-background-meta":{"desktop":{"background-color":"","background-image":"","background-repeat":"repeat","background-position":"center center","background-size":"auto","background-attachment":"scroll","background-type":"","background-media":"","overlay-type":"","overlay-color":"","overlay-opacity":"","overlay-gradient":""},"tablet":{"background-color":"","background-image":"","background-repeat":"repeat","background-position":"center center","background-size":"auto","background-attachment":"scroll","background-type":"","background-media":"","overlay-type":"","overlay-color":"","overlay-opacity":"","overlay-gradient":""},"mobile":{"background-color":"","background-image":"","background-repeat":"repeat","background-position":"center center","background-size":"auto","background-attachment":"scroll","background-type":"","background-media":"","overlay-type":"","overlay-color":"","overlay-opacity":"","overlay-gradient":""}},"ast-content-background-meta":{"desktop":{"background-color":"var(--ast-global-color-5)","background-image":"","background-repeat":"repeat","background-position":"center center","background-size":"auto","background-attachment":"scroll","background-type":"","background-media":"","overlay-type":"","overlay-color":"","overlay-opacity":"","overlay-gradient":""},"tablet":{"background-color":"var(--ast-global-color-5)","background-image":"","background-repeat":"repeat","background-position":"center center","background-size":"auto","background-attachment":"scroll","background-type":"","background-media":"","overlay-type":"","overlay-color":"","overlay-opacity":"","overlay-gradient":""},"mobile":{"background-color":"var(--ast-global-color-5)","background-image":"","background-repeat":"repeat","background-position":"center center","background-size":"auto","background-attachment":"scroll","background-type":"","background-media":"","overlay-type":"","overlay-color":"","overlay-opacity":"","overlay-gradient":""}},"footnotes":""},"categories":[70],"tags":[2647,2393,2628],"class_list":["post-26132","post","type-post","status-publish","format-standard","has-post-thumbnail","hentry","category-news","tag-fortress-of-peace","tag-novi-sad-european-capital-of-culture-en","tag-novi-sad-2022-en"],"yoast_head":"<!-- This site is optimized with the Yoast SEO plugin v27.0 - https:\/\/yoast.com\/product\/yoast-seo-wordpress\/ -->\n<title>Weekend in the European Capital of Culture \u2013 Different Art Every Day<\/title>\n<meta name=\"description\" content=\"On Friday, the never-seen-before exhibition in the region for more than fifty years, on Saturday, local, regional and European musicians, and on Sunday, the premiere of the first film on the creation of Novi Sad.\" \/>\n<meta name=\"robots\" content=\"index, follow, max-snippet:-1, max-image-preview:large, max-video-preview:-1\" \/>\n<link rel=\"canonical\" href=\"https:\/\/novisad2022.rs\/en\/weekend-in-the-european-capital-of-culture-different-art-every-day\/\" \/>\n<meta property=\"og:locale\" content=\"en_US\" \/>\n<meta property=\"og:type\" content=\"article\" \/>\n<meta property=\"og:title\" content=\"Weekend in the European Capital of Culture \u2013 Different Art Every Day\" \/>\n<meta property=\"og:description\" content=\"On Friday, the never-seen-before exhibition in the region for more than fifty years, on Saturday, local, regional and European musicians, and on Sunday, the premiere of the first film on the creation of Novi Sad.\" \/>\n<meta property=\"og:url\" content=\"https:\/\/novisad2022.rs\/en\/weekend-in-the-european-capital-of-culture-different-art-every-day\/\" \/>\n<meta property=\"og:site_name\" content=\"Novi Sad 2022\" \/>\n<meta property=\"article:published_time\" content=\"2022-07-14T14:37:45+00:00\" \/>\n<meta property=\"article:modified_time\" content=\"2022-07-15T14:30:33+00:00\" \/>\n<meta property=\"og:image\" content=\"https:\/\/novisad2022.rs\/wp-content\/uploads\/2022\/07\/crkva-svetog-jurja.jpeg\" \/>\n\t<meta property=\"og:image:width\" content=\"2137\" \/>\n\t<meta property=\"og:image:height\" content=\"1392\" \/>\n\t<meta property=\"og:image:type\" content=\"image\/jpeg\" \/>\n<meta name=\"author\" content=\"Jasmina\" \/>\n<meta name=\"twitter:card\" content=\"summary_large_image\" \/>\n<meta name=\"twitter:label1\" content=\"Written by\" \/>\n\t<meta name=\"twitter:data1\" content=\"Jasmina\" \/>\n\t<meta name=\"twitter:label2\" content=\"Est. reading time\" \/>\n\t<meta name=\"twitter:data2\" content=\"5 minutes\" \/>\n<script type=\"application\/ld+json\" class=\"yoast-schema-graph\">{\"@context\":\"https:\/\/schema.org\",\"@graph\":[{\"@type\":\"Article\",\"@id\":\"https:\/\/novisad2022.rs\/en\/weekend-in-the-european-capital-of-culture-different-art-every-day\/#article\",\"isPartOf\":{\"@id\":\"https:\/\/novisad2022.rs\/en\/weekend-in-the-european-capital-of-culture-different-art-every-day\/\"},\"author\":{\"name\":\"Jasmina\",\"@id\":\"https:\/\/novisad2022.rs\/en\/#\/schema\/person\/ac5cc999e141a0cc6699aee7c62e6a77\"},\"headline\":\"Weekend in the European Capital of Culture \u2013 Different Art Every Day\",\"datePublished\":\"2022-07-14T14:37:45+00:00\",\"dateModified\":\"2022-07-15T14:30:33+00:00\",\"mainEntityOfPage\":{\"@id\":\"https:\/\/novisad2022.rs\/en\/weekend-in-the-european-capital-of-culture-different-art-every-day\/\"},\"wordCount\":899,\"commentCount\":0,\"image\":{\"@id\":\"https:\/\/novisad2022.rs\/en\/weekend-in-the-european-capital-of-culture-different-art-every-day\/#primaryimage\"},\"thumbnailUrl\":\"https:\/\/novisad2022.rs\/wp-content\/uploads\/2022\/07\/crkva-svetog-jurja.jpeg\",\"keywords\":[\"Fortress of Peace\",\"Novi Sad \u2013 European Capital of Culture\",\"Novi Sad 2022\"],\"articleSection\":[\"News\"],\"inLanguage\":\"en-US\",\"potentialAction\":[{\"@type\":\"CommentAction\",\"name\":\"Comment\",\"target\":[\"https:\/\/novisad2022.rs\/en\/weekend-in-the-european-capital-of-culture-different-art-every-day\/#respond\"]}]},{\"@type\":\"WebPage\",\"@id\":\"https:\/\/novisad2022.rs\/en\/weekend-in-the-european-capital-of-culture-different-art-every-day\/\",\"url\":\"https:\/\/novisad2022.rs\/en\/weekend-in-the-european-capital-of-culture-different-art-every-day\/\",\"name\":\"Weekend in the European Capital of Culture \u2013 Different Art Every Day\",\"isPartOf\":{\"@id\":\"https:\/\/novisad2022.rs\/en\/#website\"},\"primaryImageOfPage\":{\"@id\":\"https:\/\/novisad2022.rs\/en\/weekend-in-the-european-capital-of-culture-different-art-every-day\/#primaryimage\"},\"image\":{\"@id\":\"https:\/\/novisad2022.rs\/en\/weekend-in-the-european-capital-of-culture-different-art-every-day\/#primaryimage\"},\"thumbnailUrl\":\"https:\/\/novisad2022.rs\/wp-content\/uploads\/2022\/07\/crkva-svetog-jurja.jpeg\",\"datePublished\":\"2022-07-14T14:37:45+00:00\",\"dateModified\":\"2022-07-15T14:30:33+00:00\",\"author\":{\"@id\":\"https:\/\/novisad2022.rs\/en\/#\/schema\/person\/ac5cc999e141a0cc6699aee7c62e6a77\"},\"description\":\"On Friday, the never-seen-before exhibition in the region for more than fifty years, on Saturday, local, regional and European musicians, and on Sunday, the premiere of the first film on the creation of Novi Sad.\",\"breadcrumb\":{\"@id\":\"https:\/\/novisad2022.rs\/en\/weekend-in-the-european-capital-of-culture-different-art-every-day\/#breadcrumb\"},\"inLanguage\":\"en-US\",\"potentialAction\":[{\"@type\":\"ReadAction\",\"target\":[\"https:\/\/novisad2022.rs\/en\/weekend-in-the-european-capital-of-culture-different-art-every-day\/\"]}]},{\"@type\":\"ImageObject\",\"inLanguage\":\"en-US\",\"@id\":\"https:\/\/novisad2022.rs\/en\/weekend-in-the-european-capital-of-culture-different-art-every-day\/#primaryimage\",\"url\":\"https:\/\/novisad2022.rs\/wp-content\/uploads\/2022\/07\/crkva-svetog-jurja.jpeg\",\"contentUrl\":\"https:\/\/novisad2022.rs\/wp-content\/uploads\/2022\/07\/crkva-svetog-jurja.jpeg\",\"width\":2137,\"height\":1392},{\"@type\":\"BreadcrumbList\",\"@id\":\"https:\/\/novisad2022.rs\/en\/weekend-in-the-european-capital-of-culture-different-art-every-day\/#breadcrumb\",\"itemListElement\":[{\"@type\":\"ListItem\",\"position\":1,\"name\":\"\u041f\u043e\u0447\u0435\u0442\u043d\u0430\",\"item\":\"https:\/\/novisad2022.rs\/en\/home-page\/\"},{\"@type\":\"ListItem\",\"position\":2,\"name\":\"Weekend in the European Capital of Culture \u2013 Different Art Every Day\"}]},{\"@type\":\"WebSite\",\"@id\":\"https:\/\/novisad2022.rs\/en\/#website\",\"url\":\"https:\/\/novisad2022.rs\/en\/\",\"name\":\"Novi Sad 2022\",\"description\":\"European Capital of Culture\",\"potentialAction\":[{\"@type\":\"SearchAction\",\"target\":{\"@type\":\"EntryPoint\",\"urlTemplate\":\"https:\/\/novisad2022.rs\/en\/?s={search_term_string}\"},\"query-input\":{\"@type\":\"PropertyValueSpecification\",\"valueRequired\":true,\"valueName\":\"search_term_string\"}}],\"inLanguage\":\"en-US\"},{\"@type\":\"Person\",\"@id\":\"https:\/\/novisad2022.rs\/en\/#\/schema\/person\/ac5cc999e141a0cc6699aee7c62e6a77\",\"name\":\"Jasmina\",\"image\":{\"@type\":\"ImageObject\",\"inLanguage\":\"en-US\",\"@id\":\"https:\/\/novisad2022.rs\/en\/#\/schema\/person\/image\/\",\"url\":\"https:\/\/secure.gravatar.com\/avatar\/1e299e2f3bd9f7617d41a61a43fc086c80151f6f5c6fa7873322cb5d18af2492?s=96&d=mm&r=g\",\"contentUrl\":\"https:\/\/secure.gravatar.com\/avatar\/1e299e2f3bd9f7617d41a61a43fc086c80151f6f5c6fa7873322cb5d18af2492?s=96&d=mm&r=g\",\"caption\":\"Jasmina\"}}]}<\/script>\n<!-- \/ Yoast SEO plugin. -->","yoast_head_json":{"title":"Weekend in the European Capital of Culture \u2013 Different Art Every Day","description":"On Friday, the never-seen-before exhibition in the region for more than fifty years, on Saturday, local, regional and European musicians, and on Sunday, the premiere of the first film on the creation of Novi Sad.","robots":{"index":"index","follow":"follow","max-snippet":"max-snippet:-1","max-image-preview":"max-image-preview:large","max-video-preview":"max-video-preview:-1"},"canonical":"https:\/\/novisad2022.rs\/en\/weekend-in-the-european-capital-of-culture-different-art-every-day\/","og_locale":"en_US","og_type":"article","og_title":"Weekend in the European Capital of Culture \u2013 Different Art Every Day","og_description":"On Friday, the never-seen-before exhibition in the region for more than fifty years, on Saturday, local, regional and European musicians, and on Sunday, the premiere of the first film on the creation of Novi Sad.","og_url":"https:\/\/novisad2022.rs\/en\/weekend-in-the-european-capital-of-culture-different-art-every-day\/","og_site_name":"Novi Sad 2022","article_published_time":"2022-07-14T14:37:45+00:00","article_modified_time":"2022-07-15T14:30:33+00:00","og_image":[{"width":2137,"height":1392,"url":"https:\/\/novisad2022.rs\/wp-content\/uploads\/2022\/07\/crkva-svetog-jurja.jpeg","type":"image\/jpeg"}],"author":"Jasmina","twitter_card":"summary_large_image","twitter_misc":{"Written by":"Jasmina","Est. reading time":"5 minutes"},"schema":{"@context":"https:\/\/schema.org","@graph":[{"@type":"Article","@id":"https:\/\/novisad2022.rs\/en\/weekend-in-the-european-capital-of-culture-different-art-every-day\/#article","isPartOf":{"@id":"https:\/\/novisad2022.rs\/en\/weekend-in-the-european-capital-of-culture-different-art-every-day\/"},"author":{"name":"Jasmina","@id":"https:\/\/novisad2022.rs\/en\/#\/schema\/person\/ac5cc999e141a0cc6699aee7c62e6a77"},"headline":"Weekend in the European Capital of Culture \u2013 Different Art Every Day","datePublished":"2022-07-14T14:37:45+00:00","dateModified":"2022-07-15T14:30:33+00:00","mainEntityOfPage":{"@id":"https:\/\/novisad2022.rs\/en\/weekend-in-the-european-capital-of-culture-different-art-every-day\/"},"wordCount":899,"commentCount":0,"image":{"@id":"https:\/\/novisad2022.rs\/en\/weekend-in-the-european-capital-of-culture-different-art-every-day\/#primaryimage"},"thumbnailUrl":"https:\/\/novisad2022.rs\/wp-content\/uploads\/2022\/07\/crkva-svetog-jurja.jpeg","keywords":["Fortress of Peace","Novi Sad \u2013 European Capital of Culture","Novi Sad 2022"],"articleSection":["News"],"inLanguage":"en-US","potentialAction":[{"@type":"CommentAction","name":"Comment","target":["https:\/\/novisad2022.rs\/en\/weekend-in-the-european-capital-of-culture-different-art-every-day\/#respond"]}]},{"@type":"WebPage","@id":"https:\/\/novisad2022.rs\/en\/weekend-in-the-european-capital-of-culture-different-art-every-day\/","url":"https:\/\/novisad2022.rs\/en\/weekend-in-the-european-capital-of-culture-different-art-every-day\/","name":"Weekend in the European Capital of Culture \u2013 Different Art Every Day","isPartOf":{"@id":"https:\/\/novisad2022.rs\/en\/#website"},"primaryImageOfPage":{"@id":"https:\/\/novisad2022.rs\/en\/weekend-in-the-european-capital-of-culture-different-art-every-day\/#primaryimage"},"image":{"@id":"https:\/\/novisad2022.rs\/en\/weekend-in-the-european-capital-of-culture-different-art-every-day\/#primaryimage"},"thumbnailUrl":"https:\/\/novisad2022.rs\/wp-content\/uploads\/2022\/07\/crkva-svetog-jurja.jpeg","datePublished":"2022-07-14T14:37:45+00:00","dateModified":"2022-07-15T14:30:33+00:00","author":{"@id":"https:\/\/novisad2022.rs\/en\/#\/schema\/person\/ac5cc999e141a0cc6699aee7c62e6a77"},"description":"On Friday, the never-seen-before exhibition in the region for more than fifty years, on Saturday, local, regional and European musicians, and on Sunday, the premiere of the first film on the creation of Novi Sad.","breadcrumb":{"@id":"https:\/\/novisad2022.rs\/en\/weekend-in-the-european-capital-of-culture-different-art-every-day\/#breadcrumb"},"inLanguage":"en-US","potentialAction":[{"@type":"ReadAction","target":["https:\/\/novisad2022.rs\/en\/weekend-in-the-european-capital-of-culture-different-art-every-day\/"]}]},{"@type":"ImageObject","inLanguage":"en-US","@id":"https:\/\/novisad2022.rs\/en\/weekend-in-the-european-capital-of-culture-different-art-every-day\/#primaryimage","url":"https:\/\/novisad2022.rs\/wp-content\/uploads\/2022\/07\/crkva-svetog-jurja.jpeg","contentUrl":"https:\/\/novisad2022.rs\/wp-content\/uploads\/2022\/07\/crkva-svetog-jurja.jpeg","width":2137,"height":1392},{"@type":"BreadcrumbList","@id":"https:\/\/novisad2022.rs\/en\/weekend-in-the-european-capital-of-culture-different-art-every-day\/#breadcrumb","itemListElement":[{"@type":"ListItem","position":1,"name":"\u041f\u043e\u0447\u0435\u0442\u043d\u0430","item":"https:\/\/novisad2022.rs\/en\/home-page\/"},{"@type":"ListItem","position":2,"name":"Weekend in the European Capital of Culture \u2013 Different Art Every Day"}]},{"@type":"WebSite","@id":"https:\/\/novisad2022.rs\/en\/#website","url":"https:\/\/novisad2022.rs\/en\/","name":"Novi Sad 2022","description":"European Capital of Culture","potentialAction":[{"@type":"SearchAction","target":{"@type":"EntryPoint","urlTemplate":"https:\/\/novisad2022.rs\/en\/?s={search_term_string}"},"query-input":{"@type":"PropertyValueSpecification","valueRequired":true,"valueName":"search_term_string"}}],"inLanguage":"en-US"},{"@type":"Person","@id":"https:\/\/novisad2022.rs\/en\/#\/schema\/person\/ac5cc999e141a0cc6699aee7c62e6a77","name":"Jasmina","image":{"@type":"ImageObject","inLanguage":"en-US","@id":"https:\/\/novisad2022.rs\/en\/#\/schema\/person\/image\/","url":"https:\/\/secure.gravatar.com\/avatar\/1e299e2f3bd9f7617d41a61a43fc086c80151f6f5c6fa7873322cb5d18af2492?s=96&d=mm&r=g","contentUrl":"https:\/\/secure.gravatar.com\/avatar\/1e299e2f3bd9f7617d41a61a43fc086c80151f6f5c6fa7873322cb5d18af2492?s=96&d=mm&r=g","caption":"Jasmina"}}]}},"_links":{"self":[{"href":"https:\/\/novisad2022.rs\/en\/wp-json\/wp\/v2\/posts\/26132","targetHints":{"allow":["GET"]}}],"collection":[{"href":"https:\/\/novisad2022.rs\/en\/wp-json\/wp\/v2\/posts"}],"about":[{"href":"https:\/\/novisad2022.rs\/en\/wp-json\/wp\/v2\/types\/post"}],"author":[{"embeddable":true,"href":"https:\/\/novisad2022.rs\/en\/wp-json\/wp\/v2\/users\/8"}],"replies":[{"embeddable":true,"href":"https:\/\/novisad2022.rs\/en\/wp-json\/wp\/v2\/comments?post=26132"}],"version-history":[{"count":4,"href":"https:\/\/novisad2022.rs\/en\/wp-json\/wp\/v2\/posts\/26132\/revisions"}],"predecessor-version":[{"id":26222,"href":"https:\/\/novisad2022.rs\/en\/wp-json\/wp\/v2\/posts\/26132\/revisions\/26222"}],"wp:featuredmedia":[{"embeddable":true,"href":"https:\/\/novisad2022.rs\/en\/wp-json\/wp\/v2\/media\/26104"}],"wp:attachment":[{"href":"https:\/\/novisad2022.rs\/en\/wp-json\/wp\/v2\/media?parent=26132"}],"wp:term":[{"taxonomy":"category","embeddable":true,"href":"https:\/\/novisad2022.rs\/en\/wp-json\/wp\/v2\/categories?post=26132"},{"taxonomy":"post_tag","embeddable":true,"href":"https:\/\/novisad2022.rs\/en\/wp-json\/wp\/v2\/tags?post=26132"}],"curies":[{"name":"wp","href":"https:\/\/api.w.org\/{rel}","templated":true}]}}