{"id":27615,"date":"2022-09-08T11:41:47","date_gmt":"2022-09-08T09:41:47","guid":{"rendered":"https:\/\/novisad2022.rs\/?p=27615"},"modified":"2022-09-08T11:43:11","modified_gmt":"2022-09-08T09:43:11","slug":"the-deadline-for-the-open-call-for-subas-sculpture-has-been-extended","status":"publish","type":"post","link":"https:\/\/novisad2022.rs\/en\/the-deadline-for-the-open-call-for-subas-sculpture-has-been-extended\/","title":{"rendered":"The deadline for the open call for Suba\u2019s sculpture has been extended"},"content":{"rendered":"<p><strong>The deadline has been extended for the <a href=\"https:\/\/novisad2022.rs\/en\/rs\/otvoren-poziv-za-idejno-resenje-izgleda-skulture-subi-2\/\">public call<\/a> launched by the \u2018Novi Sad \u2014 European Capital of Culture\u2019 Foundation for sculptural and architectural solutions for the appearance of the sculpture dedicated to Mitar Suboti\u0107 Suba, the pioneer of electronic music in Serbia, with the aim of obtaining as many high-quality solutions as possible.<\/strong> <strong>The new deadline is 27 September, at 3 p.m.<\/strong> The call is open to experts in the field of architecture, applied or fine arts, whose task will be to creatively represent the work of this great artist. The new deadline to answer the questions is 19 September, and the results of the open call will be announced on 4 October 2022.<\/p>\n<p>The sculpture will be placed right on the Suba\u2019s Plateau, at the entrance to Liman Park, as a joint initiative of the Mitar Suboti\u0107 Suba Foundation and the Novi Sad \u2013 European Capital of Culture Foundation. The sculpture will complement the art space on Suba\u2019s Plateau, where the first open-air gallery in Novi Sad has been set up this year, thus starting a new practice of exhibiting artistic flags.<\/p>\n<p><a href=\"https:\/\/novisad2022.rs\/wp-content\/uploads\/2022\/09\/Subin-plato-foto-M.Pudic3_-2.jpg\"><img fetchpriority=\"high\" decoding=\"async\" class=\"aligncenter size-full wp-image-27616\" src=\"https:\/\/novisad2022.rs\/wp-content\/uploads\/2022\/09\/Subin-plato-foto-M.Pudic3_-2.jpg\" alt=\"\" width=\"1170\" height=\"780\" srcset=\"https:\/\/novisad2022.rs\/wp-content\/uploads\/2022\/09\/Subin-plato-foto-M.Pudic3_-2.jpg 1170w, https:\/\/novisad2022.rs\/wp-content\/uploads\/2022\/09\/Subin-plato-foto-M.Pudic3_-2-300x200.jpg 300w, https:\/\/novisad2022.rs\/wp-content\/uploads\/2022\/09\/Subin-plato-foto-M.Pudic3_-2-1024x683.jpg 1024w, https:\/\/novisad2022.rs\/wp-content\/uploads\/2022\/09\/Subin-plato-foto-M.Pudic3_-2-768x512.jpg 768w\" sizes=\"(max-width: 1170px) 100vw, 1170px\" \/><\/a><\/p>\n<p>The sculpture will be installed as part of the <a href=\"https:\/\/kalendar.novisad2022.rs\/en\/other-europe\/\"><strong>Other? Europe<\/strong><\/a> programme arch, when other programmes will be dedicated to Suba, such as the exhibition \u2018Suba Room\u2019, a remake of his composition and a musical installation in co-production with Goran Vejvoda: The Dreambird, and a concert by the popular Brazilian singer C\u00e9u, who won three Latin Grammys and was nominated for a Grammy in the category of world music.<\/p>\n<p>Mitar Suboti\u0107 Suba was one of the biggest and most recognised music producers and a pioneer of electronic music in the former Yugoslavia, but also in Latin America. He composed music for films, theatre plays, ballet, television shows, advertisements, and opening and closing sequences for Radio Novi Sad. He is the recipient of the International Fund for Promotion of Culture award from UNESCO. He collaborated with many notable names, such as Milan Mladenovi\u0107, Marina Perazi\u0107, Massimo Savi\u0107, Haustor and La Strada groups, Bebel Gilberto, Jo\u00e3o Donato, and others.<\/p>\n<p><em>Photo: Marko Pudi\u0107<\/em><\/p>","protected":false},"excerpt":{"rendered":"<p>The deadline has been extended for the public call launched by the \u2018Novi Sad \u2014 European Capital of Culture\u2019 Foundation for sculptural and architectural solutions for the appearance of the sculpture dedicated to Mitar Suboti\u0107 Suba, the pioneer of electronic music in Serbia, with the aim of obtaining as many high-quality solutions as possible. The [&hellip;]<\/p>\n","protected":false},"author":8,"featured_media":27617,"comment_status":"open","ping_status":"open","sticky":false,"template":"","format":"standard","meta":{"site-sidebar-layout":"default","site-content-layout":"default","ast-site-content-layout":"default","site-content-style":"default","site-sidebar-style":"default","ast-global-header-display":"","ast-banner-title-visibility":"","ast-main-header-display":"","ast-hfb-above-header-display":"","ast-hfb-below-header-display":"","ast-hfb-mobile-header-display":"","site-post-title":"","ast-breadcrumbs-content":"","ast-featured-img":"","footer-sml-layout":"","ast-disable-related-posts":"","theme-transparent-header-meta":"default","adv-header-id-meta":"","stick-header-meta":"","header-above-stick-meta":"","header-main-stick-meta":"","header-below-stick-meta":"","astra-migrate-meta-layouts":"default","ast-page-background-enabled":"default","ast-page-background-meta":{"desktop":{"background-color":"","background-image":"","background-repeat":"repeat","background-position":"center center","background-size":"auto","background-attachment":"scroll","background-type":"","background-media":"","overlay-type":"","overlay-color":"","overlay-opacity":"","overlay-gradient":""},"tablet":{"background-color":"","background-image":"","background-repeat":"repeat","background-position":"center center","background-size":"auto","background-attachment":"scroll","background-type":"","background-media":"","overlay-type":"","overlay-color":"","overlay-opacity":"","overlay-gradient":""},"mobile":{"background-color":"","background-image":"","background-repeat":"repeat","background-position":"center center","background-size":"auto","background-attachment":"scroll","background-type":"","background-media":"","overlay-type":"","overlay-color":"","overlay-opacity":"","overlay-gradient":""}},"ast-content-background-meta":{"desktop":{"background-color":"var(--ast-global-color-5)","background-image":"","background-repeat":"repeat","background-position":"center center","background-size":"auto","background-attachment":"scroll","background-type":"","background-media":"","overlay-type":"","overlay-color":"","overlay-opacity":"","overlay-gradient":""},"tablet":{"background-color":"var(--ast-global-color-5)","background-image":"","background-repeat":"repeat","background-position":"center center","background-size":"auto","background-attachment":"scroll","background-type":"","background-media":"","overlay-type":"","overlay-color":"","overlay-opacity":"","overlay-gradient":""},"mobile":{"background-color":"var(--ast-global-color-5)","background-image":"","background-repeat":"repeat","background-position":"center center","background-size":"auto","background-attachment":"scroll","background-type":"","background-media":"","overlay-type":"","overlay-color":"","overlay-opacity":"","overlay-gradient":""}},"footnotes":""},"categories":[70],"tags":[2393,2628,1710],"class_list":["post-27615","post","type-post","status-publish","format-standard","has-post-thumbnail","hentry","category-news","tag-novi-sad-european-capital-of-culture-en","tag-novi-sad-2022-en","tag-open-call-en"],"yoast_head":"<!-- This site is optimized with the Yoast SEO plugin v27.0 - https:\/\/yoast.com\/product\/yoast-seo-wordpress\/ -->\n<title>The deadline for the open call for Suba\u2019s sculpture has been extended<\/title>\n<meta name=\"description\" content=\"The deadline for applying to the open call has been extended until 27 September, at 3 p.m., with the aim of obtaining as many high-quality solutions as possible.\" \/>\n<meta name=\"robots\" content=\"index, follow, max-snippet:-1, max-image-preview:large, max-video-preview:-1\" \/>\n<link rel=\"canonical\" href=\"https:\/\/novisad2022.rs\/en\/the-deadline-for-the-open-call-for-subas-sculpture-has-been-extended\/\" \/>\n<meta property=\"og:locale\" content=\"en_US\" \/>\n<meta property=\"og:type\" content=\"article\" \/>\n<meta property=\"og:title\" content=\"The deadline for the open call for Suba\u2019s sculpture has been extended\" \/>\n<meta property=\"og:description\" content=\"The deadline for applying to the open call has been extended until 27 September, at 3 p.m., with the aim of obtaining as many high-quality solutions as possible.\" \/>\n<meta property=\"og:url\" content=\"https:\/\/novisad2022.rs\/en\/the-deadline-for-the-open-call-for-subas-sculpture-has-been-extended\/\" \/>\n<meta property=\"og:site_name\" content=\"Novi Sad 2022\" \/>\n<meta property=\"article:published_time\" content=\"2022-09-08T09:41:47+00:00\" \/>\n<meta property=\"article:modified_time\" content=\"2022-09-08T09:43:11+00:00\" \/>\n<meta property=\"og:image\" content=\"https:\/\/novisad2022.rs\/wp-content\/uploads\/2022\/09\/spomenik_za_subu_produzen_konkurs5.png\" \/>\n\t<meta property=\"og:image:width\" content=\"1620\" \/>\n\t<meta property=\"og:image:height\" content=\"1080\" \/>\n\t<meta property=\"og:image:type\" content=\"image\/png\" \/>\n<meta name=\"author\" content=\"Jasmina\" \/>\n<meta name=\"twitter:card\" content=\"summary_large_image\" \/>\n<meta name=\"twitter:label1\" content=\"Written by\" \/>\n\t<meta name=\"twitter:data1\" content=\"Jasmina\" \/>\n\t<meta name=\"twitter:label2\" content=\"Est. reading time\" \/>\n\t<meta name=\"twitter:data2\" content=\"2 minutes\" \/>\n<script type=\"application\/ld+json\" class=\"yoast-schema-graph\">{\"@context\":\"https:\/\/schema.org\",\"@graph\":[{\"@type\":\"Article\",\"@id\":\"https:\/\/novisad2022.rs\/en\/the-deadline-for-the-open-call-for-subas-sculpture-has-been-extended\/#article\",\"isPartOf\":{\"@id\":\"https:\/\/novisad2022.rs\/en\/the-deadline-for-the-open-call-for-subas-sculpture-has-been-extended\/\"},\"author\":{\"name\":\"Jasmina\",\"@id\":\"https:\/\/novisad2022.rs\/en\/#\/schema\/person\/ac5cc999e141a0cc6699aee7c62e6a77\"},\"headline\":\"The deadline for the open call for Suba\u2019s sculpture has been extended\",\"datePublished\":\"2022-09-08T09:41:47+00:00\",\"dateModified\":\"2022-09-08T09:43:11+00:00\",\"mainEntityOfPage\":{\"@id\":\"https:\/\/novisad2022.rs\/en\/the-deadline-for-the-open-call-for-subas-sculpture-has-been-extended\/\"},\"wordCount\":355,\"commentCount\":0,\"image\":{\"@id\":\"https:\/\/novisad2022.rs\/en\/the-deadline-for-the-open-call-for-subas-sculpture-has-been-extended\/#primaryimage\"},\"thumbnailUrl\":\"https:\/\/novisad2022.rs\/wp-content\/uploads\/2022\/09\/spomenik_za_subu_produzen_konkurs5.png\",\"keywords\":[\"Novi Sad \u2013 European Capital of Culture\",\"Novi Sad 2022\",\"Open Call\"],\"articleSection\":[\"News\"],\"inLanguage\":\"en-US\",\"potentialAction\":[{\"@type\":\"CommentAction\",\"name\":\"Comment\",\"target\":[\"https:\/\/novisad2022.rs\/en\/the-deadline-for-the-open-call-for-subas-sculpture-has-been-extended\/#respond\"]}]},{\"@type\":\"WebPage\",\"@id\":\"https:\/\/novisad2022.rs\/en\/the-deadline-for-the-open-call-for-subas-sculpture-has-been-extended\/\",\"url\":\"https:\/\/novisad2022.rs\/en\/the-deadline-for-the-open-call-for-subas-sculpture-has-been-extended\/\",\"name\":\"The deadline for the open call for Suba\u2019s sculpture has been extended\",\"isPartOf\":{\"@id\":\"https:\/\/novisad2022.rs\/en\/#website\"},\"primaryImageOfPage\":{\"@id\":\"https:\/\/novisad2022.rs\/en\/the-deadline-for-the-open-call-for-subas-sculpture-has-been-extended\/#primaryimage\"},\"image\":{\"@id\":\"https:\/\/novisad2022.rs\/en\/the-deadline-for-the-open-call-for-subas-sculpture-has-been-extended\/#primaryimage\"},\"thumbnailUrl\":\"https:\/\/novisad2022.rs\/wp-content\/uploads\/2022\/09\/spomenik_za_subu_produzen_konkurs5.png\",\"datePublished\":\"2022-09-08T09:41:47+00:00\",\"dateModified\":\"2022-09-08T09:43:11+00:00\",\"author\":{\"@id\":\"https:\/\/novisad2022.rs\/en\/#\/schema\/person\/ac5cc999e141a0cc6699aee7c62e6a77\"},\"description\":\"The deadline for applying to the open call has been extended until 27 September, at 3 p.m., with the aim of obtaining as many high-quality solutions as possible.\",\"breadcrumb\":{\"@id\":\"https:\/\/novisad2022.rs\/en\/the-deadline-for-the-open-call-for-subas-sculpture-has-been-extended\/#breadcrumb\"},\"inLanguage\":\"en-US\",\"potentialAction\":[{\"@type\":\"ReadAction\",\"target\":[\"https:\/\/novisad2022.rs\/en\/the-deadline-for-the-open-call-for-subas-sculpture-has-been-extended\/\"]}]},{\"@type\":\"ImageObject\",\"inLanguage\":\"en-US\",\"@id\":\"https:\/\/novisad2022.rs\/en\/the-deadline-for-the-open-call-for-subas-sculpture-has-been-extended\/#primaryimage\",\"url\":\"https:\/\/novisad2022.rs\/wp-content\/uploads\/2022\/09\/spomenik_za_subu_produzen_konkurs5.png\",\"contentUrl\":\"https:\/\/novisad2022.rs\/wp-content\/uploads\/2022\/09\/spomenik_za_subu_produzen_konkurs5.png\",\"width\":1620,\"height\":1080},{\"@type\":\"BreadcrumbList\",\"@id\":\"https:\/\/novisad2022.rs\/en\/the-deadline-for-the-open-call-for-subas-sculpture-has-been-extended\/#breadcrumb\",\"itemListElement\":[{\"@type\":\"ListItem\",\"position\":1,\"name\":\"\u041f\u043e\u0447\u0435\u0442\u043d\u0430\",\"item\":\"https:\/\/novisad2022.rs\/en\/home-page\/\"},{\"@type\":\"ListItem\",\"position\":2,\"name\":\"The deadline for the open call for Suba\u2019s sculpture has been extended\"}]},{\"@type\":\"WebSite\",\"@id\":\"https:\/\/novisad2022.rs\/en\/#website\",\"url\":\"https:\/\/novisad2022.rs\/en\/\",\"name\":\"Novi Sad 2022\",\"description\":\"European Capital of Culture\",\"potentialAction\":[{\"@type\":\"SearchAction\",\"target\":{\"@type\":\"EntryPoint\",\"urlTemplate\":\"https:\/\/novisad2022.rs\/en\/?s={search_term_string}\"},\"query-input\":{\"@type\":\"PropertyValueSpecification\",\"valueRequired\":true,\"valueName\":\"search_term_string\"}}],\"inLanguage\":\"en-US\"},{\"@type\":\"Person\",\"@id\":\"https:\/\/novisad2022.rs\/en\/#\/schema\/person\/ac5cc999e141a0cc6699aee7c62e6a77\",\"name\":\"Jasmina\",\"image\":{\"@type\":\"ImageObject\",\"inLanguage\":\"en-US\",\"@id\":\"https:\/\/novisad2022.rs\/en\/#\/schema\/person\/image\/\",\"url\":\"https:\/\/secure.gravatar.com\/avatar\/1e299e2f3bd9f7617d41a61a43fc086c80151f6f5c6fa7873322cb5d18af2492?s=96&d=mm&r=g\",\"contentUrl\":\"https:\/\/secure.gravatar.com\/avatar\/1e299e2f3bd9f7617d41a61a43fc086c80151f6f5c6fa7873322cb5d18af2492?s=96&d=mm&r=g\",\"caption\":\"Jasmina\"}}]}<\/script>\n<!-- \/ Yoast SEO plugin. -->","yoast_head_json":{"title":"The deadline for the open call for Suba\u2019s sculpture has been extended","description":"The deadline for applying to the open call has been extended until 27 September, at 3 p.m., with the aim of obtaining as many high-quality solutions as possible.","robots":{"index":"index","follow":"follow","max-snippet":"max-snippet:-1","max-image-preview":"max-image-preview:large","max-video-preview":"max-video-preview:-1"},"canonical":"https:\/\/novisad2022.rs\/en\/the-deadline-for-the-open-call-for-subas-sculpture-has-been-extended\/","og_locale":"en_US","og_type":"article","og_title":"The deadline for the open call for Suba\u2019s sculpture has been extended","og_description":"The deadline for applying to the open call has been extended until 27 September, at 3 p.m., with the aim of obtaining as many high-quality solutions as possible.","og_url":"https:\/\/novisad2022.rs\/en\/the-deadline-for-the-open-call-for-subas-sculpture-has-been-extended\/","og_site_name":"Novi Sad 2022","article_published_time":"2022-09-08T09:41:47+00:00","article_modified_time":"2022-09-08T09:43:11+00:00","og_image":[{"width":1620,"height":1080,"url":"https:\/\/novisad2022.rs\/wp-content\/uploads\/2022\/09\/spomenik_za_subu_produzen_konkurs5.png","type":"image\/png"}],"author":"Jasmina","twitter_card":"summary_large_image","twitter_misc":{"Written by":"Jasmina","Est. reading time":"2 minutes"},"schema":{"@context":"https:\/\/schema.org","@graph":[{"@type":"Article","@id":"https:\/\/novisad2022.rs\/en\/the-deadline-for-the-open-call-for-subas-sculpture-has-been-extended\/#article","isPartOf":{"@id":"https:\/\/novisad2022.rs\/en\/the-deadline-for-the-open-call-for-subas-sculpture-has-been-extended\/"},"author":{"name":"Jasmina","@id":"https:\/\/novisad2022.rs\/en\/#\/schema\/person\/ac5cc999e141a0cc6699aee7c62e6a77"},"headline":"The deadline for the open call for Suba\u2019s sculpture has been extended","datePublished":"2022-09-08T09:41:47+00:00","dateModified":"2022-09-08T09:43:11+00:00","mainEntityOfPage":{"@id":"https:\/\/novisad2022.rs\/en\/the-deadline-for-the-open-call-for-subas-sculpture-has-been-extended\/"},"wordCount":355,"commentCount":0,"image":{"@id":"https:\/\/novisad2022.rs\/en\/the-deadline-for-the-open-call-for-subas-sculpture-has-been-extended\/#primaryimage"},"thumbnailUrl":"https:\/\/novisad2022.rs\/wp-content\/uploads\/2022\/09\/spomenik_za_subu_produzen_konkurs5.png","keywords":["Novi Sad \u2013 European Capital of Culture","Novi Sad 2022","Open Call"],"articleSection":["News"],"inLanguage":"en-US","potentialAction":[{"@type":"CommentAction","name":"Comment","target":["https:\/\/novisad2022.rs\/en\/the-deadline-for-the-open-call-for-subas-sculpture-has-been-extended\/#respond"]}]},{"@type":"WebPage","@id":"https:\/\/novisad2022.rs\/en\/the-deadline-for-the-open-call-for-subas-sculpture-has-been-extended\/","url":"https:\/\/novisad2022.rs\/en\/the-deadline-for-the-open-call-for-subas-sculpture-has-been-extended\/","name":"The deadline for the open call for Suba\u2019s sculpture has been extended","isPartOf":{"@id":"https:\/\/novisad2022.rs\/en\/#website"},"primaryImageOfPage":{"@id":"https:\/\/novisad2022.rs\/en\/the-deadline-for-the-open-call-for-subas-sculpture-has-been-extended\/#primaryimage"},"image":{"@id":"https:\/\/novisad2022.rs\/en\/the-deadline-for-the-open-call-for-subas-sculpture-has-been-extended\/#primaryimage"},"thumbnailUrl":"https:\/\/novisad2022.rs\/wp-content\/uploads\/2022\/09\/spomenik_za_subu_produzen_konkurs5.png","datePublished":"2022-09-08T09:41:47+00:00","dateModified":"2022-09-08T09:43:11+00:00","author":{"@id":"https:\/\/novisad2022.rs\/en\/#\/schema\/person\/ac5cc999e141a0cc6699aee7c62e6a77"},"description":"The deadline for applying to the open call has been extended until 27 September, at 3 p.m., with the aim of obtaining as many high-quality solutions as possible.","breadcrumb":{"@id":"https:\/\/novisad2022.rs\/en\/the-deadline-for-the-open-call-for-subas-sculpture-has-been-extended\/#breadcrumb"},"inLanguage":"en-US","potentialAction":[{"@type":"ReadAction","target":["https:\/\/novisad2022.rs\/en\/the-deadline-for-the-open-call-for-subas-sculpture-has-been-extended\/"]}]},{"@type":"ImageObject","inLanguage":"en-US","@id":"https:\/\/novisad2022.rs\/en\/the-deadline-for-the-open-call-for-subas-sculpture-has-been-extended\/#primaryimage","url":"https:\/\/novisad2022.rs\/wp-content\/uploads\/2022\/09\/spomenik_za_subu_produzen_konkurs5.png","contentUrl":"https:\/\/novisad2022.rs\/wp-content\/uploads\/2022\/09\/spomenik_za_subu_produzen_konkurs5.png","width":1620,"height":1080},{"@type":"BreadcrumbList","@id":"https:\/\/novisad2022.rs\/en\/the-deadline-for-the-open-call-for-subas-sculpture-has-been-extended\/#breadcrumb","itemListElement":[{"@type":"ListItem","position":1,"name":"\u041f\u043e\u0447\u0435\u0442\u043d\u0430","item":"https:\/\/novisad2022.rs\/en\/home-page\/"},{"@type":"ListItem","position":2,"name":"The deadline for the open call for Suba\u2019s sculpture has been extended"}]},{"@type":"WebSite","@id":"https:\/\/novisad2022.rs\/en\/#website","url":"https:\/\/novisad2022.rs\/en\/","name":"Novi Sad 2022","description":"European Capital of Culture","potentialAction":[{"@type":"SearchAction","target":{"@type":"EntryPoint","urlTemplate":"https:\/\/novisad2022.rs\/en\/?s={search_term_string}"},"query-input":{"@type":"PropertyValueSpecification","valueRequired":true,"valueName":"search_term_string"}}],"inLanguage":"en-US"},{"@type":"Person","@id":"https:\/\/novisad2022.rs\/en\/#\/schema\/person\/ac5cc999e141a0cc6699aee7c62e6a77","name":"Jasmina","image":{"@type":"ImageObject","inLanguage":"en-US","@id":"https:\/\/novisad2022.rs\/en\/#\/schema\/person\/image\/","url":"https:\/\/secure.gravatar.com\/avatar\/1e299e2f3bd9f7617d41a61a43fc086c80151f6f5c6fa7873322cb5d18af2492?s=96&d=mm&r=g","contentUrl":"https:\/\/secure.gravatar.com\/avatar\/1e299e2f3bd9f7617d41a61a43fc086c80151f6f5c6fa7873322cb5d18af2492?s=96&d=mm&r=g","caption":"Jasmina"}}]}},"_links":{"self":[{"href":"https:\/\/novisad2022.rs\/en\/wp-json\/wp\/v2\/posts\/27615","targetHints":{"allow":["GET"]}}],"collection":[{"href":"https:\/\/novisad2022.rs\/en\/wp-json\/wp\/v2\/posts"}],"about":[{"href":"https:\/\/novisad2022.rs\/en\/wp-json\/wp\/v2\/types\/post"}],"author":[{"embeddable":true,"href":"https:\/\/novisad2022.rs\/en\/wp-json\/wp\/v2\/users\/8"}],"replies":[{"embeddable":true,"href":"https:\/\/novisad2022.rs\/en\/wp-json\/wp\/v2\/comments?post=27615"}],"version-history":[{"count":4,"href":"https:\/\/novisad2022.rs\/en\/wp-json\/wp\/v2\/posts\/27615\/revisions"}],"predecessor-version":[{"id":27633,"href":"https:\/\/novisad2022.rs\/en\/wp-json\/wp\/v2\/posts\/27615\/revisions\/27633"}],"wp:featuredmedia":[{"embeddable":true,"href":"https:\/\/novisad2022.rs\/en\/wp-json\/wp\/v2\/media\/27617"}],"wp:attachment":[{"href":"https:\/\/novisad2022.rs\/en\/wp-json\/wp\/v2\/media?parent=27615"}],"wp:term":[{"taxonomy":"category","embeddable":true,"href":"https:\/\/novisad2022.rs\/en\/wp-json\/wp\/v2\/categories?post=27615"},{"taxonomy":"post_tag","embeddable":true,"href":"https:\/\/novisad2022.rs\/en\/wp-json\/wp\/v2\/tags?post=27615"}],"curies":[{"name":"wp","href":"https:\/\/api.w.org\/{rel}","templated":true}]}}