{"id":30025,"date":"2022-12-20T16:07:20","date_gmt":"2022-12-20T15:07:20","guid":{"rendered":"https:\/\/novisad2022.rs\/?p=30025"},"modified":"2022-12-20T16:07:20","modified_gmt":"2022-12-20T15:07:20","slug":"flags-of-the-future-in-the-finals-of-the-selection-for-the-best-european-festival","status":"publish","type":"post","link":"https:\/\/novisad2022.rs\/en\/flags-of-the-future-in-the-finals-of-the-selection-for-the-best-european-festival\/","title":{"rendered":"Flags of the Future in the Finals of the Selection for the Best European Festival"},"content":{"rendered":"<p>After the nomination of the incredible three festivals organised by the Novi Sad \u2013 European Capital of Culture project, as well as the votes of the audience and members of the jury, who are the most prominent music industry figures in Europe, the <strong>Flags of the Future festival was shortlisted for the European Festival Awards that will be awarded in the Dutch city of Groningen on 18 January<\/strong>.<\/p>\n<p>The Flags of the Future festival will compete in the category of the best youth festival with four other events \u2013 Mittelyoung festivals from Italy, Rhizovention from Austria, the Romanian VIBE festival and the famous Danish Roskilde festival.<\/p>\n<p>The <strong>Flags of the Future Festival<\/strong> was held from 28 to 30 April in the Novi Sad District, as part of the Future of Europe programme arch, presenting the energy of the youth through contemporary music, creativity and activism. During these three days, more than 8,000 people had the opportunity to visit a total of 66 exhibitions, 37 concerts, four exhibitions, five theatre and circus performances, and a total of 190 artists from 18 European countries were guests at the festival.<\/p>\n<div id='gallery-1' class='gallery galleryid-30025 gallery-columns-2 gallery-size-full'><figure class='gallery-item'>\r\n\t\t\t<div class='gallery-icon landscape'>\r\n\t\t\t\t<a href='https:\/\/novisad2022.rs\/en\/flags-of-the-future-in-the-finals-of-the-selection-for-the-best-european-festival\/flags-of-future-ecoute-expansion-photo-j-ivanovic-3\/'><img fetchpriority=\"high\" decoding=\"async\" width=\"1000\" height=\"666\" src=\"https:\/\/novisad2022.rs\/wp-content\/uploads\/2022\/12\/Flags-of-Future-Ecoute-Expansion-photo-J-Ivanovic-2.jpeg\" class=\"attachment-full size-full\" alt=\"\" srcset=\"https:\/\/novisad2022.rs\/wp-content\/uploads\/2022\/12\/Flags-of-Future-Ecoute-Expansion-photo-J-Ivanovic-2.jpeg 1000w, https:\/\/novisad2022.rs\/wp-content\/uploads\/2022\/12\/Flags-of-Future-Ecoute-Expansion-photo-J-Ivanovic-2-300x200.jpeg 300w, https:\/\/novisad2022.rs\/wp-content\/uploads\/2022\/12\/Flags-of-Future-Ecoute-Expansion-photo-J-Ivanovic-2-768x511.jpeg 768w\" sizes=\"(max-width: 1000px) 100vw, 1000px\" \/><\/a>\r\n\t\t\t<\/div><\/figure><figure class='gallery-item'>\r\n\t\t\t<div class='gallery-icon landscape'>\r\n\t\t\t\t<a href='https:\/\/novisad2022.rs\/en\/flags-of-the-future-in-the-finals-of-the-selection-for-the-best-european-festival\/flags_3-foto-v-velickovic-3\/'><img decoding=\"async\" width=\"1000\" height=\"667\" src=\"https:\/\/novisad2022.rs\/wp-content\/uploads\/2022\/12\/Flags_3-foto-V.Velickovic-2.jpeg\" class=\"attachment-full size-full\" alt=\"\" srcset=\"https:\/\/novisad2022.rs\/wp-content\/uploads\/2022\/12\/Flags_3-foto-V.Velickovic-2.jpeg 1000w, https:\/\/novisad2022.rs\/wp-content\/uploads\/2022\/12\/Flags_3-foto-V.Velickovic-2-300x200.jpeg 300w, https:\/\/novisad2022.rs\/wp-content\/uploads\/2022\/12\/Flags_3-foto-V.Velickovic-2-768x512.jpeg 768w\" sizes=\"(max-width: 1000px) 100vw, 1000px\" \/><\/a>\r\n\t\t\t<\/div><\/figure><figure class='gallery-item'>\r\n\t\t\t<div class='gallery-icon landscape'>\r\n\t\t\t\t<a href='https:\/\/novisad2022.rs\/en\/flags-of-the-future-in-the-finals-of-the-selection-for-the-best-european-festival\/flags_13foto-j-ivanovic-3\/'><img decoding=\"async\" width=\"1000\" height=\"666\" src=\"https:\/\/novisad2022.rs\/wp-content\/uploads\/2022\/12\/Flags_13foto-J.Ivanovic-2.jpeg\" class=\"attachment-full size-full\" alt=\"\" srcset=\"https:\/\/novisad2022.rs\/wp-content\/uploads\/2022\/12\/Flags_13foto-J.Ivanovic-2.jpeg 1000w, https:\/\/novisad2022.rs\/wp-content\/uploads\/2022\/12\/Flags_13foto-J.Ivanovic-2-300x200.jpeg 300w, https:\/\/novisad2022.rs\/wp-content\/uploads\/2022\/12\/Flags_13foto-J.Ivanovic-2-768x511.jpeg 768w\" sizes=\"(max-width: 1000px) 100vw, 1000px\" \/><\/a>\r\n\t\t\t<\/div><\/figure><figure class='gallery-item'>\r\n\t\t\t<div class='gallery-icon landscape'>\r\n\t\t\t\t<a href='https:\/\/novisad2022.rs\/en\/flags-of-the-future-in-the-finals-of-the-selection-for-the-best-european-festival\/flags-of-future-groovin-photo-j-ivanovic\/'><img loading=\"lazy\" decoding=\"async\" width=\"1000\" height=\"666\" src=\"https:\/\/novisad2022.rs\/wp-content\/uploads\/2022\/12\/Flags-of-Future-Groovin-photo-J-Ivanovic.jpeg\" class=\"attachment-full size-full\" alt=\"\" srcset=\"https:\/\/novisad2022.rs\/wp-content\/uploads\/2022\/12\/Flags-of-Future-Groovin-photo-J-Ivanovic.jpeg 1000w, https:\/\/novisad2022.rs\/wp-content\/uploads\/2022\/12\/Flags-of-Future-Groovin-photo-J-Ivanovic-300x200.jpeg 300w, https:\/\/novisad2022.rs\/wp-content\/uploads\/2022\/12\/Flags-of-Future-Groovin-photo-J-Ivanovic-768x511.jpeg 768w\" sizes=\"(max-width: 1000px) 100vw, 1000px\" \/><\/a>\r\n\t\t\t<\/div><\/figure>\r\n\t\t<\/div>\n\n<p>Shortlisted for the best European festivals are also Novi Sad\u2019s <strong>EXIT festival<\/strong>, which is once again competing for the title of the best large European festival, <strong>Arsenal<\/strong>, which is in the finals of the selection for the best small festival, and <strong>No Sleep Festival<\/strong>, in the competition for the best indoor festival.<\/p>\n<p>Across its 16 categories, the <strong>European Festival Awards<\/strong>\u00a0recognise festivals and individuals who are pushing the boundaries in event organisation, health and safety, social awareness and sustainability.<\/p>\n<p>The twelfth edition of the European Festival Awards will be held on 18 January 2023 at De Oosterpoort, a cultural centre in Groningen, the Netherlands.<\/p>\n<p><em>Photo: Jelena Ivanovi\u0107, Vladimir Veli\u010dkovi\u0107<\/em><\/p>","protected":false},"excerpt":{"rendered":"<p>After the nomination of the incredible three festivals organised by the Novi Sad \u2013 European Capital of Culture project, as well as the votes of the audience and members of the jury, who are the most prominent music industry figures in Europe, the Flags of the Future festival was shortlisted for the European Festival Awards [&hellip;]<\/p>\n","protected":false},"author":8,"featured_media":29989,"comment_status":"open","ping_status":"open","sticky":false,"template":"","format":"standard","meta":{"site-sidebar-layout":"default","site-content-layout":"default","ast-site-content-layout":"default","site-content-style":"default","site-sidebar-style":"default","ast-global-header-display":"","ast-banner-title-visibility":"","ast-main-header-display":"","ast-hfb-above-header-display":"","ast-hfb-below-header-display":"","ast-hfb-mobile-header-display":"","site-post-title":"","ast-breadcrumbs-content":"","ast-featured-img":"","footer-sml-layout":"","ast-disable-related-posts":"","theme-transparent-header-meta":"default","adv-header-id-meta":"","stick-header-meta":"","header-above-stick-meta":"","header-main-stick-meta":"","header-below-stick-meta":"","astra-migrate-meta-layouts":"default","ast-page-background-enabled":"default","ast-page-background-meta":{"desktop":{"background-color":"","background-image":"","background-repeat":"repeat","background-position":"center center","background-size":"auto","background-attachment":"scroll","background-type":"","background-media":"","overlay-type":"","overlay-color":"","overlay-opacity":"","overlay-gradient":""},"tablet":{"background-color":"","background-image":"","background-repeat":"repeat","background-position":"center center","background-size":"auto","background-attachment":"scroll","background-type":"","background-media":"","overlay-type":"","overlay-color":"","overlay-opacity":"","overlay-gradient":""},"mobile":{"background-color":"","background-image":"","background-repeat":"repeat","background-position":"center center","background-size":"auto","background-attachment":"scroll","background-type":"","background-media":"","overlay-type":"","overlay-color":"","overlay-opacity":"","overlay-gradient":""}},"ast-content-background-meta":{"desktop":{"background-color":"var(--ast-global-color-5)","background-image":"","background-repeat":"repeat","background-position":"center center","background-size":"auto","background-attachment":"scroll","background-type":"","background-media":"","overlay-type":"","overlay-color":"","overlay-opacity":"","overlay-gradient":""},"tablet":{"background-color":"var(--ast-global-color-5)","background-image":"","background-repeat":"repeat","background-position":"center center","background-size":"auto","background-attachment":"scroll","background-type":"","background-media":"","overlay-type":"","overlay-color":"","overlay-opacity":"","overlay-gradient":""},"mobile":{"background-color":"var(--ast-global-color-5)","background-image":"","background-repeat":"repeat","background-position":"center center","background-size":"auto","background-attachment":"scroll","background-type":"","background-media":"","overlay-type":"","overlay-color":"","overlay-opacity":"","overlay-gradient":""}},"footnotes":""},"categories":[70],"tags":[2226,2393,2628],"class_list":["post-30025","post","type-post","status-publish","format-standard","has-post-thumbnail","hentry","category-news","tag-docek-en","tag-novi-sad-european-capital-of-culture-en","tag-novi-sad-2022-en"],"yoast_head":"<!-- This site is optimized with the Yoast SEO plugin v27.0 - https:\/\/yoast.com\/product\/yoast-seo-wordpress\/ -->\n<title>Flags of the Future in the Finals of the Selection for the Best European Festival<\/title>\n<meta name=\"description\" content=\"The Flags of the Future festival was shortlisted for the European Festival Awards that will be awarded in the Dutch city of Groningen on 18 January.\" \/>\n<meta name=\"robots\" content=\"index, follow, max-snippet:-1, max-image-preview:large, max-video-preview:-1\" \/>\n<link rel=\"canonical\" href=\"https:\/\/novisad2022.rs\/en\/flags-of-the-future-in-the-finals-of-the-selection-for-the-best-european-festival\/\" \/>\n<meta property=\"og:locale\" content=\"en_US\" \/>\n<meta property=\"og:type\" content=\"article\" \/>\n<meta property=\"og:title\" content=\"Flags of the Future in the Finals of the Selection for the Best European Festival\" \/>\n<meta property=\"og:description\" content=\"The Flags of the Future festival was shortlisted for the European Festival Awards that will be awarded in the Dutch city of Groningen on 18 January.\" \/>\n<meta property=\"og:url\" content=\"https:\/\/novisad2022.rs\/en\/flags-of-the-future-in-the-finals-of-the-selection-for-the-best-european-festival\/\" \/>\n<meta property=\"og:site_name\" content=\"Novi Sad 2022\" \/>\n<meta property=\"article:published_time\" content=\"2022-12-20T15:07:20+00:00\" \/>\n<meta property=\"og:image\" content=\"https:\/\/novisad2022.rs\/wp-content\/uploads\/2022\/12\/Flags_12-foto-V.Velickovic.jpeg\" \/>\n\t<meta property=\"og:image:width\" content=\"1000\" \/>\n\t<meta property=\"og:image:height\" content=\"667\" \/>\n\t<meta property=\"og:image:type\" content=\"image\/jpeg\" \/>\n<meta name=\"author\" content=\"Jasmina\" \/>\n<meta name=\"twitter:card\" content=\"summary_large_image\" \/>\n<meta name=\"twitter:label1\" content=\"Written by\" \/>\n\t<meta name=\"twitter:data1\" content=\"Jasmina\" \/>\n\t<meta name=\"twitter:label2\" content=\"Est. reading time\" \/>\n\t<meta name=\"twitter:data2\" content=\"2 minutes\" \/>\n<script type=\"application\/ld+json\" class=\"yoast-schema-graph\">{\"@context\":\"https:\/\/schema.org\",\"@graph\":[{\"@type\":\"Article\",\"@id\":\"https:\/\/novisad2022.rs\/en\/flags-of-the-future-in-the-finals-of-the-selection-for-the-best-european-festival\/#article\",\"isPartOf\":{\"@id\":\"https:\/\/novisad2022.rs\/en\/flags-of-the-future-in-the-finals-of-the-selection-for-the-best-european-festival\/\"},\"author\":{\"name\":\"Jasmina\",\"@id\":\"https:\/\/novisad2022.rs\/en\/#\/schema\/person\/ac5cc999e141a0cc6699aee7c62e6a77\"},\"headline\":\"Flags of the Future in the Finals of the Selection for the Best European Festival\",\"datePublished\":\"2022-12-20T15:07:20+00:00\",\"mainEntityOfPage\":{\"@id\":\"https:\/\/novisad2022.rs\/en\/flags-of-the-future-in-the-finals-of-the-selection-for-the-best-european-festival\/\"},\"wordCount\":305,\"commentCount\":0,\"image\":{\"@id\":\"https:\/\/novisad2022.rs\/en\/flags-of-the-future-in-the-finals-of-the-selection-for-the-best-european-festival\/#primaryimage\"},\"thumbnailUrl\":\"https:\/\/novisad2022.rs\/wp-content\/uploads\/2022\/12\/Flags_12-foto-V.Velickovic.jpeg\",\"keywords\":[\"docek\",\"Novi Sad \u2013 European Capital of Culture\",\"Novi Sad 2022\"],\"articleSection\":[\"News\"],\"inLanguage\":\"en-US\",\"potentialAction\":[{\"@type\":\"CommentAction\",\"name\":\"Comment\",\"target\":[\"https:\/\/novisad2022.rs\/en\/flags-of-the-future-in-the-finals-of-the-selection-for-the-best-european-festival\/#respond\"]}]},{\"@type\":\"WebPage\",\"@id\":\"https:\/\/novisad2022.rs\/en\/flags-of-the-future-in-the-finals-of-the-selection-for-the-best-european-festival\/\",\"url\":\"https:\/\/novisad2022.rs\/en\/flags-of-the-future-in-the-finals-of-the-selection-for-the-best-european-festival\/\",\"name\":\"Flags of the Future in the Finals of the Selection for the Best European Festival\",\"isPartOf\":{\"@id\":\"https:\/\/novisad2022.rs\/en\/#website\"},\"primaryImageOfPage\":{\"@id\":\"https:\/\/novisad2022.rs\/en\/flags-of-the-future-in-the-finals-of-the-selection-for-the-best-european-festival\/#primaryimage\"},\"image\":{\"@id\":\"https:\/\/novisad2022.rs\/en\/flags-of-the-future-in-the-finals-of-the-selection-for-the-best-european-festival\/#primaryimage\"},\"thumbnailUrl\":\"https:\/\/novisad2022.rs\/wp-content\/uploads\/2022\/12\/Flags_12-foto-V.Velickovic.jpeg\",\"datePublished\":\"2022-12-20T15:07:20+00:00\",\"author\":{\"@id\":\"https:\/\/novisad2022.rs\/en\/#\/schema\/person\/ac5cc999e141a0cc6699aee7c62e6a77\"},\"description\":\"The Flags of the Future festival was shortlisted for the European Festival Awards that will be awarded in the Dutch city of Groningen on 18 January.\",\"breadcrumb\":{\"@id\":\"https:\/\/novisad2022.rs\/en\/flags-of-the-future-in-the-finals-of-the-selection-for-the-best-european-festival\/#breadcrumb\"},\"inLanguage\":\"en-US\",\"potentialAction\":[{\"@type\":\"ReadAction\",\"target\":[\"https:\/\/novisad2022.rs\/en\/flags-of-the-future-in-the-finals-of-the-selection-for-the-best-european-festival\/\"]}]},{\"@type\":\"ImageObject\",\"inLanguage\":\"en-US\",\"@id\":\"https:\/\/novisad2022.rs\/en\/flags-of-the-future-in-the-finals-of-the-selection-for-the-best-european-festival\/#primaryimage\",\"url\":\"https:\/\/novisad2022.rs\/wp-content\/uploads\/2022\/12\/Flags_12-foto-V.Velickovic.jpeg\",\"contentUrl\":\"https:\/\/novisad2022.rs\/wp-content\/uploads\/2022\/12\/Flags_12-foto-V.Velickovic.jpeg\",\"width\":1000,\"height\":667},{\"@type\":\"BreadcrumbList\",\"@id\":\"https:\/\/novisad2022.rs\/en\/flags-of-the-future-in-the-finals-of-the-selection-for-the-best-european-festival\/#breadcrumb\",\"itemListElement\":[{\"@type\":\"ListItem\",\"position\":1,\"name\":\"\u041f\u043e\u0447\u0435\u0442\u043d\u0430\",\"item\":\"https:\/\/novisad2022.rs\/en\/home-page\/\"},{\"@type\":\"ListItem\",\"position\":2,\"name\":\"Flags of the Future in the Finals of the Selection for the Best European Festival\"}]},{\"@type\":\"WebSite\",\"@id\":\"https:\/\/novisad2022.rs\/en\/#website\",\"url\":\"https:\/\/novisad2022.rs\/en\/\",\"name\":\"Novi Sad 2022\",\"description\":\"European Capital of Culture\",\"potentialAction\":[{\"@type\":\"SearchAction\",\"target\":{\"@type\":\"EntryPoint\",\"urlTemplate\":\"https:\/\/novisad2022.rs\/en\/?s={search_term_string}\"},\"query-input\":{\"@type\":\"PropertyValueSpecification\",\"valueRequired\":true,\"valueName\":\"search_term_string\"}}],\"inLanguage\":\"en-US\"},{\"@type\":\"Person\",\"@id\":\"https:\/\/novisad2022.rs\/en\/#\/schema\/person\/ac5cc999e141a0cc6699aee7c62e6a77\",\"name\":\"Jasmina\",\"image\":{\"@type\":\"ImageObject\",\"inLanguage\":\"en-US\",\"@id\":\"https:\/\/novisad2022.rs\/en\/#\/schema\/person\/image\/\",\"url\":\"https:\/\/secure.gravatar.com\/avatar\/1e299e2f3bd9f7617d41a61a43fc086c80151f6f5c6fa7873322cb5d18af2492?s=96&d=mm&r=g\",\"contentUrl\":\"https:\/\/secure.gravatar.com\/avatar\/1e299e2f3bd9f7617d41a61a43fc086c80151f6f5c6fa7873322cb5d18af2492?s=96&d=mm&r=g\",\"caption\":\"Jasmina\"}}]}<\/script>\n<!-- \/ Yoast SEO plugin. -->","yoast_head_json":{"title":"Flags of the Future in the Finals of the Selection for the Best European Festival","description":"The Flags of the Future festival was shortlisted for the European Festival Awards that will be awarded in the Dutch city of Groningen on 18 January.","robots":{"index":"index","follow":"follow","max-snippet":"max-snippet:-1","max-image-preview":"max-image-preview:large","max-video-preview":"max-video-preview:-1"},"canonical":"https:\/\/novisad2022.rs\/en\/flags-of-the-future-in-the-finals-of-the-selection-for-the-best-european-festival\/","og_locale":"en_US","og_type":"article","og_title":"Flags of the Future in the Finals of the Selection for the Best European Festival","og_description":"The Flags of the Future festival was shortlisted for the European Festival Awards that will be awarded in the Dutch city of Groningen on 18 January.","og_url":"https:\/\/novisad2022.rs\/en\/flags-of-the-future-in-the-finals-of-the-selection-for-the-best-european-festival\/","og_site_name":"Novi Sad 2022","article_published_time":"2022-12-20T15:07:20+00:00","og_image":[{"width":1000,"height":667,"url":"https:\/\/novisad2022.rs\/wp-content\/uploads\/2022\/12\/Flags_12-foto-V.Velickovic.jpeg","type":"image\/jpeg"}],"author":"Jasmina","twitter_card":"summary_large_image","twitter_misc":{"Written by":"Jasmina","Est. reading time":"2 minutes"},"schema":{"@context":"https:\/\/schema.org","@graph":[{"@type":"Article","@id":"https:\/\/novisad2022.rs\/en\/flags-of-the-future-in-the-finals-of-the-selection-for-the-best-european-festival\/#article","isPartOf":{"@id":"https:\/\/novisad2022.rs\/en\/flags-of-the-future-in-the-finals-of-the-selection-for-the-best-european-festival\/"},"author":{"name":"Jasmina","@id":"https:\/\/novisad2022.rs\/en\/#\/schema\/person\/ac5cc999e141a0cc6699aee7c62e6a77"},"headline":"Flags of the Future in the Finals of the Selection for the Best European Festival","datePublished":"2022-12-20T15:07:20+00:00","mainEntityOfPage":{"@id":"https:\/\/novisad2022.rs\/en\/flags-of-the-future-in-the-finals-of-the-selection-for-the-best-european-festival\/"},"wordCount":305,"commentCount":0,"image":{"@id":"https:\/\/novisad2022.rs\/en\/flags-of-the-future-in-the-finals-of-the-selection-for-the-best-european-festival\/#primaryimage"},"thumbnailUrl":"https:\/\/novisad2022.rs\/wp-content\/uploads\/2022\/12\/Flags_12-foto-V.Velickovic.jpeg","keywords":["docek","Novi Sad \u2013 European Capital of Culture","Novi Sad 2022"],"articleSection":["News"],"inLanguage":"en-US","potentialAction":[{"@type":"CommentAction","name":"Comment","target":["https:\/\/novisad2022.rs\/en\/flags-of-the-future-in-the-finals-of-the-selection-for-the-best-european-festival\/#respond"]}]},{"@type":"WebPage","@id":"https:\/\/novisad2022.rs\/en\/flags-of-the-future-in-the-finals-of-the-selection-for-the-best-european-festival\/","url":"https:\/\/novisad2022.rs\/en\/flags-of-the-future-in-the-finals-of-the-selection-for-the-best-european-festival\/","name":"Flags of the Future in the Finals of the Selection for the Best European Festival","isPartOf":{"@id":"https:\/\/novisad2022.rs\/en\/#website"},"primaryImageOfPage":{"@id":"https:\/\/novisad2022.rs\/en\/flags-of-the-future-in-the-finals-of-the-selection-for-the-best-european-festival\/#primaryimage"},"image":{"@id":"https:\/\/novisad2022.rs\/en\/flags-of-the-future-in-the-finals-of-the-selection-for-the-best-european-festival\/#primaryimage"},"thumbnailUrl":"https:\/\/novisad2022.rs\/wp-content\/uploads\/2022\/12\/Flags_12-foto-V.Velickovic.jpeg","datePublished":"2022-12-20T15:07:20+00:00","author":{"@id":"https:\/\/novisad2022.rs\/en\/#\/schema\/person\/ac5cc999e141a0cc6699aee7c62e6a77"},"description":"The Flags of the Future festival was shortlisted for the European Festival Awards that will be awarded in the Dutch city of Groningen on 18 January.","breadcrumb":{"@id":"https:\/\/novisad2022.rs\/en\/flags-of-the-future-in-the-finals-of-the-selection-for-the-best-european-festival\/#breadcrumb"},"inLanguage":"en-US","potentialAction":[{"@type":"ReadAction","target":["https:\/\/novisad2022.rs\/en\/flags-of-the-future-in-the-finals-of-the-selection-for-the-best-european-festival\/"]}]},{"@type":"ImageObject","inLanguage":"en-US","@id":"https:\/\/novisad2022.rs\/en\/flags-of-the-future-in-the-finals-of-the-selection-for-the-best-european-festival\/#primaryimage","url":"https:\/\/novisad2022.rs\/wp-content\/uploads\/2022\/12\/Flags_12-foto-V.Velickovic.jpeg","contentUrl":"https:\/\/novisad2022.rs\/wp-content\/uploads\/2022\/12\/Flags_12-foto-V.Velickovic.jpeg","width":1000,"height":667},{"@type":"BreadcrumbList","@id":"https:\/\/novisad2022.rs\/en\/flags-of-the-future-in-the-finals-of-the-selection-for-the-best-european-festival\/#breadcrumb","itemListElement":[{"@type":"ListItem","position":1,"name":"\u041f\u043e\u0447\u0435\u0442\u043d\u0430","item":"https:\/\/novisad2022.rs\/en\/home-page\/"},{"@type":"ListItem","position":2,"name":"Flags of the Future in the Finals of the Selection for the Best European Festival"}]},{"@type":"WebSite","@id":"https:\/\/novisad2022.rs\/en\/#website","url":"https:\/\/novisad2022.rs\/en\/","name":"Novi Sad 2022","description":"European Capital of Culture","potentialAction":[{"@type":"SearchAction","target":{"@type":"EntryPoint","urlTemplate":"https:\/\/novisad2022.rs\/en\/?s={search_term_string}"},"query-input":{"@type":"PropertyValueSpecification","valueRequired":true,"valueName":"search_term_string"}}],"inLanguage":"en-US"},{"@type":"Person","@id":"https:\/\/novisad2022.rs\/en\/#\/schema\/person\/ac5cc999e141a0cc6699aee7c62e6a77","name":"Jasmina","image":{"@type":"ImageObject","inLanguage":"en-US","@id":"https:\/\/novisad2022.rs\/en\/#\/schema\/person\/image\/","url":"https:\/\/secure.gravatar.com\/avatar\/1e299e2f3bd9f7617d41a61a43fc086c80151f6f5c6fa7873322cb5d18af2492?s=96&d=mm&r=g","contentUrl":"https:\/\/secure.gravatar.com\/avatar\/1e299e2f3bd9f7617d41a61a43fc086c80151f6f5c6fa7873322cb5d18af2492?s=96&d=mm&r=g","caption":"Jasmina"}}]}},"_links":{"self":[{"href":"https:\/\/novisad2022.rs\/en\/wp-json\/wp\/v2\/posts\/30025","targetHints":{"allow":["GET"]}}],"collection":[{"href":"https:\/\/novisad2022.rs\/en\/wp-json\/wp\/v2\/posts"}],"about":[{"href":"https:\/\/novisad2022.rs\/en\/wp-json\/wp\/v2\/types\/post"}],"author":[{"embeddable":true,"href":"https:\/\/novisad2022.rs\/en\/wp-json\/wp\/v2\/users\/8"}],"replies":[{"embeddable":true,"href":"https:\/\/novisad2022.rs\/en\/wp-json\/wp\/v2\/comments?post=30025"}],"version-history":[{"count":1,"href":"https:\/\/novisad2022.rs\/en\/wp-json\/wp\/v2\/posts\/30025\/revisions"}],"predecessor-version":[{"id":30030,"href":"https:\/\/novisad2022.rs\/en\/wp-json\/wp\/v2\/posts\/30025\/revisions\/30030"}],"wp:featuredmedia":[{"embeddable":true,"href":"https:\/\/novisad2022.rs\/en\/wp-json\/wp\/v2\/media\/29989"}],"wp:attachment":[{"href":"https:\/\/novisad2022.rs\/en\/wp-json\/wp\/v2\/media?parent=30025"}],"wp:term":[{"taxonomy":"category","embeddable":true,"href":"https:\/\/novisad2022.rs\/en\/wp-json\/wp\/v2\/categories?post=30025"},{"taxonomy":"post_tag","embeddable":true,"href":"https:\/\/novisad2022.rs\/en\/wp-json\/wp\/v2\/tags?post=30025"}],"curies":[{"name":"wp","href":"https:\/\/api.w.org\/{rel}","templated":true}]}}