{"id":30106,"date":"2022-12-28T14:37:01","date_gmt":"2022-12-28T13:37:01","guid":{"rendered":"https:\/\/novisad2022.rs\/?p=30106"},"modified":"2022-12-29T15:31:38","modified_gmt":"2022-12-29T14:31:38","slug":"docek-in-the-suburbium-all-the-details-of-the-celebration-on-31-december","status":"publish","type":"post","link":"https:\/\/novisad2022.rs\/en\/docek-in-the-suburbium-all-the-details-of-the-celebration-on-31-december\/","title":{"rendered":"Do\u010dek in the Suburbium: All the Details of the Celebration on 31 December"},"content":{"rendered":"<p>Novi Sad closes the European Capital of Culture title year 2022 with <a href=\"https:\/\/docekns.rs\/en\/docek-23-e\/\"><strong>Do\u010dek<\/strong><\/a>, an unusual artistic and production programme that will illuminate the baroque ambience of the Suburbium of the Petrovaradin Fortress. The best European Trend Brand in the field of culture in 2021 will be implemented for the sixth time in Novi Sad, through a combination of visual and performing arts.<\/p>\n<p>On December 31, the audience will enjoy a music programme on several stages: on the main stage in front of the Belgrade Gate, <strong><a href=\"https:\/\/docekns.rs\/en\/portfolio-item\/perpetuum-jazzile-3\/\">Perpetuum Jazzile<\/a><\/strong> opens the programme at 9 p.m., and after them the concert will be held by <strong><a href=\"https:\/\/docekns.rs\/en\/portfolio-item\/kosheen-3\/\">Kosheen<\/a><\/strong> from 11 p.m., and <strong><a href=\"https:\/\/docekns.rs\/en\/portfolio-item\/biesmans-3\/\">Biesmans<\/a><\/strong> DJ will perform half an hour after midnight. Also, on the stage located in Prote Mihald\u017ei\u0107a Square, the audience will listen <strong><a href=\"https:\/\/docekns.rs\/en\/portfolio-item\/stereo-mcs\/\">Stereo MC\u2019s<\/a><\/strong> from 10 p.m., and <strong><a href=\"https:\/\/docekns.rs\/en\/portfolio-item\/mimi-mercedez-2\/\">Mimi Mercedez<\/a><\/strong> from 11:30 p.m. <strong><a href=\"https:\/\/docekns.rs\/en\/portfolio-item\/monohrom-3\/\">Monohrom<\/a><\/strong> will perform on the stage in \u0160trosmajerova Street at 10 p.m., <strong><a href=\"https:\/\/docekns.rs\/en\/portfolio-item\/repetitor-3\/\">Repetitor<\/a><\/strong> at 11 p.m., while <strong><a href=\"https:\/\/docekns.rs\/en\/portfolio-item\/obojeni-program-3\/\">Obojeni Program<\/a><\/strong> will begin the concert half an hour after midnight. <strong><a href=\"https:\/\/docekns.rs\/en\/portfolio-item\/tesla-light-gallery\/\">Tesla Light Gallery<\/a><\/strong> revives the Suburbium through the works of independent artists, among whom are: <strong><a href=\"https:\/\/docekns.rs\/en\/portfolio-item\/chida-yasuhiro-brocken-3\/\">Chida Yasuhiro<\/a><\/strong> from Japan, one of Artdex&#8217;s \u2018Nine Brilliant World Light Artists\u2019, <strong><a href=\"https:\/\/docekns.rs\/en\/portfolio-item\/pavla-beranova-words-on-wire\/\">Pavla Beranova<\/a><\/strong> from the Czech Republic, winner of awards for interactive installations and best lighting design, <strong><a href=\"https:\/\/docekns.rs\/en\/portfolio-item\/dorijan-kolundzija-time-of-flight-3\/\">Dorijan Kolund\u017eija<\/a><\/strong> who runs the new media studio \u2018Gallery 12\u2019, whose project is the Museum of the Future in Dubai, <strong><a href=\"https:\/\/docekns.rs\/en\/portfolio-item\/suluv-goran-despotovski-necklace\/\">Goran Despotovski<\/a><\/strong> as a representative of the <strong>Association of Fine Artists of Vojvodina<\/strong> (SULUV), artists <strong><a href=\"https:\/\/docekns.rs\/en\/portfolio-item\/dejan-stojkov-and-andjelko-popic\/\">Dejan Stojkov and An\u0111elko Popi\u0107<\/a><\/strong> and others.<\/p>\n<p><strong>Admission to all the programmes on 31 December in the Suburbium of the Petrovaradin Fortress is free<\/strong>, and there will be drink and food stands for visitors in the Suburbium. Mobile toilets will also be provided.<\/p>\n<p><a href=\"https:\/\/novisad2022.rs\/wp-content\/uploads\/2022\/12\/satnica_heder_eng-1.png\"><img fetchpriority=\"high\" decoding=\"async\" class=\"aligncenter size-full wp-image-30165\" src=\"https:\/\/novisad2022.rs\/wp-content\/uploads\/2022\/12\/satnica_heder_eng-1.png\" alt=\"\" width=\"1920\" height=\"1080\" srcset=\"https:\/\/novisad2022.rs\/wp-content\/uploads\/2022\/12\/satnica_heder_eng-1.png 1920w, https:\/\/novisad2022.rs\/wp-content\/uploads\/2022\/12\/satnica_heder_eng-1-300x169.png 300w, https:\/\/novisad2022.rs\/wp-content\/uploads\/2022\/12\/satnica_heder_eng-1-1024x576.png 1024w, https:\/\/novisad2022.rs\/wp-content\/uploads\/2022\/12\/satnica_heder_eng-1-768x432.png 768w, https:\/\/novisad2022.rs\/wp-content\/uploads\/2022\/12\/satnica_heder_eng-1-1536x864.png 1536w\" sizes=\"(max-width: 1920px) 100vw, 1920px\" \/><\/a><\/p>\n<p>&nbsp;<\/p>\n<h4>Temporary change of traffic regime<\/h4>\n<p>Due to the implementation of Do\u010dek, there will be a temporary traffic ban in the Suburbium of the Petrovaradin Fortress, i.e. in Beogradska Street, from Vladike Nikolaja Square to the road to the Fortress, in \u0160trosmajerova Street, Prote Mihald\u017ei\u0107a Street, Vladimira Nazora Street, and Lisinskog Street, as well as until the parking lot on the upper plateau of the Petrovaradin Fortress, in Petrovaradin. Due to the temporary ban on traffic, the routes of bus lines 3, 3a, 9, 9a, 60, 61, 62, 63, 64, and 69 will also be changed. <strong>The temporary change to the traffic regime is valid from 29 December 2022 at 8 a.m. to 2 January 2023 at 6 p.m.<\/strong><\/p>\n<p><a href=\"https:\/\/novisad2022.rs\/wp-content\/uploads\/2022\/12\/Gradic-Petrovaradin-V.Velickovic.007-2.jpg\"><img decoding=\"async\" class=\"aligncenter size-full wp-image-30110\" src=\"https:\/\/novisad2022.rs\/wp-content\/uploads\/2022\/12\/Gradic-Petrovaradin-V.Velickovic.007-2.jpg\" alt=\"\" width=\"2048\" height=\"1365\" srcset=\"https:\/\/novisad2022.rs\/wp-content\/uploads\/2022\/12\/Gradic-Petrovaradin-V.Velickovic.007-2.jpg 2048w, https:\/\/novisad2022.rs\/wp-content\/uploads\/2022\/12\/Gradic-Petrovaradin-V.Velickovic.007-2-300x200.jpg 300w, https:\/\/novisad2022.rs\/wp-content\/uploads\/2022\/12\/Gradic-Petrovaradin-V.Velickovic.007-2-1024x683.jpg 1024w, https:\/\/novisad2022.rs\/wp-content\/uploads\/2022\/12\/Gradic-Petrovaradin-V.Velickovic.007-2-768x512.jpg 768w, https:\/\/novisad2022.rs\/wp-content\/uploads\/2022\/12\/Gradic-Petrovaradin-V.Velickovic.007-2-1536x1024.jpg 1536w\" sizes=\"(max-width: 2048px) 100vw, 2048px\" \/><\/a><\/p>\n<h4>Milutin and Mileva as the beginning and end of the European Capital of Culture title year<\/h4>\n<p>Mileva and Milutin were the central figures of the official opening of the European Capital of Culture, on 13 January this year, through the \u2018Zeniteum\u2019 spectacle. The \u2018Milutin: Time and Universe\u2019 exhibition was inspired by Milankovi\u0107&#8217;s work, and now the circle will be closed with the \u2018Mileva: We Are One Rock\u2019 exhibition, as the crown of the title year, since the exhibitions represent one whole. While through the \u2018Milutin: Time and Universe\u2019 programme, the famous Studio M got a completely new look, now the same has been done with the 1,200 square metres of the renovated part of the City Museum of Novi Sad at the Petrovaradin Fortress, where the exhibition \u2018Mileva: We Are One Rock\u2019 will be installed.<\/p>\n<p>During the last day of 2022, but also during the New Year&#8217;s Eve, there will be numerous expert guides through the exhibitions \u2018Mileva: We Are one Rock\u2019 and \u2018Milutin: Time and Universe\u2019. <strong>Admission to both exhibitions is free of charge, but registration is required.<\/strong> <strong>Both exhibitions will be open on 1 and 3 January from 12 p.m. to 8 p.m., while \u2018Milutin: Time and Universe\u2019 will be open on 2 January as well.<\/strong><\/p>\n<p>The exclusive sponsor of the exhibition \u2018Mileva: We Are One Rock\u2019 is <strong><a href=\"https:\/\/www.erstebank.rs\/sr\/Stanovnistvo\">Erste Bank<\/a><\/strong>.<\/p>\n<p><em>Photo: Marko Pudi\u0107, Vladimir Veli\u010dkovi\u0107<\/em><\/p>","protected":false},"excerpt":{"rendered":"<p>Novi Sad closes the European Capital of Culture title year 2022 with Do\u010dek, an unusual artistic and production programme that will illuminate the baroque ambience of the Suburbium of the Petrovaradin Fortress. The best European Trend Brand in the field of culture in 2021 will be implemented for the sixth time in Novi Sad, through [&hellip;]<\/p>\n","protected":false},"author":8,"featured_media":30087,"comment_status":"open","ping_status":"open","sticky":false,"template":"","format":"standard","meta":{"site-sidebar-layout":"default","site-content-layout":"default","ast-site-content-layout":"default","site-content-style":"default","site-sidebar-style":"default","ast-global-header-display":"","ast-banner-title-visibility":"","ast-main-header-display":"","ast-hfb-above-header-display":"","ast-hfb-below-header-display":"","ast-hfb-mobile-header-display":"","site-post-title":"","ast-breadcrumbs-content":"","ast-featured-img":"","footer-sml-layout":"","ast-disable-related-posts":"","theme-transparent-header-meta":"default","adv-header-id-meta":"","stick-header-meta":"","header-above-stick-meta":"","header-main-stick-meta":"","header-below-stick-meta":"","astra-migrate-meta-layouts":"default","ast-page-background-enabled":"default","ast-page-background-meta":{"desktop":{"background-color":"","background-image":"","background-repeat":"repeat","background-position":"center center","background-size":"auto","background-attachment":"scroll","background-type":"","background-media":"","overlay-type":"","overlay-color":"","overlay-opacity":"","overlay-gradient":""},"tablet":{"background-color":"","background-image":"","background-repeat":"repeat","background-position":"center center","background-size":"auto","background-attachment":"scroll","background-type":"","background-media":"","overlay-type":"","overlay-color":"","overlay-opacity":"","overlay-gradient":""},"mobile":{"background-color":"","background-image":"","background-repeat":"repeat","background-position":"center center","background-size":"auto","background-attachment":"scroll","background-type":"","background-media":"","overlay-type":"","overlay-color":"","overlay-opacity":"","overlay-gradient":""}},"ast-content-background-meta":{"desktop":{"background-color":"var(--ast-global-color-5)","background-image":"","background-repeat":"repeat","background-position":"center center","background-size":"auto","background-attachment":"scroll","background-type":"","background-media":"","overlay-type":"","overlay-color":"","overlay-opacity":"","overlay-gradient":""},"tablet":{"background-color":"var(--ast-global-color-5)","background-image":"","background-repeat":"repeat","background-position":"center center","background-size":"auto","background-attachment":"scroll","background-type":"","background-media":"","overlay-type":"","overlay-color":"","overlay-opacity":"","overlay-gradient":""},"mobile":{"background-color":"var(--ast-global-color-5)","background-image":"","background-repeat":"repeat","background-position":"center center","background-size":"auto","background-attachment":"scroll","background-type":"","background-media":"","overlay-type":"","overlay-color":"","overlay-opacity":"","overlay-gradient":""}},"footnotes":""},"categories":[70],"tags":[2226,1722,2393,2628],"class_list":["post-30106","post","type-post","status-publish","format-standard","has-post-thumbnail","hentry","category-news","tag-docek-en","tag-european-capital-of-culture-en","tag-novi-sad-european-capital-of-culture-en","tag-novi-sad-2022-en"],"yoast_head":"<!-- This site is optimized with the Yoast SEO plugin v27.0 - https:\/\/yoast.com\/product\/yoast-seo-wordpress\/ -->\n<title>Do\u010dek in the Suburbium: All the Details of the Celebration on 31 December<\/title>\n<meta name=\"description\" content=\"Admission to all the programmes on 31 December in the Suburbium of the Petrovaradin Fortress is free, and there will be drink and food stands for visitors in the Suburbium.\" \/>\n<meta name=\"robots\" content=\"index, follow, max-snippet:-1, max-image-preview:large, max-video-preview:-1\" \/>\n<link rel=\"canonical\" href=\"https:\/\/novisad2022.rs\/en\/docek-in-the-suburbium-all-the-details-of-the-celebration-on-31-december\/\" \/>\n<meta property=\"og:locale\" content=\"en_US\" \/>\n<meta property=\"og:type\" content=\"article\" \/>\n<meta property=\"og:title\" content=\"Do\u010dek in the Suburbium: All the Details of the Celebration on 31 December\" \/>\n<meta property=\"og:description\" content=\"Admission to all the programmes on 31 December in the Suburbium of the Petrovaradin Fortress is free, and there will be drink and food stands for visitors in the Suburbium.\" \/>\n<meta property=\"og:url\" content=\"https:\/\/novisad2022.rs\/en\/docek-in-the-suburbium-all-the-details-of-the-celebration-on-31-december\/\" \/>\n<meta property=\"og:site_name\" content=\"Novi Sad 2022\" \/>\n<meta property=\"article:published_time\" content=\"2022-12-28T13:37:01+00:00\" \/>\n<meta property=\"article:modified_time\" content=\"2022-12-29T14:31:38+00:00\" \/>\n<meta property=\"og:image\" content=\"https:\/\/novisad2022.rs\/wp-content\/uploads\/2022\/12\/Docek-foto-M.-Pudic-2-rotated.jpg\" \/>\n\t<meta property=\"og:image:width\" content=\"1800\" \/>\n\t<meta property=\"og:image:height\" content=\"1200\" \/>\n\t<meta property=\"og:image:type\" content=\"image\/jpeg\" \/>\n<meta name=\"author\" content=\"Jasmina\" \/>\n<meta name=\"twitter:card\" content=\"summary_large_image\" \/>\n<meta name=\"twitter:label1\" content=\"Written by\" \/>\n\t<meta name=\"twitter:data1\" content=\"Jasmina\" \/>\n\t<meta name=\"twitter:label2\" content=\"Est. reading time\" \/>\n\t<meta name=\"twitter:data2\" content=\"4 minutes\" \/>\n<script type=\"application\/ld+json\" class=\"yoast-schema-graph\">{\"@context\":\"https:\/\/schema.org\",\"@graph\":[{\"@type\":\"Article\",\"@id\":\"https:\/\/novisad2022.rs\/en\/docek-in-the-suburbium-all-the-details-of-the-celebration-on-31-december\/#article\",\"isPartOf\":{\"@id\":\"https:\/\/novisad2022.rs\/en\/docek-in-the-suburbium-all-the-details-of-the-celebration-on-31-december\/\"},\"author\":{\"name\":\"Jasmina\",\"@id\":\"https:\/\/novisad2022.rs\/en\/#\/schema\/person\/ac5cc999e141a0cc6699aee7c62e6a77\"},\"headline\":\"Do\u010dek in the Suburbium: All the Details of the Celebration on 31 December\",\"datePublished\":\"2022-12-28T13:37:01+00:00\",\"dateModified\":\"2022-12-29T14:31:38+00:00\",\"mainEntityOfPage\":{\"@id\":\"https:\/\/novisad2022.rs\/en\/docek-in-the-suburbium-all-the-details-of-the-celebration-on-31-december\/\"},\"wordCount\":639,\"commentCount\":0,\"image\":{\"@id\":\"https:\/\/novisad2022.rs\/en\/docek-in-the-suburbium-all-the-details-of-the-celebration-on-31-december\/#primaryimage\"},\"thumbnailUrl\":\"https:\/\/novisad2022.rs\/wp-content\/uploads\/2022\/12\/Docek-foto-M.-Pudic-2-rotated.jpg\",\"keywords\":[\"docek\",\"european capital of culture\",\"Novi Sad \u2013 European Capital of Culture\",\"Novi Sad 2022\"],\"articleSection\":[\"News\"],\"inLanguage\":\"en-US\",\"potentialAction\":[{\"@type\":\"CommentAction\",\"name\":\"Comment\",\"target\":[\"https:\/\/novisad2022.rs\/en\/docek-in-the-suburbium-all-the-details-of-the-celebration-on-31-december\/#respond\"]}]},{\"@type\":\"WebPage\",\"@id\":\"https:\/\/novisad2022.rs\/en\/docek-in-the-suburbium-all-the-details-of-the-celebration-on-31-december\/\",\"url\":\"https:\/\/novisad2022.rs\/en\/docek-in-the-suburbium-all-the-details-of-the-celebration-on-31-december\/\",\"name\":\"Do\u010dek in the Suburbium: All the Details of the Celebration on 31 December\",\"isPartOf\":{\"@id\":\"https:\/\/novisad2022.rs\/en\/#website\"},\"primaryImageOfPage\":{\"@id\":\"https:\/\/novisad2022.rs\/en\/docek-in-the-suburbium-all-the-details-of-the-celebration-on-31-december\/#primaryimage\"},\"image\":{\"@id\":\"https:\/\/novisad2022.rs\/en\/docek-in-the-suburbium-all-the-details-of-the-celebration-on-31-december\/#primaryimage\"},\"thumbnailUrl\":\"https:\/\/novisad2022.rs\/wp-content\/uploads\/2022\/12\/Docek-foto-M.-Pudic-2-rotated.jpg\",\"datePublished\":\"2022-12-28T13:37:01+00:00\",\"dateModified\":\"2022-12-29T14:31:38+00:00\",\"author\":{\"@id\":\"https:\/\/novisad2022.rs\/en\/#\/schema\/person\/ac5cc999e141a0cc6699aee7c62e6a77\"},\"description\":\"Admission to all the programmes on 31 December in the Suburbium of the Petrovaradin Fortress is free, and there will be drink and food stands for visitors in the Suburbium.\",\"breadcrumb\":{\"@id\":\"https:\/\/novisad2022.rs\/en\/docek-in-the-suburbium-all-the-details-of-the-celebration-on-31-december\/#breadcrumb\"},\"inLanguage\":\"en-US\",\"potentialAction\":[{\"@type\":\"ReadAction\",\"target\":[\"https:\/\/novisad2022.rs\/en\/docek-in-the-suburbium-all-the-details-of-the-celebration-on-31-december\/\"]}]},{\"@type\":\"ImageObject\",\"inLanguage\":\"en-US\",\"@id\":\"https:\/\/novisad2022.rs\/en\/docek-in-the-suburbium-all-the-details-of-the-celebration-on-31-december\/#primaryimage\",\"url\":\"https:\/\/novisad2022.rs\/wp-content\/uploads\/2022\/12\/Docek-foto-M.-Pudic-2-rotated.jpg\",\"contentUrl\":\"https:\/\/novisad2022.rs\/wp-content\/uploads\/2022\/12\/Docek-foto-M.-Pudic-2-rotated.jpg\",\"width\":1800,\"height\":1200},{\"@type\":\"BreadcrumbList\",\"@id\":\"https:\/\/novisad2022.rs\/en\/docek-in-the-suburbium-all-the-details-of-the-celebration-on-31-december\/#breadcrumb\",\"itemListElement\":[{\"@type\":\"ListItem\",\"position\":1,\"name\":\"\u041f\u043e\u0447\u0435\u0442\u043d\u0430\",\"item\":\"https:\/\/novisad2022.rs\/en\/home-page\/\"},{\"@type\":\"ListItem\",\"position\":2,\"name\":\"Do\u010dek in the Suburbium: All the Details of the Celebration on 31 December\"}]},{\"@type\":\"WebSite\",\"@id\":\"https:\/\/novisad2022.rs\/en\/#website\",\"url\":\"https:\/\/novisad2022.rs\/en\/\",\"name\":\"Novi Sad 2022\",\"description\":\"European Capital of Culture\",\"potentialAction\":[{\"@type\":\"SearchAction\",\"target\":{\"@type\":\"EntryPoint\",\"urlTemplate\":\"https:\/\/novisad2022.rs\/en\/?s={search_term_string}\"},\"query-input\":{\"@type\":\"PropertyValueSpecification\",\"valueRequired\":true,\"valueName\":\"search_term_string\"}}],\"inLanguage\":\"en-US\"},{\"@type\":\"Person\",\"@id\":\"https:\/\/novisad2022.rs\/en\/#\/schema\/person\/ac5cc999e141a0cc6699aee7c62e6a77\",\"name\":\"Jasmina\",\"image\":{\"@type\":\"ImageObject\",\"inLanguage\":\"en-US\",\"@id\":\"https:\/\/novisad2022.rs\/en\/#\/schema\/person\/image\/\",\"url\":\"https:\/\/secure.gravatar.com\/avatar\/1e299e2f3bd9f7617d41a61a43fc086c80151f6f5c6fa7873322cb5d18af2492?s=96&d=mm&r=g\",\"contentUrl\":\"https:\/\/secure.gravatar.com\/avatar\/1e299e2f3bd9f7617d41a61a43fc086c80151f6f5c6fa7873322cb5d18af2492?s=96&d=mm&r=g\",\"caption\":\"Jasmina\"}}]}<\/script>\n<!-- \/ Yoast SEO plugin. -->","yoast_head_json":{"title":"Do\u010dek in the Suburbium: All the Details of the Celebration on 31 December","description":"Admission to all the programmes on 31 December in the Suburbium of the Petrovaradin Fortress is free, and there will be drink and food stands for visitors in the Suburbium.","robots":{"index":"index","follow":"follow","max-snippet":"max-snippet:-1","max-image-preview":"max-image-preview:large","max-video-preview":"max-video-preview:-1"},"canonical":"https:\/\/novisad2022.rs\/en\/docek-in-the-suburbium-all-the-details-of-the-celebration-on-31-december\/","og_locale":"en_US","og_type":"article","og_title":"Do\u010dek in the Suburbium: All the Details of the Celebration on 31 December","og_description":"Admission to all the programmes on 31 December in the Suburbium of the Petrovaradin Fortress is free, and there will be drink and food stands for visitors in the Suburbium.","og_url":"https:\/\/novisad2022.rs\/en\/docek-in-the-suburbium-all-the-details-of-the-celebration-on-31-december\/","og_site_name":"Novi Sad 2022","article_published_time":"2022-12-28T13:37:01+00:00","article_modified_time":"2022-12-29T14:31:38+00:00","og_image":[{"width":1800,"height":1200,"url":"https:\/\/novisad2022.rs\/wp-content\/uploads\/2022\/12\/Docek-foto-M.-Pudic-2-rotated.jpg","type":"image\/jpeg"}],"author":"Jasmina","twitter_card":"summary_large_image","twitter_misc":{"Written by":"Jasmina","Est. reading time":"4 minutes"},"schema":{"@context":"https:\/\/schema.org","@graph":[{"@type":"Article","@id":"https:\/\/novisad2022.rs\/en\/docek-in-the-suburbium-all-the-details-of-the-celebration-on-31-december\/#article","isPartOf":{"@id":"https:\/\/novisad2022.rs\/en\/docek-in-the-suburbium-all-the-details-of-the-celebration-on-31-december\/"},"author":{"name":"Jasmina","@id":"https:\/\/novisad2022.rs\/en\/#\/schema\/person\/ac5cc999e141a0cc6699aee7c62e6a77"},"headline":"Do\u010dek in the Suburbium: All the Details of the Celebration on 31 December","datePublished":"2022-12-28T13:37:01+00:00","dateModified":"2022-12-29T14:31:38+00:00","mainEntityOfPage":{"@id":"https:\/\/novisad2022.rs\/en\/docek-in-the-suburbium-all-the-details-of-the-celebration-on-31-december\/"},"wordCount":639,"commentCount":0,"image":{"@id":"https:\/\/novisad2022.rs\/en\/docek-in-the-suburbium-all-the-details-of-the-celebration-on-31-december\/#primaryimage"},"thumbnailUrl":"https:\/\/novisad2022.rs\/wp-content\/uploads\/2022\/12\/Docek-foto-M.-Pudic-2-rotated.jpg","keywords":["docek","european capital of culture","Novi Sad \u2013 European Capital of Culture","Novi Sad 2022"],"articleSection":["News"],"inLanguage":"en-US","potentialAction":[{"@type":"CommentAction","name":"Comment","target":["https:\/\/novisad2022.rs\/en\/docek-in-the-suburbium-all-the-details-of-the-celebration-on-31-december\/#respond"]}]},{"@type":"WebPage","@id":"https:\/\/novisad2022.rs\/en\/docek-in-the-suburbium-all-the-details-of-the-celebration-on-31-december\/","url":"https:\/\/novisad2022.rs\/en\/docek-in-the-suburbium-all-the-details-of-the-celebration-on-31-december\/","name":"Do\u010dek in the Suburbium: All the Details of the Celebration on 31 December","isPartOf":{"@id":"https:\/\/novisad2022.rs\/en\/#website"},"primaryImageOfPage":{"@id":"https:\/\/novisad2022.rs\/en\/docek-in-the-suburbium-all-the-details-of-the-celebration-on-31-december\/#primaryimage"},"image":{"@id":"https:\/\/novisad2022.rs\/en\/docek-in-the-suburbium-all-the-details-of-the-celebration-on-31-december\/#primaryimage"},"thumbnailUrl":"https:\/\/novisad2022.rs\/wp-content\/uploads\/2022\/12\/Docek-foto-M.-Pudic-2-rotated.jpg","datePublished":"2022-12-28T13:37:01+00:00","dateModified":"2022-12-29T14:31:38+00:00","author":{"@id":"https:\/\/novisad2022.rs\/en\/#\/schema\/person\/ac5cc999e141a0cc6699aee7c62e6a77"},"description":"Admission to all the programmes on 31 December in the Suburbium of the Petrovaradin Fortress is free, and there will be drink and food stands for visitors in the Suburbium.","breadcrumb":{"@id":"https:\/\/novisad2022.rs\/en\/docek-in-the-suburbium-all-the-details-of-the-celebration-on-31-december\/#breadcrumb"},"inLanguage":"en-US","potentialAction":[{"@type":"ReadAction","target":["https:\/\/novisad2022.rs\/en\/docek-in-the-suburbium-all-the-details-of-the-celebration-on-31-december\/"]}]},{"@type":"ImageObject","inLanguage":"en-US","@id":"https:\/\/novisad2022.rs\/en\/docek-in-the-suburbium-all-the-details-of-the-celebration-on-31-december\/#primaryimage","url":"https:\/\/novisad2022.rs\/wp-content\/uploads\/2022\/12\/Docek-foto-M.-Pudic-2-rotated.jpg","contentUrl":"https:\/\/novisad2022.rs\/wp-content\/uploads\/2022\/12\/Docek-foto-M.-Pudic-2-rotated.jpg","width":1800,"height":1200},{"@type":"BreadcrumbList","@id":"https:\/\/novisad2022.rs\/en\/docek-in-the-suburbium-all-the-details-of-the-celebration-on-31-december\/#breadcrumb","itemListElement":[{"@type":"ListItem","position":1,"name":"\u041f\u043e\u0447\u0435\u0442\u043d\u0430","item":"https:\/\/novisad2022.rs\/en\/home-page\/"},{"@type":"ListItem","position":2,"name":"Do\u010dek in the Suburbium: All the Details of the Celebration on 31 December"}]},{"@type":"WebSite","@id":"https:\/\/novisad2022.rs\/en\/#website","url":"https:\/\/novisad2022.rs\/en\/","name":"Novi Sad 2022","description":"European Capital of Culture","potentialAction":[{"@type":"SearchAction","target":{"@type":"EntryPoint","urlTemplate":"https:\/\/novisad2022.rs\/en\/?s={search_term_string}"},"query-input":{"@type":"PropertyValueSpecification","valueRequired":true,"valueName":"search_term_string"}}],"inLanguage":"en-US"},{"@type":"Person","@id":"https:\/\/novisad2022.rs\/en\/#\/schema\/person\/ac5cc999e141a0cc6699aee7c62e6a77","name":"Jasmina","image":{"@type":"ImageObject","inLanguage":"en-US","@id":"https:\/\/novisad2022.rs\/en\/#\/schema\/person\/image\/","url":"https:\/\/secure.gravatar.com\/avatar\/1e299e2f3bd9f7617d41a61a43fc086c80151f6f5c6fa7873322cb5d18af2492?s=96&d=mm&r=g","contentUrl":"https:\/\/secure.gravatar.com\/avatar\/1e299e2f3bd9f7617d41a61a43fc086c80151f6f5c6fa7873322cb5d18af2492?s=96&d=mm&r=g","caption":"Jasmina"}}]}},"_links":{"self":[{"href":"https:\/\/novisad2022.rs\/en\/wp-json\/wp\/v2\/posts\/30106","targetHints":{"allow":["GET"]}}],"collection":[{"href":"https:\/\/novisad2022.rs\/en\/wp-json\/wp\/v2\/posts"}],"about":[{"href":"https:\/\/novisad2022.rs\/en\/wp-json\/wp\/v2\/types\/post"}],"author":[{"embeddable":true,"href":"https:\/\/novisad2022.rs\/en\/wp-json\/wp\/v2\/users\/8"}],"replies":[{"embeddable":true,"href":"https:\/\/novisad2022.rs\/en\/wp-json\/wp\/v2\/comments?post=30106"}],"version-history":[{"count":2,"href":"https:\/\/novisad2022.rs\/en\/wp-json\/wp\/v2\/posts\/30106\/revisions"}],"predecessor-version":[{"id":30167,"href":"https:\/\/novisad2022.rs\/en\/wp-json\/wp\/v2\/posts\/30106\/revisions\/30167"}],"wp:featuredmedia":[{"embeddable":true,"href":"https:\/\/novisad2022.rs\/en\/wp-json\/wp\/v2\/media\/30087"}],"wp:attachment":[{"href":"https:\/\/novisad2022.rs\/en\/wp-json\/wp\/v2\/media?parent=30106"}],"wp:term":[{"taxonomy":"category","embeddable":true,"href":"https:\/\/novisad2022.rs\/en\/wp-json\/wp\/v2\/categories?post=30106"},{"taxonomy":"post_tag","embeddable":true,"href":"https:\/\/novisad2022.rs\/en\/wp-json\/wp\/v2\/tags?post=30106"}],"curies":[{"name":"wp","href":"https:\/\/api.w.org\/{rel}","templated":true}]}}