{"id":30530,"date":"2023-01-23T12:07:05","date_gmt":"2023-01-23T11:07:05","guid":{"rendered":"https:\/\/novisad2022.rs\/?p=30530"},"modified":"2023-01-24T12:19:36","modified_gmt":"2023-01-24T11:19:36","slug":"the-exhibition-of-all-works-from-the-call-for-the-most-significant-memorial-project-in-novi-sad","status":"publish","type":"post","link":"https:\/\/novisad2022.rs\/en\/the-exhibition-of-all-works-from-the-call-for-the-most-significant-memorial-project-in-novi-sad\/","title":{"rendered":"The Exhibition of All Works from the Call for the Most Significant Memorial Project in Novi Sad"},"content":{"rendered":"<p><strong>At the call for the Memorial Centre, the most significant memorial project in Novi Sad, the solution of the \u2018Spring Studio\u2019 project team was chosen, which, along with all the other submitted works, will be presented as part of the exhibition in the District, from Monday, 23 January, on the occasion of the 81<sup>st<\/sup> anniversary of the Novi Sad raid.<\/strong><\/p>\n<p>The Memorial Centre will be one of the most significant legacy projects of the \u2018Novi Sad \u2013 European Capital of Culture\u2019, together with all processes preceding it, which were set as new practices of approach in architecture.<\/p>\n<p>\u2018Novi Sad is one of the few European Capitals of Culture that has devoted itself equally to places, as well as programmes, and most importantly \u2013 processes, which have become the foundations for new practices. In cooperation with relevant experts, but also by inviting citizens to get involved, we changed the approach from the micro level first, within the <em>New Places \u2013 Microgranting<\/em> call and the arrangement of small urban places, then through the renovation and revitalisation of facilities, such as cultural stations and the District, up to extremely complex projects such as the Memorial Centre, which has multiple significance. The processes that led to all of that, the call, and finally, the exhibition that presents all the submitted works to the public, are legacies that should outlive the European Capital of Culture project itself and, I hope, further develop both quantitatively and qualitatively,\u2019 said Nemanja Milenkovi\u0107, the CEO of the \u2018Novi Sad \u2013 European Capital of Culture\u2019 Foundation.<\/p>\n<div id='gallery-1' class='gallery galleryid-30530 gallery-columns-2 gallery-size-full'><figure class='gallery-item'>\r\n\t\t\t<div class='gallery-icon landscape'>\r\n\t\t\t\t<a href='https:\/\/novisad2022.rs\/en\/the-exhibition-of-all-works-from-the-call-for-the-most-significant-memorial-project-in-novi-sad\/viber_image_2023-01-20_12-30-16-155-4\/'><img fetchpriority=\"high\" decoding=\"async\" width=\"1600\" height=\"758\" src=\"https:\/\/novisad2022.rs\/wp-content\/uploads\/2023\/01\/viber_image_2023-01-20_12-30-16-155-3.jpg\" class=\"attachment-full size-full\" alt=\"\" srcset=\"https:\/\/novisad2022.rs\/wp-content\/uploads\/2023\/01\/viber_image_2023-01-20_12-30-16-155-3.jpg 1600w, https:\/\/novisad2022.rs\/wp-content\/uploads\/2023\/01\/viber_image_2023-01-20_12-30-16-155-3-300x142.jpg 300w, https:\/\/novisad2022.rs\/wp-content\/uploads\/2023\/01\/viber_image_2023-01-20_12-30-16-155-3-1024x485.jpg 1024w, https:\/\/novisad2022.rs\/wp-content\/uploads\/2023\/01\/viber_image_2023-01-20_12-30-16-155-3-768x364.jpg 768w, https:\/\/novisad2022.rs\/wp-content\/uploads\/2023\/01\/viber_image_2023-01-20_12-30-16-155-3-1536x728.jpg 1536w\" sizes=\"(max-width: 1600px) 100vw, 1600px\" \/><\/a>\r\n\t\t\t<\/div><\/figure><figure class='gallery-item'>\r\n\t\t\t<div class='gallery-icon landscape'>\r\n\t\t\t\t<a href='https:\/\/novisad2022.rs\/en\/the-exhibition-of-all-works-from-the-call-for-the-most-significant-memorial-project-in-novi-sad\/web-capture_26-12-2022_112720_-4\/'><img decoding=\"async\" width=\"1315\" height=\"623\" src=\"https:\/\/novisad2022.rs\/wp-content\/uploads\/2023\/01\/Web-capture_26-12-2022_112720_-2.jpeg\" class=\"attachment-full size-full\" alt=\"\" srcset=\"https:\/\/novisad2022.rs\/wp-content\/uploads\/2023\/01\/Web-capture_26-12-2022_112720_-2.jpeg 1315w, https:\/\/novisad2022.rs\/wp-content\/uploads\/2023\/01\/Web-capture_26-12-2022_112720_-2-300x142.jpeg 300w, https:\/\/novisad2022.rs\/wp-content\/uploads\/2023\/01\/Web-capture_26-12-2022_112720_-2-1024x485.jpeg 1024w, https:\/\/novisad2022.rs\/wp-content\/uploads\/2023\/01\/Web-capture_26-12-2022_112720_-2-768x364.jpeg 768w\" sizes=\"(max-width: 1315px) 100vw, 1315px\" \/><\/a>\r\n\t\t\t<\/div><\/figure>\r\n\t\t<\/div>\n\n<p>The expert jury, including the most recognised representatives \u2013 architects, historians, representatives of the Eparchy of Ba\u010dka and the Jewish Municipality, decided to award the prize to the second-placed solution, which stands out as the most thoughtful and qualitatively successful. The jury unequivocally agreed that the solution deserves further attention and that it should enter the process of further development and final implementation with some refinements based on the guidelines given in the explanation. In addition to this, the expert jury handed out three third prizes.<\/p>\n<div id='gallery-2' class='gallery galleryid-30530 gallery-columns-3 gallery-size-full'><figure class='gallery-item'>\r\n\t\t\t<div class='gallery-icon landscape'>\r\n\t\t\t\t<a href='https:\/\/novisad2022.rs\/en\/the-exhibition-of-all-works-from-the-call-for-the-most-significant-memorial-project-in-novi-sad\/1_plakati-min-7\/'><img decoding=\"async\" width=\"1500\" height=\"1094\" src=\"https:\/\/novisad2022.rs\/wp-content\/uploads\/2023\/01\/1_PLAKATI-min-6.jpg\" class=\"attachment-full size-full\" alt=\"\" srcset=\"https:\/\/novisad2022.rs\/wp-content\/uploads\/2023\/01\/1_PLAKATI-min-6.jpg 1500w, https:\/\/novisad2022.rs\/wp-content\/uploads\/2023\/01\/1_PLAKATI-min-6-300x219.jpg 300w, https:\/\/novisad2022.rs\/wp-content\/uploads\/2023\/01\/1_PLAKATI-min-6-1024x747.jpg 1024w, https:\/\/novisad2022.rs\/wp-content\/uploads\/2023\/01\/1_PLAKATI-min-6-768x560.jpg 768w\" sizes=\"(max-width: 1500px) 100vw, 1500px\" \/><\/a>\r\n\t\t\t<\/div><\/figure><figure class='gallery-item'>\r\n\t\t\t<div class='gallery-icon landscape'>\r\n\t\t\t\t<a href='https:\/\/novisad2022.rs\/en\/the-exhibition-of-all-works-from-the-call-for-the-most-significant-memorial-project-in-novi-sad\/6_plakati-min-4\/'><img loading=\"lazy\" decoding=\"async\" width=\"2508\" height=\"1829\" src=\"https:\/\/novisad2022.rs\/wp-content\/uploads\/2023\/01\/6_PLAKATI-min-3.jpg\" class=\"attachment-full size-full\" alt=\"\" srcset=\"https:\/\/novisad2022.rs\/wp-content\/uploads\/2023\/01\/6_PLAKATI-min-3.jpg 2508w, https:\/\/novisad2022.rs\/wp-content\/uploads\/2023\/01\/6_PLAKATI-min-3-300x219.jpg 300w, https:\/\/novisad2022.rs\/wp-content\/uploads\/2023\/01\/6_PLAKATI-min-3-1024x747.jpg 1024w, https:\/\/novisad2022.rs\/wp-content\/uploads\/2023\/01\/6_PLAKATI-min-3-768x560.jpg 768w, https:\/\/novisad2022.rs\/wp-content\/uploads\/2023\/01\/6_PLAKATI-min-3-1536x1120.jpg 1536w, https:\/\/novisad2022.rs\/wp-content\/uploads\/2023\/01\/6_PLAKATI-min-3-2048x1494.jpg 2048w\" sizes=\"(max-width: 2508px) 100vw, 2508px\" \/><\/a>\r\n\t\t\t<\/div><\/figure><figure class='gallery-item'>\r\n\t\t\t<div class='gallery-icon landscape'>\r\n\t\t\t\t<a href='https:\/\/novisad2022.rs\/en\/the-exhibition-of-all-works-from-the-call-for-the-most-significant-memorial-project-in-novi-sad\/8_plakati-min-5\/'><img loading=\"lazy\" decoding=\"async\" width=\"2508\" height=\"1829\" src=\"https:\/\/novisad2022.rs\/wp-content\/uploads\/2023\/01\/8_PLAKATI-min-4.jpg\" class=\"attachment-full size-full\" alt=\"\" srcset=\"https:\/\/novisad2022.rs\/wp-content\/uploads\/2023\/01\/8_PLAKATI-min-4.jpg 2508w, https:\/\/novisad2022.rs\/wp-content\/uploads\/2023\/01\/8_PLAKATI-min-4-300x219.jpg 300w, https:\/\/novisad2022.rs\/wp-content\/uploads\/2023\/01\/8_PLAKATI-min-4-1024x747.jpg 1024w, https:\/\/novisad2022.rs\/wp-content\/uploads\/2023\/01\/8_PLAKATI-min-4-768x560.jpg 768w, https:\/\/novisad2022.rs\/wp-content\/uploads\/2023\/01\/8_PLAKATI-min-4-1536x1120.jpg 1536w, https:\/\/novisad2022.rs\/wp-content\/uploads\/2023\/01\/8_PLAKATI-min-4-2048x1494.jpg 2048w\" sizes=\"(max-width: 2508px) 100vw, 2508px\" \/><\/a>\r\n\t\t\t<\/div><\/figure>\r\n\t\t<\/div>\n\n<p>The jury, chaired by Vladan \u0110oki\u0107, PhD, decided upon the winning urban-architectural solution. Academician Branislav Mitrovi\u0107, PhD of Arts and graduate architect Monika Bilbija, and architects Du\u0161an Miladinovi\u0107 and Du\u0161an Stevanovi\u0107 helped the Dean of the Belgrade Faculty of Architecture in the decision-making process. The expert jury also included Gordana Petkovi\u0107, PhD, and Petar \u0110ur\u0111ev, as well as the representatives of the Eparchy of Ba\u010dka and the Jewish Municipality, protoiereus Vladan D. Simi\u0107 and Ladislav Trajer. The team for further coordination of activities on the project of the future Memorial Centre was formed by the City of Novi Sad in cooperation with the Eparchy of Ba\u010dka and the \u2018Novi Sad \u2013 European Capital of Culture\u2019 Foundation.<\/p>\n<p>The \u2018Studio Spring\u2019 project team included Maja Dragi\u0161i\u0107, B. Eng. in Arch., Milan Bo\u017ei\u0107, B. Eng. in Arch., Milica Milosavljevi\u0107, MSc in Arch. and Divna Babovi\u0107, B. in LA., with the project team including Katarina Crljenica, B. Eng. in Arch., Aleksandar Bojani\u0107, B. Eng. in Arch., and Tamara Koneska, MSc in Arch.<\/p>\n<p><strong>The exhibition of works submitted to the urban-architectural call for the Memorial Centre will be open from Monday, 23 January, to Sunday, 29 January, and you can see the submitted works <a href=\"https:\/\/novisad2022.rs\/en\/gallery-of-works-from-the-call-for-the-memorial-centre\/\">on our website<\/a>.<\/strong><\/p>\n<p>Within the Memorial Centre complex, three spatial and programme units are planned to be implemented \u2013 the Memorial Centre building, the Memorial Park, as well as the accompanying landscaping of the ground floor and traffic area, which will round off the space of the District in an urbanistic sense, telling the authentic story about Novi Sad from the 20<sup>th<\/sup> century and the beginning of the 21<sup>st<\/sup> century.<\/p>\n<p>The Memorial Centre is dedicated to all innocent victims of the Pogrom in South Ba\u010dka during January 1942.<\/p>\n<p>You can find more details and an explanation about the results of the urban-architectural call <strong><a href=\"https:\/\/novisad2022.rs\/wp-content\/uploads\/2022\/12\/Izvestaj-zirija_URBANISTICKO-ARHITEKTONSKI-KONKURS-KOMPLEKS-MEMORIJALNOG-CENTRA-ZRTAVA-POGROMA-U-BACKOJ.pdf\">on our website<\/a><\/strong>.<\/p>","protected":false},"excerpt":{"rendered":"<p>At the call for the Memorial Centre, the most significant memorial project in Novi Sad, the solution of the \u2018Spring Studio\u2019 project team was chosen, which, along with all the other submitted works, will be presented as part of the exhibition in the District, from Monday, 23 January, on the occasion of the 81st anniversary [&hellip;]<\/p>\n","protected":false},"author":8,"featured_media":30442,"comment_status":"open","ping_status":"open","sticky":false,"template":"","format":"standard","meta":{"site-sidebar-layout":"default","site-content-layout":"default","ast-site-content-layout":"default","site-content-style":"default","site-sidebar-style":"default","ast-global-header-display":"","ast-banner-title-visibility":"","ast-main-header-display":"","ast-hfb-above-header-display":"","ast-hfb-below-header-display":"","ast-hfb-mobile-header-display":"","site-post-title":"","ast-breadcrumbs-content":"","ast-featured-img":"","footer-sml-layout":"","ast-disable-related-posts":"","theme-transparent-header-meta":"default","adv-header-id-meta":"","stick-header-meta":"","header-above-stick-meta":"","header-main-stick-meta":"","header-below-stick-meta":"","astra-migrate-meta-layouts":"default","ast-page-background-enabled":"default","ast-page-background-meta":{"desktop":{"background-color":"","background-image":"","background-repeat":"repeat","background-position":"center center","background-size":"auto","background-attachment":"scroll","background-type":"","background-media":"","overlay-type":"","overlay-color":"","overlay-opacity":"","overlay-gradient":""},"tablet":{"background-color":"","background-image":"","background-repeat":"repeat","background-position":"center center","background-size":"auto","background-attachment":"scroll","background-type":"","background-media":"","overlay-type":"","overlay-color":"","overlay-opacity":"","overlay-gradient":""},"mobile":{"background-color":"","background-image":"","background-repeat":"repeat","background-position":"center center","background-size":"auto","background-attachment":"scroll","background-type":"","background-media":"","overlay-type":"","overlay-color":"","overlay-opacity":"","overlay-gradient":""}},"ast-content-background-meta":{"desktop":{"background-color":"var(--ast-global-color-5)","background-image":"","background-repeat":"repeat","background-position":"center center","background-size":"auto","background-attachment":"scroll","background-type":"","background-media":"","overlay-type":"","overlay-color":"","overlay-opacity":"","overlay-gradient":""},"tablet":{"background-color":"var(--ast-global-color-5)","background-image":"","background-repeat":"repeat","background-position":"center center","background-size":"auto","background-attachment":"scroll","background-type":"","background-media":"","overlay-type":"","overlay-color":"","overlay-opacity":"","overlay-gradient":""},"mobile":{"background-color":"var(--ast-global-color-5)","background-image":"","background-repeat":"repeat","background-position":"center center","background-size":"auto","background-attachment":"scroll","background-type":"","background-media":"","overlay-type":"","overlay-color":"","overlay-opacity":"","overlay-gradient":""}},"footnotes":""},"categories":[70],"tags":[2596,2249],"class_list":["post-30530","post","type-post","status-publish","format-standard","has-post-thumbnail","hentry","category-news","tag-creative-district","tag-novi-sad-2022"],"yoast_head":"<!-- This site is optimized with the Yoast SEO plugin v27.0 - https:\/\/yoast.com\/product\/yoast-seo-wordpress\/ -->\n<title>The Exhibition of All Works from the Call for the Most Significant Memorial Project in Novi Sad<\/title>\n<meta name=\"description\" content=\"The solution has been chosen at the call for the Memorial Centre, which will be presented at the exhibition in the District, among other works that came in.\" \/>\n<meta name=\"robots\" content=\"index, follow, max-snippet:-1, max-image-preview:large, max-video-preview:-1\" \/>\n<link rel=\"canonical\" href=\"https:\/\/novisad2022.rs\/en\/the-exhibition-of-all-works-from-the-call-for-the-most-significant-memorial-project-in-novi-sad\/\" \/>\n<meta property=\"og:locale\" content=\"en_US\" \/>\n<meta property=\"og:type\" content=\"article\" \/>\n<meta property=\"og:title\" content=\"The Exhibition of All Works from the Call for the Most Significant Memorial Project in Novi Sad\" \/>\n<meta property=\"og:description\" content=\"The solution has been chosen at the call for the Memorial Centre, which will be presented at the exhibition in the District, among other works that came in.\" \/>\n<meta property=\"og:url\" content=\"https:\/\/novisad2022.rs\/en\/the-exhibition-of-all-works-from-the-call-for-the-most-significant-memorial-project-in-novi-sad\/\" \/>\n<meta property=\"og:site_name\" content=\"Novi Sad 2022\" \/>\n<meta property=\"article:published_time\" content=\"2023-01-23T11:07:05+00:00\" \/>\n<meta property=\"article:modified_time\" content=\"2023-01-24T11:19:36+00:00\" \/>\n<meta property=\"og:image\" content=\"https:\/\/novisad2022.rs\/wp-content\/uploads\/2023\/01\/viber_image_2023-01-20_12-30-16-155.jpg\" \/>\n\t<meta property=\"og:image:width\" content=\"1600\" \/>\n\t<meta property=\"og:image:height\" content=\"758\" \/>\n\t<meta property=\"og:image:type\" content=\"image\/jpeg\" \/>\n<meta name=\"author\" content=\"Jasmina\" \/>\n<meta name=\"twitter:card\" content=\"summary_large_image\" \/>\n<meta name=\"twitter:label1\" content=\"Written by\" \/>\n\t<meta name=\"twitter:data1\" content=\"Jasmina\" \/>\n\t<meta name=\"twitter:label2\" content=\"Est. reading time\" \/>\n\t<meta name=\"twitter:data2\" content=\"3 minutes\" \/>\n<script type=\"application\/ld+json\" class=\"yoast-schema-graph\">{\"@context\":\"https:\/\/schema.org\",\"@graph\":[{\"@type\":\"Article\",\"@id\":\"https:\/\/novisad2022.rs\/en\/the-exhibition-of-all-works-from-the-call-for-the-most-significant-memorial-project-in-novi-sad\/#article\",\"isPartOf\":{\"@id\":\"https:\/\/novisad2022.rs\/en\/the-exhibition-of-all-works-from-the-call-for-the-most-significant-memorial-project-in-novi-sad\/\"},\"author\":{\"name\":\"Jasmina\",\"@id\":\"https:\/\/novisad2022.rs\/en\/#\/schema\/person\/ac5cc999e141a0cc6699aee7c62e6a77\"},\"headline\":\"The Exhibition of All Works from the Call for the Most Significant Memorial Project in Novi Sad\",\"datePublished\":\"2023-01-23T11:07:05+00:00\",\"dateModified\":\"2023-01-24T11:19:36+00:00\",\"mainEntityOfPage\":{\"@id\":\"https:\/\/novisad2022.rs\/en\/the-exhibition-of-all-works-from-the-call-for-the-most-significant-memorial-project-in-novi-sad\/\"},\"wordCount\":671,\"commentCount\":0,\"image\":{\"@id\":\"https:\/\/novisad2022.rs\/en\/the-exhibition-of-all-works-from-the-call-for-the-most-significant-memorial-project-in-novi-sad\/#primaryimage\"},\"thumbnailUrl\":\"https:\/\/novisad2022.rs\/wp-content\/uploads\/2023\/01\/viber_image_2023-01-20_12-30-16-155.jpg\",\"keywords\":[\"Creative District\",\"Novi Sad 2022\"],\"articleSection\":[\"News\"],\"inLanguage\":\"en-US\",\"potentialAction\":[{\"@type\":\"CommentAction\",\"name\":\"Comment\",\"target\":[\"https:\/\/novisad2022.rs\/en\/the-exhibition-of-all-works-from-the-call-for-the-most-significant-memorial-project-in-novi-sad\/#respond\"]}]},{\"@type\":\"WebPage\",\"@id\":\"https:\/\/novisad2022.rs\/en\/the-exhibition-of-all-works-from-the-call-for-the-most-significant-memorial-project-in-novi-sad\/\",\"url\":\"https:\/\/novisad2022.rs\/en\/the-exhibition-of-all-works-from-the-call-for-the-most-significant-memorial-project-in-novi-sad\/\",\"name\":\"The Exhibition of All Works from the Call for the Most Significant Memorial Project in Novi Sad\",\"isPartOf\":{\"@id\":\"https:\/\/novisad2022.rs\/en\/#website\"},\"primaryImageOfPage\":{\"@id\":\"https:\/\/novisad2022.rs\/en\/the-exhibition-of-all-works-from-the-call-for-the-most-significant-memorial-project-in-novi-sad\/#primaryimage\"},\"image\":{\"@id\":\"https:\/\/novisad2022.rs\/en\/the-exhibition-of-all-works-from-the-call-for-the-most-significant-memorial-project-in-novi-sad\/#primaryimage\"},\"thumbnailUrl\":\"https:\/\/novisad2022.rs\/wp-content\/uploads\/2023\/01\/viber_image_2023-01-20_12-30-16-155.jpg\",\"datePublished\":\"2023-01-23T11:07:05+00:00\",\"dateModified\":\"2023-01-24T11:19:36+00:00\",\"author\":{\"@id\":\"https:\/\/novisad2022.rs\/en\/#\/schema\/person\/ac5cc999e141a0cc6699aee7c62e6a77\"},\"description\":\"The solution has been chosen at the call for the Memorial Centre, which will be presented at the exhibition in the District, among other works that came in.\",\"breadcrumb\":{\"@id\":\"https:\/\/novisad2022.rs\/en\/the-exhibition-of-all-works-from-the-call-for-the-most-significant-memorial-project-in-novi-sad\/#breadcrumb\"},\"inLanguage\":\"en-US\",\"potentialAction\":[{\"@type\":\"ReadAction\",\"target\":[\"https:\/\/novisad2022.rs\/en\/the-exhibition-of-all-works-from-the-call-for-the-most-significant-memorial-project-in-novi-sad\/\"]}]},{\"@type\":\"ImageObject\",\"inLanguage\":\"en-US\",\"@id\":\"https:\/\/novisad2022.rs\/en\/the-exhibition-of-all-works-from-the-call-for-the-most-significant-memorial-project-in-novi-sad\/#primaryimage\",\"url\":\"https:\/\/novisad2022.rs\/wp-content\/uploads\/2023\/01\/viber_image_2023-01-20_12-30-16-155.jpg\",\"contentUrl\":\"https:\/\/novisad2022.rs\/wp-content\/uploads\/2023\/01\/viber_image_2023-01-20_12-30-16-155.jpg\",\"width\":1600,\"height\":758},{\"@type\":\"BreadcrumbList\",\"@id\":\"https:\/\/novisad2022.rs\/en\/the-exhibition-of-all-works-from-the-call-for-the-most-significant-memorial-project-in-novi-sad\/#breadcrumb\",\"itemListElement\":[{\"@type\":\"ListItem\",\"position\":1,\"name\":\"\u041f\u043e\u0447\u0435\u0442\u043d\u0430\",\"item\":\"https:\/\/novisad2022.rs\/en\/home-page\/\"},{\"@type\":\"ListItem\",\"position\":2,\"name\":\"The Exhibition of All Works from the Call for the Most Significant Memorial Project in Novi Sad\"}]},{\"@type\":\"WebSite\",\"@id\":\"https:\/\/novisad2022.rs\/en\/#website\",\"url\":\"https:\/\/novisad2022.rs\/en\/\",\"name\":\"Novi Sad 2022\",\"description\":\"European Capital of Culture\",\"potentialAction\":[{\"@type\":\"SearchAction\",\"target\":{\"@type\":\"EntryPoint\",\"urlTemplate\":\"https:\/\/novisad2022.rs\/en\/?s={search_term_string}\"},\"query-input\":{\"@type\":\"PropertyValueSpecification\",\"valueRequired\":true,\"valueName\":\"search_term_string\"}}],\"inLanguage\":\"en-US\"},{\"@type\":\"Person\",\"@id\":\"https:\/\/novisad2022.rs\/en\/#\/schema\/person\/ac5cc999e141a0cc6699aee7c62e6a77\",\"name\":\"Jasmina\",\"image\":{\"@type\":\"ImageObject\",\"inLanguage\":\"en-US\",\"@id\":\"https:\/\/novisad2022.rs\/en\/#\/schema\/person\/image\/\",\"url\":\"https:\/\/secure.gravatar.com\/avatar\/1e299e2f3bd9f7617d41a61a43fc086c80151f6f5c6fa7873322cb5d18af2492?s=96&d=mm&r=g\",\"contentUrl\":\"https:\/\/secure.gravatar.com\/avatar\/1e299e2f3bd9f7617d41a61a43fc086c80151f6f5c6fa7873322cb5d18af2492?s=96&d=mm&r=g\",\"caption\":\"Jasmina\"}}]}<\/script>\n<!-- \/ Yoast SEO plugin. -->","yoast_head_json":{"title":"The Exhibition of All Works from the Call for the Most Significant Memorial Project in Novi Sad","description":"The solution has been chosen at the call for the Memorial Centre, which will be presented at the exhibition in the District, among other works that came in.","robots":{"index":"index","follow":"follow","max-snippet":"max-snippet:-1","max-image-preview":"max-image-preview:large","max-video-preview":"max-video-preview:-1"},"canonical":"https:\/\/novisad2022.rs\/en\/the-exhibition-of-all-works-from-the-call-for-the-most-significant-memorial-project-in-novi-sad\/","og_locale":"en_US","og_type":"article","og_title":"The Exhibition of All Works from the Call for the Most Significant Memorial Project in Novi Sad","og_description":"The solution has been chosen at the call for the Memorial Centre, which will be presented at the exhibition in the District, among other works that came in.","og_url":"https:\/\/novisad2022.rs\/en\/the-exhibition-of-all-works-from-the-call-for-the-most-significant-memorial-project-in-novi-sad\/","og_site_name":"Novi Sad 2022","article_published_time":"2023-01-23T11:07:05+00:00","article_modified_time":"2023-01-24T11:19:36+00:00","og_image":[{"width":1600,"height":758,"url":"https:\/\/novisad2022.rs\/wp-content\/uploads\/2023\/01\/viber_image_2023-01-20_12-30-16-155.jpg","type":"image\/jpeg"}],"author":"Jasmina","twitter_card":"summary_large_image","twitter_misc":{"Written by":"Jasmina","Est. reading time":"3 minutes"},"schema":{"@context":"https:\/\/schema.org","@graph":[{"@type":"Article","@id":"https:\/\/novisad2022.rs\/en\/the-exhibition-of-all-works-from-the-call-for-the-most-significant-memorial-project-in-novi-sad\/#article","isPartOf":{"@id":"https:\/\/novisad2022.rs\/en\/the-exhibition-of-all-works-from-the-call-for-the-most-significant-memorial-project-in-novi-sad\/"},"author":{"name":"Jasmina","@id":"https:\/\/novisad2022.rs\/en\/#\/schema\/person\/ac5cc999e141a0cc6699aee7c62e6a77"},"headline":"The Exhibition of All Works from the Call for the Most Significant Memorial Project in Novi Sad","datePublished":"2023-01-23T11:07:05+00:00","dateModified":"2023-01-24T11:19:36+00:00","mainEntityOfPage":{"@id":"https:\/\/novisad2022.rs\/en\/the-exhibition-of-all-works-from-the-call-for-the-most-significant-memorial-project-in-novi-sad\/"},"wordCount":671,"commentCount":0,"image":{"@id":"https:\/\/novisad2022.rs\/en\/the-exhibition-of-all-works-from-the-call-for-the-most-significant-memorial-project-in-novi-sad\/#primaryimage"},"thumbnailUrl":"https:\/\/novisad2022.rs\/wp-content\/uploads\/2023\/01\/viber_image_2023-01-20_12-30-16-155.jpg","keywords":["Creative District","Novi Sad 2022"],"articleSection":["News"],"inLanguage":"en-US","potentialAction":[{"@type":"CommentAction","name":"Comment","target":["https:\/\/novisad2022.rs\/en\/the-exhibition-of-all-works-from-the-call-for-the-most-significant-memorial-project-in-novi-sad\/#respond"]}]},{"@type":"WebPage","@id":"https:\/\/novisad2022.rs\/en\/the-exhibition-of-all-works-from-the-call-for-the-most-significant-memorial-project-in-novi-sad\/","url":"https:\/\/novisad2022.rs\/en\/the-exhibition-of-all-works-from-the-call-for-the-most-significant-memorial-project-in-novi-sad\/","name":"The Exhibition of All Works from the Call for the Most Significant Memorial Project in Novi Sad","isPartOf":{"@id":"https:\/\/novisad2022.rs\/en\/#website"},"primaryImageOfPage":{"@id":"https:\/\/novisad2022.rs\/en\/the-exhibition-of-all-works-from-the-call-for-the-most-significant-memorial-project-in-novi-sad\/#primaryimage"},"image":{"@id":"https:\/\/novisad2022.rs\/en\/the-exhibition-of-all-works-from-the-call-for-the-most-significant-memorial-project-in-novi-sad\/#primaryimage"},"thumbnailUrl":"https:\/\/novisad2022.rs\/wp-content\/uploads\/2023\/01\/viber_image_2023-01-20_12-30-16-155.jpg","datePublished":"2023-01-23T11:07:05+00:00","dateModified":"2023-01-24T11:19:36+00:00","author":{"@id":"https:\/\/novisad2022.rs\/en\/#\/schema\/person\/ac5cc999e141a0cc6699aee7c62e6a77"},"description":"The solution has been chosen at the call for the Memorial Centre, which will be presented at the exhibition in the District, among other works that came in.","breadcrumb":{"@id":"https:\/\/novisad2022.rs\/en\/the-exhibition-of-all-works-from-the-call-for-the-most-significant-memorial-project-in-novi-sad\/#breadcrumb"},"inLanguage":"en-US","potentialAction":[{"@type":"ReadAction","target":["https:\/\/novisad2022.rs\/en\/the-exhibition-of-all-works-from-the-call-for-the-most-significant-memorial-project-in-novi-sad\/"]}]},{"@type":"ImageObject","inLanguage":"en-US","@id":"https:\/\/novisad2022.rs\/en\/the-exhibition-of-all-works-from-the-call-for-the-most-significant-memorial-project-in-novi-sad\/#primaryimage","url":"https:\/\/novisad2022.rs\/wp-content\/uploads\/2023\/01\/viber_image_2023-01-20_12-30-16-155.jpg","contentUrl":"https:\/\/novisad2022.rs\/wp-content\/uploads\/2023\/01\/viber_image_2023-01-20_12-30-16-155.jpg","width":1600,"height":758},{"@type":"BreadcrumbList","@id":"https:\/\/novisad2022.rs\/en\/the-exhibition-of-all-works-from-the-call-for-the-most-significant-memorial-project-in-novi-sad\/#breadcrumb","itemListElement":[{"@type":"ListItem","position":1,"name":"\u041f\u043e\u0447\u0435\u0442\u043d\u0430","item":"https:\/\/novisad2022.rs\/en\/home-page\/"},{"@type":"ListItem","position":2,"name":"The Exhibition of All Works from the Call for the Most Significant Memorial Project in Novi Sad"}]},{"@type":"WebSite","@id":"https:\/\/novisad2022.rs\/en\/#website","url":"https:\/\/novisad2022.rs\/en\/","name":"Novi Sad 2022","description":"European Capital of Culture","potentialAction":[{"@type":"SearchAction","target":{"@type":"EntryPoint","urlTemplate":"https:\/\/novisad2022.rs\/en\/?s={search_term_string}"},"query-input":{"@type":"PropertyValueSpecification","valueRequired":true,"valueName":"search_term_string"}}],"inLanguage":"en-US"},{"@type":"Person","@id":"https:\/\/novisad2022.rs\/en\/#\/schema\/person\/ac5cc999e141a0cc6699aee7c62e6a77","name":"Jasmina","image":{"@type":"ImageObject","inLanguage":"en-US","@id":"https:\/\/novisad2022.rs\/en\/#\/schema\/person\/image\/","url":"https:\/\/secure.gravatar.com\/avatar\/1e299e2f3bd9f7617d41a61a43fc086c80151f6f5c6fa7873322cb5d18af2492?s=96&d=mm&r=g","contentUrl":"https:\/\/secure.gravatar.com\/avatar\/1e299e2f3bd9f7617d41a61a43fc086c80151f6f5c6fa7873322cb5d18af2492?s=96&d=mm&r=g","caption":"Jasmina"}}]}},"_links":{"self":[{"href":"https:\/\/novisad2022.rs\/en\/wp-json\/wp\/v2\/posts\/30530","targetHints":{"allow":["GET"]}}],"collection":[{"href":"https:\/\/novisad2022.rs\/en\/wp-json\/wp\/v2\/posts"}],"about":[{"href":"https:\/\/novisad2022.rs\/en\/wp-json\/wp\/v2\/types\/post"}],"author":[{"embeddable":true,"href":"https:\/\/novisad2022.rs\/en\/wp-json\/wp\/v2\/users\/8"}],"replies":[{"embeddable":true,"href":"https:\/\/novisad2022.rs\/en\/wp-json\/wp\/v2\/comments?post=30530"}],"version-history":[{"count":4,"href":"https:\/\/novisad2022.rs\/en\/wp-json\/wp\/v2\/posts\/30530\/revisions"}],"predecessor-version":[{"id":30575,"href":"https:\/\/novisad2022.rs\/en\/wp-json\/wp\/v2\/posts\/30530\/revisions\/30575"}],"wp:featuredmedia":[{"embeddable":true,"href":"https:\/\/novisad2022.rs\/en\/wp-json\/wp\/v2\/media\/30442"}],"wp:attachment":[{"href":"https:\/\/novisad2022.rs\/en\/wp-json\/wp\/v2\/media?parent=30530"}],"wp:term":[{"taxonomy":"category","embeddable":true,"href":"https:\/\/novisad2022.rs\/en\/wp-json\/wp\/v2\/categories?post=30530"},{"taxonomy":"post_tag","embeddable":true,"href":"https:\/\/novisad2022.rs\/en\/wp-json\/wp\/v2\/tags?post=30530"}],"curies":[{"name":"wp","href":"https:\/\/api.w.org\/{rel}","templated":true}]}}