{"id":33958,"date":"2024-09-06T13:55:50","date_gmt":"2024-09-06T11:55:50","guid":{"rendered":"https:\/\/novisad2022.rs\/?p=33958"},"modified":"2024-09-06T13:56:42","modified_gmt":"2024-09-06T11:56:42","slug":"the-seventh-kaleidoscope-of-culture-is-open-more-than-7000-visitors-at-the-grand-opening","status":"publish","type":"post","link":"https:\/\/novisad2022.rs\/en\/the-seventh-kaleidoscope-of-culture-is-open-more-than-7000-visitors-at-the-grand-opening\/","title":{"rendered":"The Seventh Kaleidoscope of Culture Is Open: More than 7,000 Visitors at the Grand Opening"},"content":{"rendered":"<p>After the grand opening at Korzo, the programme of the seventh Kaleidoscope of Culture continues today with <strong>a week dedicated to applied arts<\/strong>. The programme starts<strong> at 7 p.m<\/strong>. in one of the most significant spaces of the European Capital of Culture \u2013 <strong>the District. During the Applied Arts Week, entrance to the District will only be possible via Despota Stefana Boulevard No. 5, near the Fabrika facility.<\/strong><\/p>\n<p><strong>Due to the Kaleidoscope of Culture programme, a temporary traffic ban on Despota Stefana Boulevard from Dragi\u0161e Bra\u0161ovana Street (Liberty Bridge) to \u0160ekspirova Street is in force. The temporary change in the traffic regime is valid in the period from 6 September from 7 a.m. to 8 September until 1 a.m.<\/strong><\/p>\n<p>On the first evening of the Applied Arts Week, <strong>on Friday, 6 September, at 8:30 p.m.<\/strong>, <strong>a lecture on art and technology<\/strong> will be held in the District by world-renowned artist <strong>Andrew Melchior<\/strong>, who has collaborated with Bj\u00f6rk, David Bowie, and Massive Attack. The following day, <strong>on Saturday, 7 September, at 7 p.m.<\/strong>, Andrew Melchior will also lead an <strong>interactive workshop on innovations in creative media \u2013 <em>&#8216;Harnessing Technology for Storytellin&#8217;<\/em><\/strong>. Additionally, <strong>Andrew Jose<\/strong>, a supreme artist in the global hairstyling industry, will present <strong>two performances<\/strong> with his academy \u2013 <strong><em>&#8216;Inside Out&#8217;<\/em> on 6 September at 7 p.m. and <em>&#8216;Modern Tribes&#8217;<\/em> on 7 September at 8:30 p.m.<\/strong><\/p>\n<p><a href=\"https:\/\/kaleidoskopkulture.com\/en\/kaleidoscope-calendar-applied-arts\/\"><img fetchpriority=\"high\" decoding=\"async\" class=\"alignnone wp-image-12843 size-full\" src=\"https:\/\/kaleidoskopkulture.com\/wp-content\/uploads\/2024\/09\/V.Velickovic-September09-040-2.jpg\" alt=\"\" width=\"2048\" height=\"1365\" \/><\/a><\/p>\n<p>Throughout the Applied Arts Week, two more workshops will take place: <strong>the A61 Weaving School and the <em>&#8216;Together as One&#8217;<\/em> pottery and graphics workshop<\/strong>, both starting <strong>at 7 p.m.<\/strong> The Kulturanova Association will present the interactive project &#8216;<em><strong>Stop-Trick<\/strong>&#8216;,<\/em> introducing visitors to the world of stop-motion animation and multimedia art.<\/p>\n<p><strong>From 7 p.m.<\/strong>, nine exhibitions will be opened: <em>&#8216;<strong>The World of Pavel Surovi: Mira Brtka&#8217;<\/strong><\/em><strong> at SCCNS Fabrika<\/strong>, <em>&#8216;<strong>The Object of Nostalgi<\/strong><\/em><strong><em>a&#8217;<\/em> by \u0160ok Zadruga in the Skladi\u0161te building<\/strong>. In the <strong>Radionica<\/strong> building, the exhibitions <em>&#8216;<strong>Drawing as Thought<\/strong>&#8216;<\/em> by Petar Mirkovi\u0107, Boris Luki\u0107, Tadija Jani\u010di\u0107, and six other artists, <em>&#8216;<strong>Pearl Tiaras KEY by J. Nikadimus \u2013 Jewelry Embroidery the Old Masters<\/strong>\u2019 Meth<\/em><em>od<\/em> <em>&#8216;<strong>Warehouse of Memories<\/strong>&#8216;<\/em> by Aleksandar Dimitrijevi\u0107, and <em>&#8216;<strong>Production (In)finite<\/strong>&#8216; <\/em>\u00a0by Atelje 61 will be opened. At OPENS, there will be an exhibition and fashion show <em>&#8216;<strong>Our Own, Similar, Ecological<\/strong>&#8216;<\/em> by third and fourth-year students of the <em>&#8216;Bogdan \u0160uput&#8217;<\/em> high school, while in the District, an outdoor exhibition <em>&#8216;<strong>Smic. Moving Form \u2013 Body Relations<\/strong>&#8216;<\/em> by the Association of Fine Artists of Vojvodina, as well as the <em>T<strong>erra Centre for Fine and Applied Arts Sculpture Exhibition<\/strong><\/em> and <strong>an exhibition of vintage cars<\/strong>, will take place.<\/p>\n<div id='gallery-1' class='gallery galleryid-33958 gallery-columns-2 gallery-size-full'><figure class='gallery-item'>\r\n\t\t\t<div class='gallery-icon landscape'>\r\n\t\t\t\t<a href='https:\/\/novisad2022.rs\/en\/the-seventh-kaleidoscope-of-culture-is-open-more-than-7000-visitors-at-the-grand-opening\/454762336_820170250226970_8512914555409575026_n-3\/'><img decoding=\"async\" width=\"1080\" height=\"1080\" src=\"https:\/\/novisad2022.rs\/wp-content\/uploads\/2024\/09\/454762336_820170250226970_8512914555409575026_n-2.jpg\" class=\"attachment-full size-full\" alt=\"\" srcset=\"https:\/\/novisad2022.rs\/wp-content\/uploads\/2024\/09\/454762336_820170250226970_8512914555409575026_n-2.jpg 1080w, https:\/\/novisad2022.rs\/wp-content\/uploads\/2024\/09\/454762336_820170250226970_8512914555409575026_n-2-300x300.jpg 300w, https:\/\/novisad2022.rs\/wp-content\/uploads\/2024\/09\/454762336_820170250226970_8512914555409575026_n-2-1024x1024.jpg 1024w, https:\/\/novisad2022.rs\/wp-content\/uploads\/2024\/09\/454762336_820170250226970_8512914555409575026_n-2-150x150.jpg 150w, https:\/\/novisad2022.rs\/wp-content\/uploads\/2024\/09\/454762336_820170250226970_8512914555409575026_n-2-768x768.jpg 768w, https:\/\/novisad2022.rs\/wp-content\/uploads\/2024\/09\/454762336_820170250226970_8512914555409575026_n-2-12x12.jpg 12w\" sizes=\"(max-width: 1080px) 100vw, 1080px\" \/><\/a>\r\n\t\t\t<\/div><\/figure><figure class='gallery-item'>\r\n\t\t\t<div class='gallery-icon landscape'>\r\n\t\t\t\t<a href='https:\/\/novisad2022.rs\/en\/the-seventh-kaleidoscope-of-culture-is-open-more-than-7000-visitors-at-the-grand-opening\/atelje61-1-3\/'><img decoding=\"async\" width=\"1080\" height=\"1080\" src=\"https:\/\/novisad2022.rs\/wp-content\/uploads\/2024\/09\/atelje61-1-2.png\" class=\"attachment-full size-full\" alt=\"\" srcset=\"https:\/\/novisad2022.rs\/wp-content\/uploads\/2024\/09\/atelje61-1-2.png 1080w, https:\/\/novisad2022.rs\/wp-content\/uploads\/2024\/09\/atelje61-1-2-300x300.png 300w, https:\/\/novisad2022.rs\/wp-content\/uploads\/2024\/09\/atelje61-1-2-1024x1024.png 1024w, https:\/\/novisad2022.rs\/wp-content\/uploads\/2024\/09\/atelje61-1-2-150x150.png 150w, https:\/\/novisad2022.rs\/wp-content\/uploads\/2024\/09\/atelje61-1-2-768x768.png 768w, https:\/\/novisad2022.rs\/wp-content\/uploads\/2024\/09\/atelje61-1-2-12x12.png 12w\" sizes=\"(max-width: 1080px) 100vw, 1080px\" \/><\/a>\r\n\t\t\t<\/div><\/figure>\r\n\t\t<\/div>\n\n<p>The musical programme is not forgotten, as six concerts will be held on two stages in the District during the Applied Arts Week. On the first evening, Friday, 6 September, performances will include <strong>Szilard Mezei Ring Consort with guests \u00a0Nicola Guazzaloca and Csaba Nagy at 8 p.m.<\/strong>, <strong>Bas i Stega at 9:30 p.m.<\/strong>, <strong>Nipplepeople at 10 p.m.<\/strong>, and <strong>Skier and Yeti starting at 11:30 p.m.<\/strong> On the second evening, Saturday, 7 September , the bands <strong>Too Much of Such will perform at 8:30 p.m.<\/strong>, followed by <strong>\u0160lagvort<\/strong> and <strong>Dram at 10 p.m.<\/strong><\/p>\n<div id='gallery-2' class='gallery galleryid-33958 gallery-columns-2 gallery-size-full'><figure class='gallery-item'>\r\n\t\t\t<div class='gallery-icon landscape'>\r\n\t\t\t\t<a href='https:\/\/novisad2022.rs\/en\/the-seventh-kaleidoscope-of-culture-is-open-more-than-7000-visitors-at-the-grand-opening\/viber_image_2024-09-05_11-37-21-387-3\/'><img loading=\"lazy\" decoding=\"async\" width=\"792\" height=\"792\" src=\"https:\/\/novisad2022.rs\/wp-content\/uploads\/2024\/09\/viber_image_2024-09-05_11-37-21-387-2.png\" class=\"attachment-full size-full\" alt=\"\" srcset=\"https:\/\/novisad2022.rs\/wp-content\/uploads\/2024\/09\/viber_image_2024-09-05_11-37-21-387-2.png 792w, https:\/\/novisad2022.rs\/wp-content\/uploads\/2024\/09\/viber_image_2024-09-05_11-37-21-387-2-300x300.png 300w, https:\/\/novisad2022.rs\/wp-content\/uploads\/2024\/09\/viber_image_2024-09-05_11-37-21-387-2-150x150.png 150w, https:\/\/novisad2022.rs\/wp-content\/uploads\/2024\/09\/viber_image_2024-09-05_11-37-21-387-2-768x768.png 768w, https:\/\/novisad2022.rs\/wp-content\/uploads\/2024\/09\/viber_image_2024-09-05_11-37-21-387-2-12x12.png 12w\" sizes=\"(max-width: 792px) 100vw, 792px\" \/><\/a>\r\n\t\t\t<\/div><\/figure><figure class='gallery-item'>\r\n\t\t\t<div class='gallery-icon landscape'>\r\n\t\t\t\t<a href='https:\/\/novisad2022.rs\/en\/the-seventh-kaleidoscope-of-culture-is-open-more-than-7000-visitors-at-the-grand-opening\/wdgbti2q-3\/'><img loading=\"lazy\" decoding=\"async\" width=\"2395\" height=\"2395\" src=\"https:\/\/novisad2022.rs\/wp-content\/uploads\/2024\/09\/wDgbTI2Q-2.jpeg\" class=\"attachment-full size-full\" alt=\"\" srcset=\"https:\/\/novisad2022.rs\/wp-content\/uploads\/2024\/09\/wDgbTI2Q-2.jpeg 2395w, https:\/\/novisad2022.rs\/wp-content\/uploads\/2024\/09\/wDgbTI2Q-2-300x300.jpeg 300w, https:\/\/novisad2022.rs\/wp-content\/uploads\/2024\/09\/wDgbTI2Q-2-1024x1024.jpeg 1024w, https:\/\/novisad2022.rs\/wp-content\/uploads\/2024\/09\/wDgbTI2Q-2-150x150.jpeg 150w, https:\/\/novisad2022.rs\/wp-content\/uploads\/2024\/09\/wDgbTI2Q-2-768x768.jpeg 768w, https:\/\/novisad2022.rs\/wp-content\/uploads\/2024\/09\/wDgbTI2Q-2-1536x1536.jpeg 1536w, https:\/\/novisad2022.rs\/wp-content\/uploads\/2024\/09\/wDgbTI2Q-2-2048x2048.jpeg 2048w, https:\/\/novisad2022.rs\/wp-content\/uploads\/2024\/09\/wDgbTI2Q-2-12x12.jpeg 12w\" sizes=\"(max-width: 2395px) 100vw, 2395px\" \/><\/a>\r\n\t\t\t<\/div><\/figure>\r\n\t\t<\/div>\n\n<p>At the start of the Kaleidoscope of Culture, the <strong>Open Gallery<\/strong> will present applied arts from the workshops of noteworthy brands. Citizens will be introduced to jewelry brands like Neo Unicate, Biljana Novogradi\u0107, Josta, Maleni Atelje, Bi \u017du, Glory Box, Sla Design, the shoe brand Rush Stuff, clothing brands Zarrez, GUGAD\u017eINA, Da Ne \u017dulja, handbags n g r i d, Maslikarija, NEON Bag, and SHIVARIUM, as well as the beautiful chandeliers of VAULT DSGN.<\/p>\n<p><strong>Admission<\/strong> to all Kaleidoscope of Culture programmes <strong>is free<\/strong>.<\/p>\n<p>The Kaleidoscope of Culture partner is Neoplanta.<\/p>\n<p>For more information about this year&#8217;s Kaleidoscope of Culture, visit the website<a href=\"https:\/\/kaleidoskopkulture.com\/en\/\"> <strong>kaleidoskopkulture.com<\/strong><\/a><strong>.<\/strong><\/p>","protected":false},"excerpt":{"rendered":"<p>After the grand opening at Korzo, the programme of the seventh Kaleidoscope of Culture continues today with a week dedicated to applied arts. The programme starts at 7 p.m. in one of the most significant spaces of the European Capital of Culture \u2013 the District. During the Applied Arts Week, entrance to the District will [&hellip;]<\/p>\n","protected":false},"author":8,"featured_media":33923,"comment_status":"open","ping_status":"open","sticky":false,"template":"","format":"standard","meta":{"site-sidebar-layout":"default","site-content-layout":"","ast-site-content-layout":"default","site-content-style":"default","site-sidebar-style":"default","ast-global-header-display":"","ast-banner-title-visibility":"","ast-main-header-display":"","ast-hfb-above-header-display":"","ast-hfb-below-header-display":"","ast-hfb-mobile-header-display":"","site-post-title":"","ast-breadcrumbs-content":"","ast-featured-img":"","footer-sml-layout":"","ast-disable-related-posts":"","theme-transparent-header-meta":"default","adv-header-id-meta":"","stick-header-meta":"","header-above-stick-meta":"","header-main-stick-meta":"","header-below-stick-meta":"","astra-migrate-meta-layouts":"set","ast-page-background-enabled":"default","ast-page-background-meta":{"desktop":{"background-color":"","background-image":"","background-repeat":"repeat","background-position":"center center","background-size":"auto","background-attachment":"scroll","background-type":"","background-media":"","overlay-type":"","overlay-color":"","overlay-opacity":"","overlay-gradient":""},"tablet":{"background-color":"","background-image":"","background-repeat":"repeat","background-position":"center center","background-size":"auto","background-attachment":"scroll","background-type":"","background-media":"","overlay-type":"","overlay-color":"","overlay-opacity":"","overlay-gradient":""},"mobile":{"background-color":"","background-image":"","background-repeat":"repeat","background-position":"center center","background-size":"auto","background-attachment":"scroll","background-type":"","background-media":"","overlay-type":"","overlay-color":"","overlay-opacity":"","overlay-gradient":""}},"ast-content-background-meta":{"desktop":{"background-color":"var(--ast-global-color-5)","background-image":"","background-repeat":"repeat","background-position":"center center","background-size":"auto","background-attachment":"scroll","background-type":"","background-media":"","overlay-type":"","overlay-color":"","overlay-opacity":"","overlay-gradient":""},"tablet":{"background-color":"var(--ast-global-color-5)","background-image":"","background-repeat":"repeat","background-position":"center center","background-size":"auto","background-attachment":"scroll","background-type":"","background-media":"","overlay-type":"","overlay-color":"","overlay-opacity":"","overlay-gradient":""},"mobile":{"background-color":"var(--ast-global-color-5)","background-image":"","background-repeat":"repeat","background-position":"center center","background-size":"auto","background-attachment":"scroll","background-type":"","background-media":"","overlay-type":"","overlay-color":"","overlay-opacity":"","overlay-gradient":""}},"footnotes":""},"categories":[70],"tags":[],"class_list":["post-33958","post","type-post","status-publish","format-standard","has-post-thumbnail","hentry","category-news"],"yoast_head":"<!-- This site is optimized with the Yoast SEO plugin v27.0 - https:\/\/yoast.com\/product\/yoast-seo-wordpress\/ -->\n<title>The Seventh Kaleidoscope of Culture Is Open: More than 7,000 Visitors at the Grand Opening - Novi Sad 2022<\/title>\n<meta name=\"robots\" content=\"index, follow, max-snippet:-1, max-image-preview:large, max-video-preview:-1\" \/>\n<link rel=\"canonical\" href=\"https:\/\/novisad2022.rs\/en\/the-seventh-kaleidoscope-of-culture-is-open-more-than-7000-visitors-at-the-grand-opening\/\" \/>\n<meta property=\"og:locale\" content=\"en_US\" \/>\n<meta property=\"og:type\" content=\"article\" \/>\n<meta property=\"og:title\" content=\"The Seventh Kaleidoscope of Culture Is Open: More than 7,000 Visitors at the Grand Opening - Novi Sad 2022\" \/>\n<meta property=\"og:description\" content=\"After the grand opening at Korzo, the programme of the seventh Kaleidoscope of Culture continues today with a week dedicated to applied arts. The programme starts at 7 p.m. in one of the most significant spaces of the European Capital of Culture \u2013 the District. During the Applied Arts Week, entrance to the District will [&hellip;]\" \/>\n<meta property=\"og:url\" content=\"https:\/\/novisad2022.rs\/en\/the-seventh-kaleidoscope-of-culture-is-open-more-than-7000-visitors-at-the-grand-opening\/\" \/>\n<meta property=\"og:site_name\" content=\"Novi Sad 2022\" \/>\n<meta property=\"article:published_time\" content=\"2024-09-06T11:55:50+00:00\" \/>\n<meta property=\"article:modified_time\" content=\"2024-09-06T11:56:42+00:00\" \/>\n<meta property=\"og:image\" content=\"https:\/\/novisad2022.rs\/wp-content\/uploads\/2024\/09\/V.Velickovic-Sep05-018.jpg\" \/>\n\t<meta property=\"og:image:width\" content=\"2048\" \/>\n\t<meta property=\"og:image:height\" content=\"1365\" \/>\n\t<meta property=\"og:image:type\" content=\"image\/jpeg\" \/>\n<meta name=\"author\" content=\"Jasmina\" \/>\n<meta name=\"twitter:card\" content=\"summary_large_image\" \/>\n<meta name=\"twitter:label1\" content=\"Written by\" \/>\n\t<meta name=\"twitter:data1\" content=\"Jasmina\" \/>\n\t<meta name=\"twitter:label2\" content=\"Est. reading time\" \/>\n\t<meta name=\"twitter:data2\" content=\"3 minutes\" \/>\n<script type=\"application\/ld+json\" class=\"yoast-schema-graph\">{\"@context\":\"https:\/\/schema.org\",\"@graph\":[{\"@type\":\"Article\",\"@id\":\"https:\/\/novisad2022.rs\/en\/the-seventh-kaleidoscope-of-culture-is-open-more-than-7000-visitors-at-the-grand-opening\/#article\",\"isPartOf\":{\"@id\":\"https:\/\/novisad2022.rs\/en\/the-seventh-kaleidoscope-of-culture-is-open-more-than-7000-visitors-at-the-grand-opening\/\"},\"author\":{\"name\":\"Jasmina\",\"@id\":\"https:\/\/novisad2022.rs\/en\/#\/schema\/person\/ac5cc999e141a0cc6699aee7c62e6a77\"},\"headline\":\"The Seventh Kaleidoscope of Culture Is Open: More than 7,000 Visitors at the Grand Opening\",\"datePublished\":\"2024-09-06T11:55:50+00:00\",\"dateModified\":\"2024-09-06T11:56:42+00:00\",\"mainEntityOfPage\":{\"@id\":\"https:\/\/novisad2022.rs\/en\/the-seventh-kaleidoscope-of-culture-is-open-more-than-7000-visitors-at-the-grand-opening\/\"},\"wordCount\":634,\"commentCount\":0,\"image\":{\"@id\":\"https:\/\/novisad2022.rs\/en\/the-seventh-kaleidoscope-of-culture-is-open-more-than-7000-visitors-at-the-grand-opening\/#primaryimage\"},\"thumbnailUrl\":\"https:\/\/novisad2022.rs\/wp-content\/uploads\/2024\/09\/V.Velickovic-Sep05-018.jpg\",\"articleSection\":[\"News\"],\"inLanguage\":\"en-US\",\"potentialAction\":[{\"@type\":\"CommentAction\",\"name\":\"Comment\",\"target\":[\"https:\/\/novisad2022.rs\/en\/the-seventh-kaleidoscope-of-culture-is-open-more-than-7000-visitors-at-the-grand-opening\/#respond\"]}]},{\"@type\":\"WebPage\",\"@id\":\"https:\/\/novisad2022.rs\/en\/the-seventh-kaleidoscope-of-culture-is-open-more-than-7000-visitors-at-the-grand-opening\/\",\"url\":\"https:\/\/novisad2022.rs\/en\/the-seventh-kaleidoscope-of-culture-is-open-more-than-7000-visitors-at-the-grand-opening\/\",\"name\":\"The Seventh Kaleidoscope of Culture Is Open: More than 7,000 Visitors at the Grand Opening - Novi Sad 2022\",\"isPartOf\":{\"@id\":\"https:\/\/novisad2022.rs\/en\/#website\"},\"primaryImageOfPage\":{\"@id\":\"https:\/\/novisad2022.rs\/en\/the-seventh-kaleidoscope-of-culture-is-open-more-than-7000-visitors-at-the-grand-opening\/#primaryimage\"},\"image\":{\"@id\":\"https:\/\/novisad2022.rs\/en\/the-seventh-kaleidoscope-of-culture-is-open-more-than-7000-visitors-at-the-grand-opening\/#primaryimage\"},\"thumbnailUrl\":\"https:\/\/novisad2022.rs\/wp-content\/uploads\/2024\/09\/V.Velickovic-Sep05-018.jpg\",\"datePublished\":\"2024-09-06T11:55:50+00:00\",\"dateModified\":\"2024-09-06T11:56:42+00:00\",\"author\":{\"@id\":\"https:\/\/novisad2022.rs\/en\/#\/schema\/person\/ac5cc999e141a0cc6699aee7c62e6a77\"},\"breadcrumb\":{\"@id\":\"https:\/\/novisad2022.rs\/en\/the-seventh-kaleidoscope-of-culture-is-open-more-than-7000-visitors-at-the-grand-opening\/#breadcrumb\"},\"inLanguage\":\"en-US\",\"potentialAction\":[{\"@type\":\"ReadAction\",\"target\":[\"https:\/\/novisad2022.rs\/en\/the-seventh-kaleidoscope-of-culture-is-open-more-than-7000-visitors-at-the-grand-opening\/\"]}]},{\"@type\":\"ImageObject\",\"inLanguage\":\"en-US\",\"@id\":\"https:\/\/novisad2022.rs\/en\/the-seventh-kaleidoscope-of-culture-is-open-more-than-7000-visitors-at-the-grand-opening\/#primaryimage\",\"url\":\"https:\/\/novisad2022.rs\/wp-content\/uploads\/2024\/09\/V.Velickovic-Sep05-018.jpg\",\"contentUrl\":\"https:\/\/novisad2022.rs\/wp-content\/uploads\/2024\/09\/V.Velickovic-Sep05-018.jpg\",\"width\":2048,\"height\":1365},{\"@type\":\"BreadcrumbList\",\"@id\":\"https:\/\/novisad2022.rs\/en\/the-seventh-kaleidoscope-of-culture-is-open-more-than-7000-visitors-at-the-grand-opening\/#breadcrumb\",\"itemListElement\":[{\"@type\":\"ListItem\",\"position\":1,\"name\":\"\u041f\u043e\u0447\u0435\u0442\u043d\u0430\",\"item\":\"https:\/\/novisad2022.rs\/en\/home-page\/\"},{\"@type\":\"ListItem\",\"position\":2,\"name\":\"The Seventh Kaleidoscope of Culture Is Open: More than 7,000 Visitors at the Grand Opening\"}]},{\"@type\":\"WebSite\",\"@id\":\"https:\/\/novisad2022.rs\/en\/#website\",\"url\":\"https:\/\/novisad2022.rs\/en\/\",\"name\":\"Novi Sad 2022\",\"description\":\"European Capital of Culture\",\"potentialAction\":[{\"@type\":\"SearchAction\",\"target\":{\"@type\":\"EntryPoint\",\"urlTemplate\":\"https:\/\/novisad2022.rs\/en\/?s={search_term_string}\"},\"query-input\":{\"@type\":\"PropertyValueSpecification\",\"valueRequired\":true,\"valueName\":\"search_term_string\"}}],\"inLanguage\":\"en-US\"},{\"@type\":\"Person\",\"@id\":\"https:\/\/novisad2022.rs\/en\/#\/schema\/person\/ac5cc999e141a0cc6699aee7c62e6a77\",\"name\":\"Jasmina\",\"image\":{\"@type\":\"ImageObject\",\"inLanguage\":\"en-US\",\"@id\":\"https:\/\/novisad2022.rs\/en\/#\/schema\/person\/image\/\",\"url\":\"https:\/\/secure.gravatar.com\/avatar\/1e299e2f3bd9f7617d41a61a43fc086c80151f6f5c6fa7873322cb5d18af2492?s=96&d=mm&r=g\",\"contentUrl\":\"https:\/\/secure.gravatar.com\/avatar\/1e299e2f3bd9f7617d41a61a43fc086c80151f6f5c6fa7873322cb5d18af2492?s=96&d=mm&r=g\",\"caption\":\"Jasmina\"}}]}<\/script>\n<!-- \/ Yoast SEO plugin. -->","yoast_head_json":{"title":"The Seventh Kaleidoscope of Culture Is Open: More than 7,000 Visitors at the Grand Opening - Novi Sad 2022","robots":{"index":"index","follow":"follow","max-snippet":"max-snippet:-1","max-image-preview":"max-image-preview:large","max-video-preview":"max-video-preview:-1"},"canonical":"https:\/\/novisad2022.rs\/en\/the-seventh-kaleidoscope-of-culture-is-open-more-than-7000-visitors-at-the-grand-opening\/","og_locale":"en_US","og_type":"article","og_title":"The Seventh Kaleidoscope of Culture Is Open: More than 7,000 Visitors at the Grand Opening - Novi Sad 2022","og_description":"After the grand opening at Korzo, the programme of the seventh Kaleidoscope of Culture continues today with a week dedicated to applied arts. The programme starts at 7 p.m. in one of the most significant spaces of the European Capital of Culture \u2013 the District. During the Applied Arts Week, entrance to the District will [&hellip;]","og_url":"https:\/\/novisad2022.rs\/en\/the-seventh-kaleidoscope-of-culture-is-open-more-than-7000-visitors-at-the-grand-opening\/","og_site_name":"Novi Sad 2022","article_published_time":"2024-09-06T11:55:50+00:00","article_modified_time":"2024-09-06T11:56:42+00:00","og_image":[{"width":2048,"height":1365,"url":"https:\/\/novisad2022.rs\/wp-content\/uploads\/2024\/09\/V.Velickovic-Sep05-018.jpg","type":"image\/jpeg"}],"author":"Jasmina","twitter_card":"summary_large_image","twitter_misc":{"Written by":"Jasmina","Est. reading time":"3 minutes"},"schema":{"@context":"https:\/\/schema.org","@graph":[{"@type":"Article","@id":"https:\/\/novisad2022.rs\/en\/the-seventh-kaleidoscope-of-culture-is-open-more-than-7000-visitors-at-the-grand-opening\/#article","isPartOf":{"@id":"https:\/\/novisad2022.rs\/en\/the-seventh-kaleidoscope-of-culture-is-open-more-than-7000-visitors-at-the-grand-opening\/"},"author":{"name":"Jasmina","@id":"https:\/\/novisad2022.rs\/en\/#\/schema\/person\/ac5cc999e141a0cc6699aee7c62e6a77"},"headline":"The Seventh Kaleidoscope of Culture Is Open: More than 7,000 Visitors at the Grand Opening","datePublished":"2024-09-06T11:55:50+00:00","dateModified":"2024-09-06T11:56:42+00:00","mainEntityOfPage":{"@id":"https:\/\/novisad2022.rs\/en\/the-seventh-kaleidoscope-of-culture-is-open-more-than-7000-visitors-at-the-grand-opening\/"},"wordCount":634,"commentCount":0,"image":{"@id":"https:\/\/novisad2022.rs\/en\/the-seventh-kaleidoscope-of-culture-is-open-more-than-7000-visitors-at-the-grand-opening\/#primaryimage"},"thumbnailUrl":"https:\/\/novisad2022.rs\/wp-content\/uploads\/2024\/09\/V.Velickovic-Sep05-018.jpg","articleSection":["News"],"inLanguage":"en-US","potentialAction":[{"@type":"CommentAction","name":"Comment","target":["https:\/\/novisad2022.rs\/en\/the-seventh-kaleidoscope-of-culture-is-open-more-than-7000-visitors-at-the-grand-opening\/#respond"]}]},{"@type":"WebPage","@id":"https:\/\/novisad2022.rs\/en\/the-seventh-kaleidoscope-of-culture-is-open-more-than-7000-visitors-at-the-grand-opening\/","url":"https:\/\/novisad2022.rs\/en\/the-seventh-kaleidoscope-of-culture-is-open-more-than-7000-visitors-at-the-grand-opening\/","name":"The Seventh Kaleidoscope of Culture Is Open: More than 7,000 Visitors at the Grand Opening - Novi Sad 2022","isPartOf":{"@id":"https:\/\/novisad2022.rs\/en\/#website"},"primaryImageOfPage":{"@id":"https:\/\/novisad2022.rs\/en\/the-seventh-kaleidoscope-of-culture-is-open-more-than-7000-visitors-at-the-grand-opening\/#primaryimage"},"image":{"@id":"https:\/\/novisad2022.rs\/en\/the-seventh-kaleidoscope-of-culture-is-open-more-than-7000-visitors-at-the-grand-opening\/#primaryimage"},"thumbnailUrl":"https:\/\/novisad2022.rs\/wp-content\/uploads\/2024\/09\/V.Velickovic-Sep05-018.jpg","datePublished":"2024-09-06T11:55:50+00:00","dateModified":"2024-09-06T11:56:42+00:00","author":{"@id":"https:\/\/novisad2022.rs\/en\/#\/schema\/person\/ac5cc999e141a0cc6699aee7c62e6a77"},"breadcrumb":{"@id":"https:\/\/novisad2022.rs\/en\/the-seventh-kaleidoscope-of-culture-is-open-more-than-7000-visitors-at-the-grand-opening\/#breadcrumb"},"inLanguage":"en-US","potentialAction":[{"@type":"ReadAction","target":["https:\/\/novisad2022.rs\/en\/the-seventh-kaleidoscope-of-culture-is-open-more-than-7000-visitors-at-the-grand-opening\/"]}]},{"@type":"ImageObject","inLanguage":"en-US","@id":"https:\/\/novisad2022.rs\/en\/the-seventh-kaleidoscope-of-culture-is-open-more-than-7000-visitors-at-the-grand-opening\/#primaryimage","url":"https:\/\/novisad2022.rs\/wp-content\/uploads\/2024\/09\/V.Velickovic-Sep05-018.jpg","contentUrl":"https:\/\/novisad2022.rs\/wp-content\/uploads\/2024\/09\/V.Velickovic-Sep05-018.jpg","width":2048,"height":1365},{"@type":"BreadcrumbList","@id":"https:\/\/novisad2022.rs\/en\/the-seventh-kaleidoscope-of-culture-is-open-more-than-7000-visitors-at-the-grand-opening\/#breadcrumb","itemListElement":[{"@type":"ListItem","position":1,"name":"\u041f\u043e\u0447\u0435\u0442\u043d\u0430","item":"https:\/\/novisad2022.rs\/en\/home-page\/"},{"@type":"ListItem","position":2,"name":"The Seventh Kaleidoscope of Culture Is Open: More than 7,000 Visitors at the Grand Opening"}]},{"@type":"WebSite","@id":"https:\/\/novisad2022.rs\/en\/#website","url":"https:\/\/novisad2022.rs\/en\/","name":"Novi Sad 2022","description":"European Capital of Culture","potentialAction":[{"@type":"SearchAction","target":{"@type":"EntryPoint","urlTemplate":"https:\/\/novisad2022.rs\/en\/?s={search_term_string}"},"query-input":{"@type":"PropertyValueSpecification","valueRequired":true,"valueName":"search_term_string"}}],"inLanguage":"en-US"},{"@type":"Person","@id":"https:\/\/novisad2022.rs\/en\/#\/schema\/person\/ac5cc999e141a0cc6699aee7c62e6a77","name":"Jasmina","image":{"@type":"ImageObject","inLanguage":"en-US","@id":"https:\/\/novisad2022.rs\/en\/#\/schema\/person\/image\/","url":"https:\/\/secure.gravatar.com\/avatar\/1e299e2f3bd9f7617d41a61a43fc086c80151f6f5c6fa7873322cb5d18af2492?s=96&d=mm&r=g","contentUrl":"https:\/\/secure.gravatar.com\/avatar\/1e299e2f3bd9f7617d41a61a43fc086c80151f6f5c6fa7873322cb5d18af2492?s=96&d=mm&r=g","caption":"Jasmina"}}]}},"_links":{"self":[{"href":"https:\/\/novisad2022.rs\/en\/wp-json\/wp\/v2\/posts\/33958","targetHints":{"allow":["GET"]}}],"collection":[{"href":"https:\/\/novisad2022.rs\/en\/wp-json\/wp\/v2\/posts"}],"about":[{"href":"https:\/\/novisad2022.rs\/en\/wp-json\/wp\/v2\/types\/post"}],"author":[{"embeddable":true,"href":"https:\/\/novisad2022.rs\/en\/wp-json\/wp\/v2\/users\/8"}],"replies":[{"embeddable":true,"href":"https:\/\/novisad2022.rs\/en\/wp-json\/wp\/v2\/comments?post=33958"}],"version-history":[{"count":2,"href":"https:\/\/novisad2022.rs\/en\/wp-json\/wp\/v2\/posts\/33958\/revisions"}],"predecessor-version":[{"id":33964,"href":"https:\/\/novisad2022.rs\/en\/wp-json\/wp\/v2\/posts\/33958\/revisions\/33964"}],"wp:featuredmedia":[{"embeddable":true,"href":"https:\/\/novisad2022.rs\/en\/wp-json\/wp\/v2\/media\/33923"}],"wp:attachment":[{"href":"https:\/\/novisad2022.rs\/en\/wp-json\/wp\/v2\/media?parent=33958"}],"wp:term":[{"taxonomy":"category","embeddable":true,"href":"https:\/\/novisad2022.rs\/en\/wp-json\/wp\/v2\/categories?post=33958"},{"taxonomy":"post_tag","embeddable":true,"href":"https:\/\/novisad2022.rs\/en\/wp-json\/wp\/v2\/tags?post=33958"}],"curies":[{"name":"wp","href":"https:\/\/api.w.org\/{rel}","templated":true}]}}