{"id":33989,"date":"2024-09-10T13:32:05","date_gmt":"2024-09-10T11:32:05","guid":{"rendered":"https:\/\/novisad2022.rs\/?p=33989"},"modified":"2024-09-11T14:00:55","modified_gmt":"2024-09-11T12:00:55","slug":"the-great-new-media-pavilion-in-honor-of-aleksandar-tisma-at-the-kaleidoscope-of-culture","status":"publish","type":"post","link":"https:\/\/novisad2022.rs\/en\/the-great-new-media-pavilion-in-honor-of-aleksandar-tisma-at-the-kaleidoscope-of-culture\/","title":{"rendered":"The Great New Media Pavilion in Honor of Aleksandar Ti\u0161ma at the Kaleidoscope of Culture"},"content":{"rendered":"<p><strong>Kaleidoscope of Culture<\/strong> in Novi Sad is entering its second week, a <strong>week dedicated to literature,<\/strong> during which the <strong>District<\/strong> will be transformed into a large open-air museum dedicated to <strong>Aleksandar Ti\u0161ma. The Ti\u0161ma Pavilion,<\/strong> a unique new media event, will take place on<strong> 13 and 14 September.<\/strong> At the Ti\u0161ma Pavilion, visitors will have the opportunity to see exhibitions, attend performances, engage in discussions with award-winning authors, participate in book exchanges, and enjoy many other interesting programmes.<\/p>\n<p><a href=\"https:\/\/novisad2022.rs\/wp-content\/uploads\/2024\/09\/Untitled-design-69.jpg\"><img fetchpriority=\"high\" decoding=\"async\" class=\"aligncenter size-full wp-image-33990\" src=\"https:\/\/novisad2022.rs\/wp-content\/uploads\/2024\/09\/Untitled-design-69.jpg\" alt=\"\" width=\"902\" height=\"595\" srcset=\"https:\/\/novisad2022.rs\/wp-content\/uploads\/2024\/09\/Untitled-design-69.jpg 902w, https:\/\/novisad2022.rs\/wp-content\/uploads\/2024\/09\/Untitled-design-69-300x198.jpg 300w, https:\/\/novisad2022.rs\/wp-content\/uploads\/2024\/09\/Untitled-design-69-768x507.jpg 768w, https:\/\/novisad2022.rs\/wp-content\/uploads\/2024\/09\/Untitled-design-69-18x12.jpg 18w\" sizes=\"(max-width: 902px) 100vw, 902px\" \/><\/a><\/p>\n<p>Throughout the Literature Week, starting at<strong> 7 p.m.<\/strong> on both days, an <strong>interactive exhibition titled \u2019The Use of Man\u2019<\/strong> will be open at the Proizvodnja facility. The exhibition will symbolically depict the universal experience of war through three sections, taking us from the pre-war, relatively peaceful period, through the atmosphere of camps and destruction, to the post-war era, reflecting the transformation of both collective and individual experiences.<\/p>\n<p><a href=\"https:\/\/novisad2022.rs\/wp-content\/uploads\/2024\/09\/privremena-upotreba-coveka-1.png\"><img decoding=\"async\" class=\"aligncenter size-full wp-image-33992\" src=\"https:\/\/novisad2022.rs\/wp-content\/uploads\/2024\/09\/privremena-upotreba-coveka-1.png\" alt=\"\" width=\"1080\" height=\"1080\" srcset=\"https:\/\/novisad2022.rs\/wp-content\/uploads\/2024\/09\/privremena-upotreba-coveka-1.png 1080w, https:\/\/novisad2022.rs\/wp-content\/uploads\/2024\/09\/privremena-upotreba-coveka-1-300x300.png 300w, https:\/\/novisad2022.rs\/wp-content\/uploads\/2024\/09\/privremena-upotreba-coveka-1-1024x1024.png 1024w, https:\/\/novisad2022.rs\/wp-content\/uploads\/2024\/09\/privremena-upotreba-coveka-1-150x150.png 150w, https:\/\/novisad2022.rs\/wp-content\/uploads\/2024\/09\/privremena-upotreba-coveka-1-768x768.png 768w, https:\/\/novisad2022.rs\/wp-content\/uploads\/2024\/09\/privremena-upotreba-coveka-1-12x12.png 12w\" sizes=\"(max-width: 1080px) 100vw, 1080px\" \/><\/a><\/p>\n<p>&nbsp;<\/p>\n<p>In addition to the exhibition \u2019The Use of Man,\u201d another exhibition at the Ti\u0161ma Pavilion will focus on the impressive oeuvre of this author \u2013 <strong>the factual exhibition \u2019Remember Forever: Aleksandar Ti\u0161ma\u2019 at the Menza facility.<\/strong><\/p>\n<p>On the<strong> first evening<\/strong> of the second week of Kaleidoscope of Culture, <strong>Friday, 13 September<\/strong>, the <strong>play \u2019The Use of Man\u2019 by Aleksandar Ti\u0161ma<\/strong>, dramatized by Fedora \u0160ilija and Boris Lije\u0161evi\u0107, will be performed. The play will feature several actors who will seamlessly transition from character to character, openly displaying the process of creating situations, making this vast epic story of war and humanity both scenically simple and narratively and meaningfully accessible.<\/p>\n<p>As part of the Ti\u0161ma Pavilion, on Saturday,<strong> 14 September, at 9 p.m.,<\/strong> a <strong>dance performance titled \u2019Bark\u2019<\/strong>, inspired by Aleksandar Ti\u0161ma\u2019s novel \u2019Faith and Treason,\u2019 will be presented by the dancers of <strong>\u2019Vuk Karad\u017ei\u0107\u2019 Cultural Association from Temerin.<\/strong> Incorporating elements of both contemporary and traditional dance, this performance tells a story from the past of Novi Sad, discussing people whose lives and identities were changed by wartime events, and exploring the eternal dilemma of what causes evil to emerge from within a person.<\/p>\n<h2><strong>Major Regional Literary Figures in the Second Week of Kaleidoscope of Culture<\/strong><\/h2>\n<p>During the Literature Week of this year&#8217;s Kaleidoscope of Culture,<strong> guest authors will include Rumena Bu\u017earovska and Stevo Grabovac.<\/strong> On <strong>Friday, 13 September,<\/strong> the renowned writer will discuss one of the greatest Serbian literary figures, Aleksandar Ti\u0161ma, while the winner of the NIN Award will speak on Saturday, <strong>14 September.<\/strong> Both discussions will take place at the <strong>Biro facility, starting at 8 p.m.<\/strong><\/p>\n<div id='gallery-1' class='gallery galleryid-33989 gallery-columns-2 gallery-size-large'><figure class='gallery-item'>\r\n\t\t\t<div class='gallery-icon landscape'>\r\n\t\t\t\t<a href='https:\/\/novisad2022.rs\/en\/the-great-new-media-pavilion-in-honor-of-aleksandar-tisma-at-the-kaleidoscope-of-culture\/7-scaled-3\/'><img decoding=\"async\" width=\"1024\" height=\"683\" src=\"https:\/\/novisad2022.rs\/wp-content\/uploads\/2024\/09\/7-scaled-3-1024x683.jpg\" class=\"attachment-large size-large\" alt=\"\" srcset=\"https:\/\/novisad2022.rs\/wp-content\/uploads\/2024\/09\/7-scaled-3-1024x683.jpg 1024w, https:\/\/novisad2022.rs\/wp-content\/uploads\/2024\/09\/7-scaled-3-300x200.jpg 300w, https:\/\/novisad2022.rs\/wp-content\/uploads\/2024\/09\/7-scaled-3-768x512.jpg 768w, https:\/\/novisad2022.rs\/wp-content\/uploads\/2024\/09\/7-scaled-3-1536x1024.jpg 1536w, https:\/\/novisad2022.rs\/wp-content\/uploads\/2024\/09\/7-scaled-3-2048x1366.jpg 2048w, https:\/\/novisad2022.rs\/wp-content\/uploads\/2024\/09\/7-scaled-3-18x12.jpg 18w\" sizes=\"(max-width: 1024px) 100vw, 1024px\" \/><\/a>\r\n\t\t\t<\/div><\/figure><figure class='gallery-item'>\r\n\t\t\t<div class='gallery-icon landscape'>\r\n\t\t\t\t<a href='https:\/\/novisad2022.rs\/en\/the-great-new-media-pavilion-in-honor-of-aleksandar-tisma-at-the-kaleidoscope-of-culture\/rumena-buzarovska-19b-bg-3\/'><img loading=\"lazy\" decoding=\"async\" width=\"1024\" height=\"683\" src=\"https:\/\/novisad2022.rs\/wp-content\/uploads\/2024\/09\/Rumena-Buzarovska-19b-bg-2-1024x683.jpg\" class=\"attachment-large size-large\" alt=\"\" srcset=\"https:\/\/novisad2022.rs\/wp-content\/uploads\/2024\/09\/Rumena-Buzarovska-19b-bg-2-1024x683.jpg 1024w, https:\/\/novisad2022.rs\/wp-content\/uploads\/2024\/09\/Rumena-Buzarovska-19b-bg-2-300x200.jpg 300w, https:\/\/novisad2022.rs\/wp-content\/uploads\/2024\/09\/Rumena-Buzarovska-19b-bg-2-768x512.jpg 768w, https:\/\/novisad2022.rs\/wp-content\/uploads\/2024\/09\/Rumena-Buzarovska-19b-bg-2-1536x1024.jpg 1536w, https:\/\/novisad2022.rs\/wp-content\/uploads\/2024\/09\/Rumena-Buzarovska-19b-bg-2-2048x1365.jpg 2048w, https:\/\/novisad2022.rs\/wp-content\/uploads\/2024\/09\/Rumena-Buzarovska-19b-bg-2-18x12.jpg 18w\" sizes=\"(max-width: 1024px) 100vw, 1024px\" \/><\/a>\r\n\t\t\t<\/div><\/figure>\r\n\t\t<\/div>\n\n<p>The <strong>literary programe \u2019Together Alone\u2019 will be held at Skladi\u0161te<\/strong> as part of the Ti\u0161ma Pavillion. On the first day of the programe, <strong>Friday, 13 September<\/strong>, a short story <strong>creative writing workshop<\/strong> led by <strong>Dubravka Rebi\u0107 and Aleksandar Tanurd\u017ei\u0107<\/strong> will take place at<strong> 6 p.m<\/strong>. On the second day, Saturday, <strong>14 September, at 7 p.m<\/strong>., there will be a<strong> discussion with authors<\/strong> about the novels <em>\u2019Lakrimarijum,\u2019 \u2019No\u0107 Pre Pada U Reku,\u2019 \u2019Buntovnica U Senci,\u2019<\/em> and <em>\u2019Rodna Gruda,\u2019<\/em> exploring the topics of identity and belonging in these works. <strong>Admissionme to both programs is free.<\/strong> It is necessary to register for the creative writing workshop via <a href=\"https:\/\/docs.google.com\/forms\/d\/e\/1FAIpQLSe0s44TNkdutRsLJ5k1-_IVquSqbKpPA06wrrl4h0NYFFcdVQ\/viewform\"><strong>Google Form.<\/strong><\/a><\/p>\n<p>An<strong> art installation titled \u2019Memories from the Attic,\u2019<\/strong> which explores techniques for creating personal identity through various forms of archives (tapes, letters, photographs, etc.), will be open at <strong>Radionica from 7 p.m.<\/strong><\/p>\n<p>During the Ti\u0161ma Pavilion, the District will feature stage programmes that bring Ti\u0161ma\u2019s work to life, including artistic installations such as <em>Knjiga o Blamu, Bez Krika, Najgore No\u0107i, Nasilja, Kapo, Upotreba \u010coveka, Koje Volimo, Za Crnom Devojkom, Ibikina Ku\u0107a, Vere i Zavere, Dnevnik, Povratak Miru, Oko Svoje Ose, \u0160kola Bezbo\u017eni\u0161tva, Se\u0107aj Se Ve\u010dkrat Na Vali<\/em>, and the play <em>Cena La\u017ei<\/em>.<\/p>\n<p>As in previous years, during the Literature Week of Kaleidoscope of Culture, there will be a <strong>Book Exchange in front of OPENS<\/strong> in the District starting at<strong> 7 p.m.<\/strong> The idea of the exchange is to find new readers for books that are no longer needed during the event.<\/p>\n<p id=\"tw-target-text\" class=\"tw-data-text tw-text-large tw-ta\" dir=\"ltr\" data-placeholder=\"Translation\" aria-label=\"Translated text\" data-ved=\"2ahUKEwjGooPj6rqIAxXt9LsIHXWlKesQ3ewLegQIBxAU\"><strong><span class=\"Y2IQFc\" lang=\"en\">The program is intended for people over 16 years old.<\/span><\/strong><\/p>\n<p>Admission to Kaleidoscope of Culture programmes is free. The partner of Kaleidoscope of Culture is <strong>Neoplanta.<\/strong><\/p>\n<p>For more information about this year&#8217;s Kaleidoscope of Culture, visit <a href=\"https:\/\/kaleidoskopkulture.com\/en\/\"><strong>kaleidoskopkulture.com.<\/strong><\/a><\/p>","protected":false},"excerpt":{"rendered":"<p>Kaleidoscope of Culture in Novi Sad is entering its second week, a week dedicated to literature, during which the District will be transformed into a large open-air museum dedicated to Aleksandar Ti\u0161ma. The Ti\u0161ma Pavilion, a unique new media event, will take place on 13 and 14 September. At the Ti\u0161ma Pavilion, visitors will have [&hellip;]<\/p>\n","protected":false},"author":8,"featured_media":33969,"comment_status":"open","ping_status":"open","sticky":false,"template":"","format":"standard","meta":{"site-sidebar-layout":"default","site-content-layout":"","ast-site-content-layout":"default","site-content-style":"default","site-sidebar-style":"default","ast-global-header-display":"","ast-banner-title-visibility":"","ast-main-header-display":"","ast-hfb-above-header-display":"","ast-hfb-below-header-display":"","ast-hfb-mobile-header-display":"","site-post-title":"","ast-breadcrumbs-content":"","ast-featured-img":"","footer-sml-layout":"","ast-disable-related-posts":"","theme-transparent-header-meta":"default","adv-header-id-meta":"","stick-header-meta":"","header-above-stick-meta":"","header-main-stick-meta":"","header-below-stick-meta":"","astra-migrate-meta-layouts":"set","ast-page-background-enabled":"default","ast-page-background-meta":{"desktop":{"background-color":"","background-image":"","background-repeat":"repeat","background-position":"center center","background-size":"auto","background-attachment":"scroll","background-type":"","background-media":"","overlay-type":"","overlay-color":"","overlay-opacity":"","overlay-gradient":""},"tablet":{"background-color":"","background-image":"","background-repeat":"repeat","background-position":"center center","background-size":"auto","background-attachment":"scroll","background-type":"","background-media":"","overlay-type":"","overlay-color":"","overlay-opacity":"","overlay-gradient":""},"mobile":{"background-color":"","background-image":"","background-repeat":"repeat","background-position":"center center","background-size":"auto","background-attachment":"scroll","background-type":"","background-media":"","overlay-type":"","overlay-color":"","overlay-opacity":"","overlay-gradient":""}},"ast-content-background-meta":{"desktop":{"background-color":"var(--ast-global-color-5)","background-image":"","background-repeat":"repeat","background-position":"center center","background-size":"auto","background-attachment":"scroll","background-type":"","background-media":"","overlay-type":"","overlay-color":"","overlay-opacity":"","overlay-gradient":""},"tablet":{"background-color":"var(--ast-global-color-5)","background-image":"","background-repeat":"repeat","background-position":"center center","background-size":"auto","background-attachment":"scroll","background-type":"","background-media":"","overlay-type":"","overlay-color":"","overlay-opacity":"","overlay-gradient":""},"mobile":{"background-color":"var(--ast-global-color-5)","background-image":"","background-repeat":"repeat","background-position":"center center","background-size":"auto","background-attachment":"scroll","background-type":"","background-media":"","overlay-type":"","overlay-color":"","overlay-opacity":"","overlay-gradient":""}},"footnotes":""},"categories":[70],"tags":[],"class_list":["post-33989","post","type-post","status-publish","format-standard","has-post-thumbnail","hentry","category-news"],"yoast_head":"<!-- This site is optimized with the Yoast SEO plugin v27.0 - https:\/\/yoast.com\/product\/yoast-seo-wordpress\/ -->\n<title>The Great New Media Pavilion in Honor of Aleksandar Ti\u0161ma at the Kaleidoscope of Culture - Novi Sad 2022<\/title>\n<meta name=\"robots\" content=\"index, follow, max-snippet:-1, max-image-preview:large, max-video-preview:-1\" \/>\n<link rel=\"canonical\" href=\"https:\/\/novisad2022.rs\/en\/the-great-new-media-pavilion-in-honor-of-aleksandar-tisma-at-the-kaleidoscope-of-culture\/\" \/>\n<meta property=\"og:locale\" content=\"en_US\" \/>\n<meta property=\"og:type\" content=\"article\" \/>\n<meta property=\"og:title\" content=\"The Great New Media Pavilion in Honor of Aleksandar Ti\u0161ma at the Kaleidoscope of Culture - Novi Sad 2022\" \/>\n<meta property=\"og:description\" content=\"Kaleidoscope of Culture in Novi Sad is entering its second week, a week dedicated to literature, during which the District will be transformed into a large open-air museum dedicated to Aleksandar Ti\u0161ma. The Ti\u0161ma Pavilion, a unique new media event, will take place on 13 and 14 September. At the Ti\u0161ma Pavilion, visitors will have [&hellip;]\" \/>\n<meta property=\"og:url\" content=\"https:\/\/novisad2022.rs\/en\/the-great-new-media-pavilion-in-honor-of-aleksandar-tisma-at-the-kaleidoscope-of-culture\/\" \/>\n<meta property=\"og:site_name\" content=\"Novi Sad 2022\" \/>\n<meta property=\"article:published_time\" content=\"2024-09-10T11:32:05+00:00\" \/>\n<meta property=\"article:modified_time\" content=\"2024-09-11T12:00:55+00:00\" \/>\n<meta property=\"og:image\" content=\"https:\/\/novisad2022.rs\/wp-content\/uploads\/2024\/09\/AleksandarTisma_BLU007.jpg\" \/>\n\t<meta property=\"og:image:width\" content=\"2137\" \/>\n\t<meta property=\"og:image:height\" content=\"1535\" \/>\n\t<meta property=\"og:image:type\" content=\"image\/jpeg\" \/>\n<meta name=\"author\" content=\"Jasmina\" \/>\n<meta name=\"twitter:card\" content=\"summary_large_image\" \/>\n<meta name=\"twitter:label1\" content=\"Written by\" \/>\n\t<meta name=\"twitter:data1\" content=\"Jasmina\" \/>\n\t<meta name=\"twitter:label2\" content=\"Est. reading time\" \/>\n\t<meta name=\"twitter:data2\" content=\"4 minutes\" \/>\n<script type=\"application\/ld+json\" class=\"yoast-schema-graph\">{\"@context\":\"https:\/\/schema.org\",\"@graph\":[{\"@type\":\"Article\",\"@id\":\"https:\/\/novisad2022.rs\/en\/the-great-new-media-pavilion-in-honor-of-aleksandar-tisma-at-the-kaleidoscope-of-culture\/#article\",\"isPartOf\":{\"@id\":\"https:\/\/novisad2022.rs\/en\/the-great-new-media-pavilion-in-honor-of-aleksandar-tisma-at-the-kaleidoscope-of-culture\/\"},\"author\":{\"name\":\"Jasmina\",\"@id\":\"https:\/\/novisad2022.rs\/en\/#\/schema\/person\/ac5cc999e141a0cc6699aee7c62e6a77\"},\"headline\":\"The Great New Media Pavilion in Honor of Aleksandar Ti\u0161ma at the Kaleidoscope of Culture\",\"datePublished\":\"2024-09-10T11:32:05+00:00\",\"dateModified\":\"2024-09-11T12:00:55+00:00\",\"mainEntityOfPage\":{\"@id\":\"https:\/\/novisad2022.rs\/en\/the-great-new-media-pavilion-in-honor-of-aleksandar-tisma-at-the-kaleidoscope-of-culture\/\"},\"wordCount\":737,\"commentCount\":0,\"image\":{\"@id\":\"https:\/\/novisad2022.rs\/en\/the-great-new-media-pavilion-in-honor-of-aleksandar-tisma-at-the-kaleidoscope-of-culture\/#primaryimage\"},\"thumbnailUrl\":\"https:\/\/novisad2022.rs\/wp-content\/uploads\/2024\/09\/AleksandarTisma_BLU007.jpg\",\"articleSection\":[\"News\"],\"inLanguage\":\"en-US\",\"potentialAction\":[{\"@type\":\"CommentAction\",\"name\":\"Comment\",\"target\":[\"https:\/\/novisad2022.rs\/en\/the-great-new-media-pavilion-in-honor-of-aleksandar-tisma-at-the-kaleidoscope-of-culture\/#respond\"]}]},{\"@type\":\"WebPage\",\"@id\":\"https:\/\/novisad2022.rs\/en\/the-great-new-media-pavilion-in-honor-of-aleksandar-tisma-at-the-kaleidoscope-of-culture\/\",\"url\":\"https:\/\/novisad2022.rs\/en\/the-great-new-media-pavilion-in-honor-of-aleksandar-tisma-at-the-kaleidoscope-of-culture\/\",\"name\":\"The Great New Media Pavilion in Honor of Aleksandar Ti\u0161ma at the Kaleidoscope of Culture - Novi Sad 2022\",\"isPartOf\":{\"@id\":\"https:\/\/novisad2022.rs\/en\/#website\"},\"primaryImageOfPage\":{\"@id\":\"https:\/\/novisad2022.rs\/en\/the-great-new-media-pavilion-in-honor-of-aleksandar-tisma-at-the-kaleidoscope-of-culture\/#primaryimage\"},\"image\":{\"@id\":\"https:\/\/novisad2022.rs\/en\/the-great-new-media-pavilion-in-honor-of-aleksandar-tisma-at-the-kaleidoscope-of-culture\/#primaryimage\"},\"thumbnailUrl\":\"https:\/\/novisad2022.rs\/wp-content\/uploads\/2024\/09\/AleksandarTisma_BLU007.jpg\",\"datePublished\":\"2024-09-10T11:32:05+00:00\",\"dateModified\":\"2024-09-11T12:00:55+00:00\",\"author\":{\"@id\":\"https:\/\/novisad2022.rs\/en\/#\/schema\/person\/ac5cc999e141a0cc6699aee7c62e6a77\"},\"breadcrumb\":{\"@id\":\"https:\/\/novisad2022.rs\/en\/the-great-new-media-pavilion-in-honor-of-aleksandar-tisma-at-the-kaleidoscope-of-culture\/#breadcrumb\"},\"inLanguage\":\"en-US\",\"potentialAction\":[{\"@type\":\"ReadAction\",\"target\":[\"https:\/\/novisad2022.rs\/en\/the-great-new-media-pavilion-in-honor-of-aleksandar-tisma-at-the-kaleidoscope-of-culture\/\"]}]},{\"@type\":\"ImageObject\",\"inLanguage\":\"en-US\",\"@id\":\"https:\/\/novisad2022.rs\/en\/the-great-new-media-pavilion-in-honor-of-aleksandar-tisma-at-the-kaleidoscope-of-culture\/#primaryimage\",\"url\":\"https:\/\/novisad2022.rs\/wp-content\/uploads\/2024\/09\/AleksandarTisma_BLU007.jpg\",\"contentUrl\":\"https:\/\/novisad2022.rs\/wp-content\/uploads\/2024\/09\/AleksandarTisma_BLU007.jpg\",\"width\":2137,\"height\":1535},{\"@type\":\"BreadcrumbList\",\"@id\":\"https:\/\/novisad2022.rs\/en\/the-great-new-media-pavilion-in-honor-of-aleksandar-tisma-at-the-kaleidoscope-of-culture\/#breadcrumb\",\"itemListElement\":[{\"@type\":\"ListItem\",\"position\":1,\"name\":\"\u041f\u043e\u0447\u0435\u0442\u043d\u0430\",\"item\":\"https:\/\/novisad2022.rs\/en\/home-page\/\"},{\"@type\":\"ListItem\",\"position\":2,\"name\":\"The Great New Media Pavilion in Honor of Aleksandar Ti\u0161ma at the Kaleidoscope of Culture\"}]},{\"@type\":\"WebSite\",\"@id\":\"https:\/\/novisad2022.rs\/en\/#website\",\"url\":\"https:\/\/novisad2022.rs\/en\/\",\"name\":\"Novi Sad 2022\",\"description\":\"European Capital of Culture\",\"potentialAction\":[{\"@type\":\"SearchAction\",\"target\":{\"@type\":\"EntryPoint\",\"urlTemplate\":\"https:\/\/novisad2022.rs\/en\/?s={search_term_string}\"},\"query-input\":{\"@type\":\"PropertyValueSpecification\",\"valueRequired\":true,\"valueName\":\"search_term_string\"}}],\"inLanguage\":\"en-US\"},{\"@type\":\"Person\",\"@id\":\"https:\/\/novisad2022.rs\/en\/#\/schema\/person\/ac5cc999e141a0cc6699aee7c62e6a77\",\"name\":\"Jasmina\",\"image\":{\"@type\":\"ImageObject\",\"inLanguage\":\"en-US\",\"@id\":\"https:\/\/novisad2022.rs\/en\/#\/schema\/person\/image\/\",\"url\":\"https:\/\/secure.gravatar.com\/avatar\/1e299e2f3bd9f7617d41a61a43fc086c80151f6f5c6fa7873322cb5d18af2492?s=96&d=mm&r=g\",\"contentUrl\":\"https:\/\/secure.gravatar.com\/avatar\/1e299e2f3bd9f7617d41a61a43fc086c80151f6f5c6fa7873322cb5d18af2492?s=96&d=mm&r=g\",\"caption\":\"Jasmina\"}}]}<\/script>\n<!-- \/ Yoast SEO plugin. -->","yoast_head_json":{"title":"The Great New Media Pavilion in Honor of Aleksandar Ti\u0161ma at the Kaleidoscope of Culture - Novi Sad 2022","robots":{"index":"index","follow":"follow","max-snippet":"max-snippet:-1","max-image-preview":"max-image-preview:large","max-video-preview":"max-video-preview:-1"},"canonical":"https:\/\/novisad2022.rs\/en\/the-great-new-media-pavilion-in-honor-of-aleksandar-tisma-at-the-kaleidoscope-of-culture\/","og_locale":"en_US","og_type":"article","og_title":"The Great New Media Pavilion in Honor of Aleksandar Ti\u0161ma at the Kaleidoscope of Culture - Novi Sad 2022","og_description":"Kaleidoscope of Culture in Novi Sad is entering its second week, a week dedicated to literature, during which the District will be transformed into a large open-air museum dedicated to Aleksandar Ti\u0161ma. The Ti\u0161ma Pavilion, a unique new media event, will take place on 13 and 14 September. At the Ti\u0161ma Pavilion, visitors will have [&hellip;]","og_url":"https:\/\/novisad2022.rs\/en\/the-great-new-media-pavilion-in-honor-of-aleksandar-tisma-at-the-kaleidoscope-of-culture\/","og_site_name":"Novi Sad 2022","article_published_time":"2024-09-10T11:32:05+00:00","article_modified_time":"2024-09-11T12:00:55+00:00","og_image":[{"width":2137,"height":1535,"url":"https:\/\/novisad2022.rs\/wp-content\/uploads\/2024\/09\/AleksandarTisma_BLU007.jpg","type":"image\/jpeg"}],"author":"Jasmina","twitter_card":"summary_large_image","twitter_misc":{"Written by":"Jasmina","Est. reading time":"4 minutes"},"schema":{"@context":"https:\/\/schema.org","@graph":[{"@type":"Article","@id":"https:\/\/novisad2022.rs\/en\/the-great-new-media-pavilion-in-honor-of-aleksandar-tisma-at-the-kaleidoscope-of-culture\/#article","isPartOf":{"@id":"https:\/\/novisad2022.rs\/en\/the-great-new-media-pavilion-in-honor-of-aleksandar-tisma-at-the-kaleidoscope-of-culture\/"},"author":{"name":"Jasmina","@id":"https:\/\/novisad2022.rs\/en\/#\/schema\/person\/ac5cc999e141a0cc6699aee7c62e6a77"},"headline":"The Great New Media Pavilion in Honor of Aleksandar Ti\u0161ma at the Kaleidoscope of Culture","datePublished":"2024-09-10T11:32:05+00:00","dateModified":"2024-09-11T12:00:55+00:00","mainEntityOfPage":{"@id":"https:\/\/novisad2022.rs\/en\/the-great-new-media-pavilion-in-honor-of-aleksandar-tisma-at-the-kaleidoscope-of-culture\/"},"wordCount":737,"commentCount":0,"image":{"@id":"https:\/\/novisad2022.rs\/en\/the-great-new-media-pavilion-in-honor-of-aleksandar-tisma-at-the-kaleidoscope-of-culture\/#primaryimage"},"thumbnailUrl":"https:\/\/novisad2022.rs\/wp-content\/uploads\/2024\/09\/AleksandarTisma_BLU007.jpg","articleSection":["News"],"inLanguage":"en-US","potentialAction":[{"@type":"CommentAction","name":"Comment","target":["https:\/\/novisad2022.rs\/en\/the-great-new-media-pavilion-in-honor-of-aleksandar-tisma-at-the-kaleidoscope-of-culture\/#respond"]}]},{"@type":"WebPage","@id":"https:\/\/novisad2022.rs\/en\/the-great-new-media-pavilion-in-honor-of-aleksandar-tisma-at-the-kaleidoscope-of-culture\/","url":"https:\/\/novisad2022.rs\/en\/the-great-new-media-pavilion-in-honor-of-aleksandar-tisma-at-the-kaleidoscope-of-culture\/","name":"The Great New Media Pavilion in Honor of Aleksandar Ti\u0161ma at the Kaleidoscope of Culture - Novi Sad 2022","isPartOf":{"@id":"https:\/\/novisad2022.rs\/en\/#website"},"primaryImageOfPage":{"@id":"https:\/\/novisad2022.rs\/en\/the-great-new-media-pavilion-in-honor-of-aleksandar-tisma-at-the-kaleidoscope-of-culture\/#primaryimage"},"image":{"@id":"https:\/\/novisad2022.rs\/en\/the-great-new-media-pavilion-in-honor-of-aleksandar-tisma-at-the-kaleidoscope-of-culture\/#primaryimage"},"thumbnailUrl":"https:\/\/novisad2022.rs\/wp-content\/uploads\/2024\/09\/AleksandarTisma_BLU007.jpg","datePublished":"2024-09-10T11:32:05+00:00","dateModified":"2024-09-11T12:00:55+00:00","author":{"@id":"https:\/\/novisad2022.rs\/en\/#\/schema\/person\/ac5cc999e141a0cc6699aee7c62e6a77"},"breadcrumb":{"@id":"https:\/\/novisad2022.rs\/en\/the-great-new-media-pavilion-in-honor-of-aleksandar-tisma-at-the-kaleidoscope-of-culture\/#breadcrumb"},"inLanguage":"en-US","potentialAction":[{"@type":"ReadAction","target":["https:\/\/novisad2022.rs\/en\/the-great-new-media-pavilion-in-honor-of-aleksandar-tisma-at-the-kaleidoscope-of-culture\/"]}]},{"@type":"ImageObject","inLanguage":"en-US","@id":"https:\/\/novisad2022.rs\/en\/the-great-new-media-pavilion-in-honor-of-aleksandar-tisma-at-the-kaleidoscope-of-culture\/#primaryimage","url":"https:\/\/novisad2022.rs\/wp-content\/uploads\/2024\/09\/AleksandarTisma_BLU007.jpg","contentUrl":"https:\/\/novisad2022.rs\/wp-content\/uploads\/2024\/09\/AleksandarTisma_BLU007.jpg","width":2137,"height":1535},{"@type":"BreadcrumbList","@id":"https:\/\/novisad2022.rs\/en\/the-great-new-media-pavilion-in-honor-of-aleksandar-tisma-at-the-kaleidoscope-of-culture\/#breadcrumb","itemListElement":[{"@type":"ListItem","position":1,"name":"\u041f\u043e\u0447\u0435\u0442\u043d\u0430","item":"https:\/\/novisad2022.rs\/en\/home-page\/"},{"@type":"ListItem","position":2,"name":"The Great New Media Pavilion in Honor of Aleksandar Ti\u0161ma at the Kaleidoscope of Culture"}]},{"@type":"WebSite","@id":"https:\/\/novisad2022.rs\/en\/#website","url":"https:\/\/novisad2022.rs\/en\/","name":"Novi Sad 2022","description":"European Capital of Culture","potentialAction":[{"@type":"SearchAction","target":{"@type":"EntryPoint","urlTemplate":"https:\/\/novisad2022.rs\/en\/?s={search_term_string}"},"query-input":{"@type":"PropertyValueSpecification","valueRequired":true,"valueName":"search_term_string"}}],"inLanguage":"en-US"},{"@type":"Person","@id":"https:\/\/novisad2022.rs\/en\/#\/schema\/person\/ac5cc999e141a0cc6699aee7c62e6a77","name":"Jasmina","image":{"@type":"ImageObject","inLanguage":"en-US","@id":"https:\/\/novisad2022.rs\/en\/#\/schema\/person\/image\/","url":"https:\/\/secure.gravatar.com\/avatar\/1e299e2f3bd9f7617d41a61a43fc086c80151f6f5c6fa7873322cb5d18af2492?s=96&d=mm&r=g","contentUrl":"https:\/\/secure.gravatar.com\/avatar\/1e299e2f3bd9f7617d41a61a43fc086c80151f6f5c6fa7873322cb5d18af2492?s=96&d=mm&r=g","caption":"Jasmina"}}]}},"_links":{"self":[{"href":"https:\/\/novisad2022.rs\/en\/wp-json\/wp\/v2\/posts\/33989","targetHints":{"allow":["GET"]}}],"collection":[{"href":"https:\/\/novisad2022.rs\/en\/wp-json\/wp\/v2\/posts"}],"about":[{"href":"https:\/\/novisad2022.rs\/en\/wp-json\/wp\/v2\/types\/post"}],"author":[{"embeddable":true,"href":"https:\/\/novisad2022.rs\/en\/wp-json\/wp\/v2\/users\/8"}],"replies":[{"embeddable":true,"href":"https:\/\/novisad2022.rs\/en\/wp-json\/wp\/v2\/comments?post=33989"}],"version-history":[{"count":3,"href":"https:\/\/novisad2022.rs\/en\/wp-json\/wp\/v2\/posts\/33989\/revisions"}],"predecessor-version":[{"id":33999,"href":"https:\/\/novisad2022.rs\/en\/wp-json\/wp\/v2\/posts\/33989\/revisions\/33999"}],"wp:featuredmedia":[{"embeddable":true,"href":"https:\/\/novisad2022.rs\/en\/wp-json\/wp\/v2\/media\/33969"}],"wp:attachment":[{"href":"https:\/\/novisad2022.rs\/en\/wp-json\/wp\/v2\/media?parent=33989"}],"wp:term":[{"taxonomy":"category","embeddable":true,"href":"https:\/\/novisad2022.rs\/en\/wp-json\/wp\/v2\/categories?post=33989"},{"taxonomy":"post_tag","embeddable":true,"href":"https:\/\/novisad2022.rs\/en\/wp-json\/wp\/v2\/tags?post=33989"}],"curies":[{"name":"wp","href":"https:\/\/api.w.org\/{rel}","templated":true}]}}