{"id":34026,"date":"2024-09-17T14:35:10","date_gmt":"2024-09-17T12:35:10","guid":{"rendered":"https:\/\/novisad2022.rs\/?p=34026"},"modified":"2024-09-17T14:35:10","modified_gmt":"2024-09-17T12:35:10","slug":"three-more-weeks-of-kaleidoscope-of-culture-in-novi-sad-the-best-in-architecture-performing-and-visual-arts-coming-soon","status":"publish","type":"post","link":"https:\/\/novisad2022.rs\/en\/three-more-weeks-of-kaleidoscope-of-culture-in-novi-sad-the-best-in-architecture-performing-and-visual-arts-coming-soon\/","title":{"rendered":"Three More Weeks of Kaleidoscope of Culture in Novi Sad \u2013 The Best in Architecture, Performing and Visual Arts Coming Soon"},"content":{"rendered":"<p>Despite the bad weather last weekend, the seventh Kaleidoscope of Culture in Novi Sad attracted an audience to Ti\u0161ma\u2019s Pavilion, which marked the second week, dedicated to literature, of one of the most significant artistic events in this part of Europe. Now, the programme for the third week, dedicated to performing arts, has been announced.<\/p>\n<p>The star of this week will be\u00a0<strong>Ibrahim Maalouf, one of the most prominent trumpeters of today.<\/strong>\u00a0This French-Lebanese instrumentalist and Grammy-nominated composer, after sold-out concerts at France\u2019s largest concert hall,\u00a0<strong>Accor Arena,<\/strong>\u00a0New York\u2019s\u00a0<strong>Carnegie Hall,<\/strong>\u00a0and Paris\u2019\u00a0<strong>Olympia<\/strong>, will perform in Novi Sad\u2019s District on the large open-air stage on\u00a0<strong>Saturday, 21 September, at 8:30 p.m.<\/strong>\u00a0<strong>Admission to the concert is free, and no reservations or sign-ups are required. Entry will be possible only from Despota Stefana Boulevard 5, near the Fabrika facility.<\/strong><\/p>\n<p><img fetchpriority=\"high\" decoding=\"async\" class=\"aligncenter wp-image-13110 size-full\" src=\"https:\/\/kaleidoskopkulture.com\/wp-content\/uploads\/2024\/09\/IBRAHIM-MAALOUF-foto-%C2%A9Yann_Orhan-min.jpeg\" sizes=\"(max-width: 960px) 100vw, 960px\" srcset=\"https:\/\/kaleidoskopkulture.com\/wp-content\/uploads\/2024\/09\/IBRAHIM-MAALOUF-foto-\u00a9Yann_Orhan-min.jpeg 960w, https:\/\/kaleidoskopkulture.com\/wp-content\/uploads\/2024\/09\/IBRAHIM-MAALOUF-foto-\u00a9Yann_Orhan-min-300x300.jpeg 300w, https:\/\/kaleidoskopkulture.com\/wp-content\/uploads\/2024\/09\/IBRAHIM-MAALOUF-foto-\u00a9Yann_Orhan-min-150x150.jpeg 150w, https:\/\/kaleidoskopkulture.com\/wp-content\/uploads\/2024\/09\/IBRAHIM-MAALOUF-foto-\u00a9Yann_Orhan-min-768x768.jpeg 768w\" alt=\"\" width=\"960\" height=\"960\" \/><\/p>\n<p><strong>The day before, on 20 September,<\/strong>\u00a0as part of the Performing Arts Week, the audience will have the opportunity to see the\u00a0<strong>dance performance \u2018Bark,\u2019<\/strong>\u00a0inspired by the novel\u00a0<em>Faith and Treason<\/em>\u00a0by Aleksandar Ti\u0161ma. It will be performed on the large open-air stage in the District by dancers from the\u00a0<strong>\u2018Vuk Karad\u017ei\u0107\u2019 Artistic Association from Temerin, starting at 9 p.m.<\/strong><\/p>\n<p><img decoding=\"async\" class=\"wp-image-13108 size-full aligncenter\" src=\"https:\/\/kaleidoskopkulture.com\/wp-content\/uploads\/2024\/09\/Predstava-KORA-foto-promo-EPK.jpg\" sizes=\"(max-width: 750px) 100vw, 750px\" srcset=\"https:\/\/kaleidoskopkulture.com\/wp-content\/uploads\/2024\/09\/Predstava-KORA-foto-promo-EPK.jpg 750w, https:\/\/kaleidoskopkulture.com\/wp-content\/uploads\/2024\/09\/Predstava-KORA-foto-promo-EPK-225x300.jpg 225w\" alt=\"\" width=\"750\" height=\"1000\" \/><\/p>\n<p>On the same evening, at\u00a0<strong>SCCNS Fabrika, at 7 p.m.<\/strong>, there will be a\u00a0<strong>performance of\u00a0<em>Democracy<\/em>, directed by Veljko Mi\u0107unovi\u0107.<\/strong>\u00a0The play, by Belgrade Drama Theatre, was created in co-production with Novi Sad Theatre (\u00dajvid\u00e9ki Sz\u00ednh\u00e1z).<\/p>\n<p><img decoding=\"async\" class=\"wp-image-13106 size-full aligncenter\" src=\"https:\/\/kaleidoskopkulture.com\/wp-content\/uploads\/2024\/09\/Demokratija-premijera-foto-Dragana-Udovicic.jpg\" sizes=\"(max-width: 1800px) 100vw, 1800px\" srcset=\"https:\/\/kaleidoskopkulture.com\/wp-content\/uploads\/2024\/09\/Demokratija-premijera-foto-Dragana-Udovicic.jpg 1800w, https:\/\/kaleidoskopkulture.com\/wp-content\/uploads\/2024\/09\/Demokratija-premijera-foto-Dragana-Udovicic-300x200.jpg 300w, https:\/\/kaleidoskopkulture.com\/wp-content\/uploads\/2024\/09\/Demokratija-premijera-foto-Dragana-Udovicic-1024x683.jpg 1024w, https:\/\/kaleidoskopkulture.com\/wp-content\/uploads\/2024\/09\/Demokratija-premijera-foto-Dragana-Udovicic-768x512.jpg 768w, https:\/\/kaleidoskopkulture.com\/wp-content\/uploads\/2024\/09\/Demokratija-premijera-foto-Dragana-Udovicic-1536x1024.jpg 1536w\" alt=\"\" width=\"1800\" height=\"1200\" \/><\/p>\n<p>In line with Novi Sad\u2019s membership in the UNESCO Creative Cities Network in 2023, the\u00a0<strong>multimedia project \u2018guitARevolution\u2019<\/strong>\u00a0will present the audience with contemporary guitar art in completely new augmented reality frameworks. Visitors will be able to see this performance at\u00a0<strong>8 p.m. in the District, at the Biro facility.<\/strong><\/p>\n<h2><strong>For the second year in a row, a Pritzker Prize winner in\u00a0<\/strong><strong>Architecture Week<\/strong><\/h2>\n<p><strong>In the Architecture Week,<\/strong>\u00a0this year\u2019s Kaleidoscope of Culture will once again host a<strong>\u00a0Pritzker Prize winner,<\/strong>\u00a0the Nobel equivalent in the field of architecture.\u00a0<strong>Japanese architect Riken Yamamoto<\/strong>\u00a0received the most prestigious award for his projects aimed at fostering community and connecting people by blurring the boundaries between public and private spaces. Over his five-decade-long career, he has built numerous private homes, residential projects, schools, university campuses, museums, and even a fire station.<\/p>\n<p><img loading=\"lazy\" decoding=\"async\" class=\"wp-image-13104 size-full aligncenter\" src=\"https:\/\/kaleidoskopkulture.com\/wp-content\/uploads\/2024\/09\/Riken-Yamamoto-foto-Tom-Welsh-for-The-Hyatt-FoundationPritzker-Architecture-Prize.jpeg\" sizes=\"(max-width: 961px) 100vw, 961px\" srcset=\"https:\/\/kaleidoskopkulture.com\/wp-content\/uploads\/2024\/09\/Riken-Yamamoto-foto-Tom-Welsh-for-The-Hyatt-FoundationPritzker-Architecture-Prize.jpeg 961w, https:\/\/kaleidoskopkulture.com\/wp-content\/uploads\/2024\/09\/Riken-Yamamoto-foto-Tom-Welsh-for-The-Hyatt-FoundationPritzker-Architecture-Prize-243x300.jpeg 243w, https:\/\/kaleidoskopkulture.com\/wp-content\/uploads\/2024\/09\/Riken-Yamamoto-foto-Tom-Welsh-for-The-Hyatt-FoundationPritzker-Architecture-Prize-830x1024.jpeg 830w, https:\/\/kaleidoskopkulture.com\/wp-content\/uploads\/2024\/09\/Riken-Yamamoto-foto-Tom-Welsh-for-The-Hyatt-FoundationPritzker-Architecture-Prize-768x947.jpeg 768w\" alt=\"\" width=\"961\" height=\"1185\" \/><\/p>\n<p>The multi-award-winning Japanese architect Riken Yamamoto will give a\u00a0<strong>lecture in the District on Saturday, 28 September, at 8:30 p.m.<\/strong><\/p>\n<h2><strong>The Black Wave closes the seventh Kaleidoscope of Culture<\/strong><\/h2>\n<p>The seventh edition of Kaleidoscope of Culture will dedicate its\u00a0<strong>final, fifth week to visual arts.<\/strong>\u00a0In the grand finale of the seventh Kaleidoscope of Culture,\u00a0<strong>on 4 and 5 in the District,<\/strong>\u00a0the exhibition<strong>\u00a0\u2018The Blackest Wave\u2019 will be opened.<\/strong>\u00a0This event offers a retrospective of the works of the most important directors of this period, including Du\u0161an Makavejev, \u017delimir \u017dilnik, Aleksandar Petrovi\u0107, \u017divojin Pavlovi\u0107, and Lazar Stojanovi\u0107.<\/p>\n<p><img loading=\"lazy\" decoding=\"async\" class=\"alignnone wp-image-13102 size-full\" src=\"https:\/\/kaleidoskopkulture.com\/wp-content\/uploads\/2024\/09\/Najcrnji-talas-render-foto-promo-EPK.jpg\" sizes=\"(max-width: 1920px) 100vw, 1920px\" srcset=\"https:\/\/kaleidoskopkulture.com\/wp-content\/uploads\/2024\/09\/Najcrnji-talas-render-foto-promo-EPK.jpg 1920w, https:\/\/kaleidoskopkulture.com\/wp-content\/uploads\/2024\/09\/Najcrnji-talas-render-foto-promo-EPK-300x169.jpg 300w, https:\/\/kaleidoskopkulture.com\/wp-content\/uploads\/2024\/09\/Najcrnji-talas-render-foto-promo-EPK-1024x576.jpg 1024w, https:\/\/kaleidoskopkulture.com\/wp-content\/uploads\/2024\/09\/Najcrnji-talas-render-foto-promo-EPK-768x432.jpg 768w, https:\/\/kaleidoskopkulture.com\/wp-content\/uploads\/2024\/09\/Najcrnji-talas-render-foto-promo-EPK-1536x864.jpg 1536w\" alt=\"\" width=\"1920\" height=\"1080\" \/><\/p>\n<p>The programme will include\u00a0<strong>spatial video installations<\/strong>\u00a0in the exhibition space, which will highlight key topics and aesthetics of the \u2018Black Wave\u2019 through innovative presentations, along with<strong>\u00a0film screenings<\/strong>\u00a0where selected films will be shown in full, accompanied by panel discussions with experts. Films to be screened include\u00a0<em>I Even Met Happy Gipses<\/em>,\u00a0<em>Plastic Jesus<\/em>, and\u00a0<em>When I Am Dead and\u00a0<\/em><em>Gone<\/em>.<\/p>\n<p>The workshop and exhibition<strong>\u00a0\u2018Analog Me, Digital Me\u2019<\/strong>\u00a0will take place in the District\u00a0<strong>on 4 and 5 October at 7 p.m.<\/strong>\u00a0This video art workshop questions identity by asking what makes us \u2018natural\u2019 in the analog world versus the digital world.<\/p>\n<p>The Visual Arts Week will also include the<strong>\u00a0\u2018Bio Awaking\u2019 project<\/strong>, which will introduce visitors to the world of innovative bio art and biotechnology, culminating\u00a0<strong>on 4 October.<\/strong>\u00a0These activities will offer visitors a unique opportunity to participate in interactive workshops, gain new knowledge about biotechnological techniques, and explore the boundaries between art and science.<\/p>\n<p><strong>Admission to Kaleidoscope of Culture events is free. The partner of Kaleidoscope of Culture is Neoplanta.<\/strong><\/p>\n<p>For more information about this year\u2019s Kaleidoscope of Culture, visit\u00a0<a href=\"https:\/\/kaleidoskopkulture.com\/en\/\"><strong>kaleidoscopeofculture.com.<\/strong><\/a><\/p>","protected":false},"excerpt":{"rendered":"<p>Despite the bad weather last weekend, the seventh Kaleidoscope of Culture in Novi Sad attracted an audience to Ti\u0161ma\u2019s Pavilion, which marked the second week, dedicated to literature, of one of the most significant artistic events in this part of Europe. Now, the programme for the third week, dedicated to performing arts, has been announced. [&hellip;]<\/p>\n","protected":false},"author":8,"featured_media":34014,"comment_status":"open","ping_status":"open","sticky":false,"template":"","format":"standard","meta":{"site-sidebar-layout":"default","site-content-layout":"","ast-site-content-layout":"default","site-content-style":"default","site-sidebar-style":"default","ast-global-header-display":"","ast-banner-title-visibility":"","ast-main-header-display":"","ast-hfb-above-header-display":"","ast-hfb-below-header-display":"","ast-hfb-mobile-header-display":"","site-post-title":"","ast-breadcrumbs-content":"","ast-featured-img":"","footer-sml-layout":"","ast-disable-related-posts":"","theme-transparent-header-meta":"default","adv-header-id-meta":"","stick-header-meta":"","header-above-stick-meta":"","header-main-stick-meta":"","header-below-stick-meta":"","astra-migrate-meta-layouts":"set","ast-page-background-enabled":"default","ast-page-background-meta":{"desktop":{"background-color":"","background-image":"","background-repeat":"repeat","background-position":"center center","background-size":"auto","background-attachment":"scroll","background-type":"","background-media":"","overlay-type":"","overlay-color":"","overlay-opacity":"","overlay-gradient":""},"tablet":{"background-color":"","background-image":"","background-repeat":"repeat","background-position":"center center","background-size":"auto","background-attachment":"scroll","background-type":"","background-media":"","overlay-type":"","overlay-color":"","overlay-opacity":"","overlay-gradient":""},"mobile":{"background-color":"","background-image":"","background-repeat":"repeat","background-position":"center center","background-size":"auto","background-attachment":"scroll","background-type":"","background-media":"","overlay-type":"","overlay-color":"","overlay-opacity":"","overlay-gradient":""}},"ast-content-background-meta":{"desktop":{"background-color":"var(--ast-global-color-5)","background-image":"","background-repeat":"repeat","background-position":"center center","background-size":"auto","background-attachment":"scroll","background-type":"","background-media":"","overlay-type":"","overlay-color":"","overlay-opacity":"","overlay-gradient":""},"tablet":{"background-color":"var(--ast-global-color-5)","background-image":"","background-repeat":"repeat","background-position":"center center","background-size":"auto","background-attachment":"scroll","background-type":"","background-media":"","overlay-type":"","overlay-color":"","overlay-opacity":"","overlay-gradient":""},"mobile":{"background-color":"var(--ast-global-color-5)","background-image":"","background-repeat":"repeat","background-position":"center center","background-size":"auto","background-attachment":"scroll","background-type":"","background-media":"","overlay-type":"","overlay-color":"","overlay-opacity":"","overlay-gradient":""}},"footnotes":""},"categories":[70],"tags":[],"class_list":["post-34026","post","type-post","status-publish","format-standard","has-post-thumbnail","hentry","category-news"],"yoast_head":"<!-- This site is optimized with the Yoast SEO plugin v27.0 - https:\/\/yoast.com\/product\/yoast-seo-wordpress\/ -->\n<title>Three More Weeks of Kaleidoscope of Culture in Novi Sad \u2013 The Best in Architecture, Performing and Visual Arts Coming Soon - Novi Sad 2022<\/title>\n<meta name=\"robots\" content=\"index, follow, max-snippet:-1, max-image-preview:large, max-video-preview:-1\" \/>\n<link rel=\"canonical\" href=\"https:\/\/novisad2022.rs\/en\/three-more-weeks-of-kaleidoscope-of-culture-in-novi-sad-the-best-in-architecture-performing-and-visual-arts-coming-soon\/\" \/>\n<meta property=\"og:locale\" content=\"en_US\" \/>\n<meta property=\"og:type\" content=\"article\" \/>\n<meta property=\"og:title\" content=\"Three More Weeks of Kaleidoscope of Culture in Novi Sad \u2013 The Best in Architecture, Performing and Visual Arts Coming Soon - Novi Sad 2022\" \/>\n<meta property=\"og:description\" content=\"Despite the bad weather last weekend, the seventh Kaleidoscope of Culture in Novi Sad attracted an audience to Ti\u0161ma\u2019s Pavilion, which marked the second week, dedicated to literature, of one of the most significant artistic events in this part of Europe. Now, the programme for the third week, dedicated to performing arts, has been announced. [&hellip;]\" \/>\n<meta property=\"og:url\" content=\"https:\/\/novisad2022.rs\/en\/three-more-weeks-of-kaleidoscope-of-culture-in-novi-sad-the-best-in-architecture-performing-and-visual-arts-coming-soon\/\" \/>\n<meta property=\"og:site_name\" content=\"Novi Sad 2022\" \/>\n<meta property=\"article:published_time\" content=\"2024-09-17T12:35:10+00:00\" \/>\n<meta property=\"og:image\" content=\"https:\/\/novisad2022.rs\/wp-content\/uploads\/2024\/09\/kk24_vizuali_genericki9.png\" \/>\n\t<meta property=\"og:image:width\" content=\"1080\" \/>\n\t<meta property=\"og:image:height\" content=\"720\" \/>\n\t<meta property=\"og:image:type\" content=\"image\/png\" \/>\n<meta name=\"author\" content=\"Jasmina\" \/>\n<meta name=\"twitter:card\" content=\"summary_large_image\" \/>\n<meta name=\"twitter:label1\" content=\"Written by\" \/>\n\t<meta name=\"twitter:data1\" content=\"Jasmina\" \/>\n\t<meta name=\"twitter:label2\" content=\"Est. reading time\" \/>\n\t<meta name=\"twitter:data2\" content=\"3 minutes\" \/>\n<script type=\"application\/ld+json\" class=\"yoast-schema-graph\">{\"@context\":\"https:\/\/schema.org\",\"@graph\":[{\"@type\":\"Article\",\"@id\":\"https:\/\/novisad2022.rs\/en\/three-more-weeks-of-kaleidoscope-of-culture-in-novi-sad-the-best-in-architecture-performing-and-visual-arts-coming-soon\/#article\",\"isPartOf\":{\"@id\":\"https:\/\/novisad2022.rs\/en\/three-more-weeks-of-kaleidoscope-of-culture-in-novi-sad-the-best-in-architecture-performing-and-visual-arts-coming-soon\/\"},\"author\":{\"name\":\"Jasmina\",\"@id\":\"https:\/\/novisad2022.rs\/en\/#\/schema\/person\/ac5cc999e141a0cc6699aee7c62e6a77\"},\"headline\":\"Three More Weeks of Kaleidoscope of Culture in Novi Sad \u2013 The Best in Architecture, Performing and Visual Arts Coming Soon\",\"datePublished\":\"2024-09-17T12:35:10+00:00\",\"mainEntityOfPage\":{\"@id\":\"https:\/\/novisad2022.rs\/en\/three-more-weeks-of-kaleidoscope-of-culture-in-novi-sad-the-best-in-architecture-performing-and-visual-arts-coming-soon\/\"},\"wordCount\":686,\"commentCount\":0,\"image\":{\"@id\":\"https:\/\/novisad2022.rs\/en\/three-more-weeks-of-kaleidoscope-of-culture-in-novi-sad-the-best-in-architecture-performing-and-visual-arts-coming-soon\/#primaryimage\"},\"thumbnailUrl\":\"https:\/\/novisad2022.rs\/wp-content\/uploads\/2024\/09\/kk24_vizuali_genericki9.png\",\"articleSection\":[\"News\"],\"inLanguage\":\"en-US\",\"potentialAction\":[{\"@type\":\"CommentAction\",\"name\":\"Comment\",\"target\":[\"https:\/\/novisad2022.rs\/en\/three-more-weeks-of-kaleidoscope-of-culture-in-novi-sad-the-best-in-architecture-performing-and-visual-arts-coming-soon\/#respond\"]}]},{\"@type\":\"WebPage\",\"@id\":\"https:\/\/novisad2022.rs\/en\/three-more-weeks-of-kaleidoscope-of-culture-in-novi-sad-the-best-in-architecture-performing-and-visual-arts-coming-soon\/\",\"url\":\"https:\/\/novisad2022.rs\/en\/three-more-weeks-of-kaleidoscope-of-culture-in-novi-sad-the-best-in-architecture-performing-and-visual-arts-coming-soon\/\",\"name\":\"Three More Weeks of Kaleidoscope of Culture in Novi Sad \u2013 The Best in Architecture, Performing and Visual Arts Coming Soon - Novi Sad 2022\",\"isPartOf\":{\"@id\":\"https:\/\/novisad2022.rs\/en\/#website\"},\"primaryImageOfPage\":{\"@id\":\"https:\/\/novisad2022.rs\/en\/three-more-weeks-of-kaleidoscope-of-culture-in-novi-sad-the-best-in-architecture-performing-and-visual-arts-coming-soon\/#primaryimage\"},\"image\":{\"@id\":\"https:\/\/novisad2022.rs\/en\/three-more-weeks-of-kaleidoscope-of-culture-in-novi-sad-the-best-in-architecture-performing-and-visual-arts-coming-soon\/#primaryimage\"},\"thumbnailUrl\":\"https:\/\/novisad2022.rs\/wp-content\/uploads\/2024\/09\/kk24_vizuali_genericki9.png\",\"datePublished\":\"2024-09-17T12:35:10+00:00\",\"author\":{\"@id\":\"https:\/\/novisad2022.rs\/en\/#\/schema\/person\/ac5cc999e141a0cc6699aee7c62e6a77\"},\"breadcrumb\":{\"@id\":\"https:\/\/novisad2022.rs\/en\/three-more-weeks-of-kaleidoscope-of-culture-in-novi-sad-the-best-in-architecture-performing-and-visual-arts-coming-soon\/#breadcrumb\"},\"inLanguage\":\"en-US\",\"potentialAction\":[{\"@type\":\"ReadAction\",\"target\":[\"https:\/\/novisad2022.rs\/en\/three-more-weeks-of-kaleidoscope-of-culture-in-novi-sad-the-best-in-architecture-performing-and-visual-arts-coming-soon\/\"]}]},{\"@type\":\"ImageObject\",\"inLanguage\":\"en-US\",\"@id\":\"https:\/\/novisad2022.rs\/en\/three-more-weeks-of-kaleidoscope-of-culture-in-novi-sad-the-best-in-architecture-performing-and-visual-arts-coming-soon\/#primaryimage\",\"url\":\"https:\/\/novisad2022.rs\/wp-content\/uploads\/2024\/09\/kk24_vizuali_genericki9.png\",\"contentUrl\":\"https:\/\/novisad2022.rs\/wp-content\/uploads\/2024\/09\/kk24_vizuali_genericki9.png\",\"width\":1080,\"height\":720},{\"@type\":\"BreadcrumbList\",\"@id\":\"https:\/\/novisad2022.rs\/en\/three-more-weeks-of-kaleidoscope-of-culture-in-novi-sad-the-best-in-architecture-performing-and-visual-arts-coming-soon\/#breadcrumb\",\"itemListElement\":[{\"@type\":\"ListItem\",\"position\":1,\"name\":\"\u041f\u043e\u0447\u0435\u0442\u043d\u0430\",\"item\":\"https:\/\/novisad2022.rs\/en\/home-page\/\"},{\"@type\":\"ListItem\",\"position\":2,\"name\":\"Three More Weeks of Kaleidoscope of Culture in Novi Sad \u2013 The Best in Architecture, Performing and Visual Arts Coming Soon\"}]},{\"@type\":\"WebSite\",\"@id\":\"https:\/\/novisad2022.rs\/en\/#website\",\"url\":\"https:\/\/novisad2022.rs\/en\/\",\"name\":\"Novi Sad 2022\",\"description\":\"European Capital of Culture\",\"potentialAction\":[{\"@type\":\"SearchAction\",\"target\":{\"@type\":\"EntryPoint\",\"urlTemplate\":\"https:\/\/novisad2022.rs\/en\/?s={search_term_string}\"},\"query-input\":{\"@type\":\"PropertyValueSpecification\",\"valueRequired\":true,\"valueName\":\"search_term_string\"}}],\"inLanguage\":\"en-US\"},{\"@type\":\"Person\",\"@id\":\"https:\/\/novisad2022.rs\/en\/#\/schema\/person\/ac5cc999e141a0cc6699aee7c62e6a77\",\"name\":\"Jasmina\",\"image\":{\"@type\":\"ImageObject\",\"inLanguage\":\"en-US\",\"@id\":\"https:\/\/novisad2022.rs\/en\/#\/schema\/person\/image\/\",\"url\":\"https:\/\/secure.gravatar.com\/avatar\/1e299e2f3bd9f7617d41a61a43fc086c80151f6f5c6fa7873322cb5d18af2492?s=96&d=mm&r=g\",\"contentUrl\":\"https:\/\/secure.gravatar.com\/avatar\/1e299e2f3bd9f7617d41a61a43fc086c80151f6f5c6fa7873322cb5d18af2492?s=96&d=mm&r=g\",\"caption\":\"Jasmina\"}}]}<\/script>\n<!-- \/ Yoast SEO plugin. -->","yoast_head_json":{"title":"Three More Weeks of Kaleidoscope of Culture in Novi Sad \u2013 The Best in Architecture, Performing and Visual Arts Coming Soon - Novi Sad 2022","robots":{"index":"index","follow":"follow","max-snippet":"max-snippet:-1","max-image-preview":"max-image-preview:large","max-video-preview":"max-video-preview:-1"},"canonical":"https:\/\/novisad2022.rs\/en\/three-more-weeks-of-kaleidoscope-of-culture-in-novi-sad-the-best-in-architecture-performing-and-visual-arts-coming-soon\/","og_locale":"en_US","og_type":"article","og_title":"Three More Weeks of Kaleidoscope of Culture in Novi Sad \u2013 The Best in Architecture, Performing and Visual Arts Coming Soon - Novi Sad 2022","og_description":"Despite the bad weather last weekend, the seventh Kaleidoscope of Culture in Novi Sad attracted an audience to Ti\u0161ma\u2019s Pavilion, which marked the second week, dedicated to literature, of one of the most significant artistic events in this part of Europe. Now, the programme for the third week, dedicated to performing arts, has been announced. [&hellip;]","og_url":"https:\/\/novisad2022.rs\/en\/three-more-weeks-of-kaleidoscope-of-culture-in-novi-sad-the-best-in-architecture-performing-and-visual-arts-coming-soon\/","og_site_name":"Novi Sad 2022","article_published_time":"2024-09-17T12:35:10+00:00","og_image":[{"width":1080,"height":720,"url":"https:\/\/novisad2022.rs\/wp-content\/uploads\/2024\/09\/kk24_vizuali_genericki9.png","type":"image\/png"}],"author":"Jasmina","twitter_card":"summary_large_image","twitter_misc":{"Written by":"Jasmina","Est. reading time":"3 minutes"},"schema":{"@context":"https:\/\/schema.org","@graph":[{"@type":"Article","@id":"https:\/\/novisad2022.rs\/en\/three-more-weeks-of-kaleidoscope-of-culture-in-novi-sad-the-best-in-architecture-performing-and-visual-arts-coming-soon\/#article","isPartOf":{"@id":"https:\/\/novisad2022.rs\/en\/three-more-weeks-of-kaleidoscope-of-culture-in-novi-sad-the-best-in-architecture-performing-and-visual-arts-coming-soon\/"},"author":{"name":"Jasmina","@id":"https:\/\/novisad2022.rs\/en\/#\/schema\/person\/ac5cc999e141a0cc6699aee7c62e6a77"},"headline":"Three More Weeks of Kaleidoscope of Culture in Novi Sad \u2013 The Best in Architecture, Performing and Visual Arts Coming Soon","datePublished":"2024-09-17T12:35:10+00:00","mainEntityOfPage":{"@id":"https:\/\/novisad2022.rs\/en\/three-more-weeks-of-kaleidoscope-of-culture-in-novi-sad-the-best-in-architecture-performing-and-visual-arts-coming-soon\/"},"wordCount":686,"commentCount":0,"image":{"@id":"https:\/\/novisad2022.rs\/en\/three-more-weeks-of-kaleidoscope-of-culture-in-novi-sad-the-best-in-architecture-performing-and-visual-arts-coming-soon\/#primaryimage"},"thumbnailUrl":"https:\/\/novisad2022.rs\/wp-content\/uploads\/2024\/09\/kk24_vizuali_genericki9.png","articleSection":["News"],"inLanguage":"en-US","potentialAction":[{"@type":"CommentAction","name":"Comment","target":["https:\/\/novisad2022.rs\/en\/three-more-weeks-of-kaleidoscope-of-culture-in-novi-sad-the-best-in-architecture-performing-and-visual-arts-coming-soon\/#respond"]}]},{"@type":"WebPage","@id":"https:\/\/novisad2022.rs\/en\/three-more-weeks-of-kaleidoscope-of-culture-in-novi-sad-the-best-in-architecture-performing-and-visual-arts-coming-soon\/","url":"https:\/\/novisad2022.rs\/en\/three-more-weeks-of-kaleidoscope-of-culture-in-novi-sad-the-best-in-architecture-performing-and-visual-arts-coming-soon\/","name":"Three More Weeks of Kaleidoscope of Culture in Novi Sad \u2013 The Best in Architecture, Performing and Visual Arts Coming Soon - Novi Sad 2022","isPartOf":{"@id":"https:\/\/novisad2022.rs\/en\/#website"},"primaryImageOfPage":{"@id":"https:\/\/novisad2022.rs\/en\/three-more-weeks-of-kaleidoscope-of-culture-in-novi-sad-the-best-in-architecture-performing-and-visual-arts-coming-soon\/#primaryimage"},"image":{"@id":"https:\/\/novisad2022.rs\/en\/three-more-weeks-of-kaleidoscope-of-culture-in-novi-sad-the-best-in-architecture-performing-and-visual-arts-coming-soon\/#primaryimage"},"thumbnailUrl":"https:\/\/novisad2022.rs\/wp-content\/uploads\/2024\/09\/kk24_vizuali_genericki9.png","datePublished":"2024-09-17T12:35:10+00:00","author":{"@id":"https:\/\/novisad2022.rs\/en\/#\/schema\/person\/ac5cc999e141a0cc6699aee7c62e6a77"},"breadcrumb":{"@id":"https:\/\/novisad2022.rs\/en\/three-more-weeks-of-kaleidoscope-of-culture-in-novi-sad-the-best-in-architecture-performing-and-visual-arts-coming-soon\/#breadcrumb"},"inLanguage":"en-US","potentialAction":[{"@type":"ReadAction","target":["https:\/\/novisad2022.rs\/en\/three-more-weeks-of-kaleidoscope-of-culture-in-novi-sad-the-best-in-architecture-performing-and-visual-arts-coming-soon\/"]}]},{"@type":"ImageObject","inLanguage":"en-US","@id":"https:\/\/novisad2022.rs\/en\/three-more-weeks-of-kaleidoscope-of-culture-in-novi-sad-the-best-in-architecture-performing-and-visual-arts-coming-soon\/#primaryimage","url":"https:\/\/novisad2022.rs\/wp-content\/uploads\/2024\/09\/kk24_vizuali_genericki9.png","contentUrl":"https:\/\/novisad2022.rs\/wp-content\/uploads\/2024\/09\/kk24_vizuali_genericki9.png","width":1080,"height":720},{"@type":"BreadcrumbList","@id":"https:\/\/novisad2022.rs\/en\/three-more-weeks-of-kaleidoscope-of-culture-in-novi-sad-the-best-in-architecture-performing-and-visual-arts-coming-soon\/#breadcrumb","itemListElement":[{"@type":"ListItem","position":1,"name":"\u041f\u043e\u0447\u0435\u0442\u043d\u0430","item":"https:\/\/novisad2022.rs\/en\/home-page\/"},{"@type":"ListItem","position":2,"name":"Three More Weeks of Kaleidoscope of Culture in Novi Sad \u2013 The Best in Architecture, Performing and Visual Arts Coming Soon"}]},{"@type":"WebSite","@id":"https:\/\/novisad2022.rs\/en\/#website","url":"https:\/\/novisad2022.rs\/en\/","name":"Novi Sad 2022","description":"European Capital of Culture","potentialAction":[{"@type":"SearchAction","target":{"@type":"EntryPoint","urlTemplate":"https:\/\/novisad2022.rs\/en\/?s={search_term_string}"},"query-input":{"@type":"PropertyValueSpecification","valueRequired":true,"valueName":"search_term_string"}}],"inLanguage":"en-US"},{"@type":"Person","@id":"https:\/\/novisad2022.rs\/en\/#\/schema\/person\/ac5cc999e141a0cc6699aee7c62e6a77","name":"Jasmina","image":{"@type":"ImageObject","inLanguage":"en-US","@id":"https:\/\/novisad2022.rs\/en\/#\/schema\/person\/image\/","url":"https:\/\/secure.gravatar.com\/avatar\/1e299e2f3bd9f7617d41a61a43fc086c80151f6f5c6fa7873322cb5d18af2492?s=96&d=mm&r=g","contentUrl":"https:\/\/secure.gravatar.com\/avatar\/1e299e2f3bd9f7617d41a61a43fc086c80151f6f5c6fa7873322cb5d18af2492?s=96&d=mm&r=g","caption":"Jasmina"}}]}},"_links":{"self":[{"href":"https:\/\/novisad2022.rs\/en\/wp-json\/wp\/v2\/posts\/34026","targetHints":{"allow":["GET"]}}],"collection":[{"href":"https:\/\/novisad2022.rs\/en\/wp-json\/wp\/v2\/posts"}],"about":[{"href":"https:\/\/novisad2022.rs\/en\/wp-json\/wp\/v2\/types\/post"}],"author":[{"embeddable":true,"href":"https:\/\/novisad2022.rs\/en\/wp-json\/wp\/v2\/users\/8"}],"replies":[{"embeddable":true,"href":"https:\/\/novisad2022.rs\/en\/wp-json\/wp\/v2\/comments?post=34026"}],"version-history":[{"count":1,"href":"https:\/\/novisad2022.rs\/en\/wp-json\/wp\/v2\/posts\/34026\/revisions"}],"predecessor-version":[{"id":34027,"href":"https:\/\/novisad2022.rs\/en\/wp-json\/wp\/v2\/posts\/34026\/revisions\/34027"}],"wp:featuredmedia":[{"embeddable":true,"href":"https:\/\/novisad2022.rs\/en\/wp-json\/wp\/v2\/media\/34014"}],"wp:attachment":[{"href":"https:\/\/novisad2022.rs\/en\/wp-json\/wp\/v2\/media?parent=34026"}],"wp:term":[{"taxonomy":"category","embeddable":true,"href":"https:\/\/novisad2022.rs\/en\/wp-json\/wp\/v2\/categories?post=34026"},{"taxonomy":"post_tag","embeddable":true,"href":"https:\/\/novisad2022.rs\/en\/wp-json\/wp\/v2\/tags?post=34026"}],"curies":[{"name":"wp","href":"https:\/\/api.w.org\/{rel}","templated":true}]}}