{"id":34553,"date":"2024-12-18T11:46:15","date_gmt":"2024-12-18T10:46:15","guid":{"rendered":"https:\/\/novisad2022.rs\/?p=34553"},"modified":"2024-12-18T11:46:15","modified_gmt":"2024-12-18T10:46:15","slug":"the-city-of-pilsen-announces-an-open-call-for-mural-artists","status":"publish","type":"post","link":"https:\/\/novisad2022.rs\/en\/the-city-of-pilsen-announces-an-open-call-for-mural-artists\/","title":{"rendered":"The city of Pilsen announces an open call for mural artists"},"content":{"rendered":"<p><strong>Create a unique mural in the historic center of Pilsen as part of the Pilsen Street Art Festival WALLZ No. 6! Pilsen Street Art Festival WALLZ No. 6 is looking for artists to create a large-scale permanent artwork representing the present and future of the city of Pilsen. The application deadline is January 20, with a prize worth 25,000 EUR.<\/strong><\/p>\n<section id=\"comp-m4b6qoiy\" class=\"comp-m4b6qoiy CohWsy wixui-column-strip\">\n<div class=\"V5AUxf\" data-testid=\"columns\">\n<div id=\"comp-m4b6qojq1\" class=\"comp-m4b6qojq1 YzqVVZ wixui-column-strip__column\">\n<div class=\"\" data-mesh-id=\"comp-m4b6qojq1inlineContent\" data-testid=\"inline-content\">\n<div data-mesh-id=\"comp-m4b6qojq1inlineContent-gridContainer\" data-testid=\"mesh-container-content\">\n<div id=\"comp-m4b9cvo0\" class=\"comp-m4b9cvo0 SPY_vo\">\n<div class=\"\" data-mesh-id=\"comp-m4b9cvo0inlineContent\" data-testid=\"inline-content\">\n<div data-mesh-id=\"comp-m4b9cvo0inlineContent-gridContainer\" data-testid=\"mesh-container-content\">\n<div id=\"comp-m4b6qojs\" class=\"HcOXKn c9GqVL QxJLC3 lq2cno YQcXTT comp-m4b6qojs wixui-rich-text\" data-testid=\"richTextElement\">\n<p class=\"font_8 wixui-rich-text__text\"><span class=\"wixui-rich-text__text\">LOCATION:<\/span><\/p>\n<ul class=\"font_8 wixui-rich-text__text\">\n<li class=\"wixui-rich-text__text\">\n<p class=\"font_8 wixui-rich-text__text\"><span class=\"wixui-rich-text__text\">South facade of a building at \u2013 K\u0159i\u017e\u00edkovy sady 345\/9, Plze\u0148<\/span><\/p>\n<\/li>\n<li class=\"wixui-rich-text__text\">\n<p class=\"font_8 wixui-rich-text__text\"><span class=\"wixui-rich-text__text\"><a class=\"wixui-rich-text__text\" href=\"https:\/\/www.google.com\/maps\/@49.7467529,13.3793967,19.25z?entry=ttu&amp;g_ep=EgoyMDI0MTEyNC4xIKXMDSoASAFQAw%3D%3D\" target=\"_blank\" rel=\"noreferrer noopener\">Map<\/a><\/span><\/p>\n<\/li>\n<li class=\"wixui-rich-text__text\">\n<p class=\"font_8 wixui-rich-text__text\"><span class=\"wixui-rich-text__text\">Size:\u00a07 x 18 m<\/span><\/p>\n<\/li>\n<li class=\"wixui-rich-text__text\">\n<p class=\"font_8 wixui-rich-text__text\"><span class=\"wixui-rich-text__text\">Execution from a forklift platform<\/span><\/p>\n<\/li>\n<li class=\"wixui-rich-text__text\">\n<p class=\"font_8 wixui-rich-text__text\"><span class=\"wixui-rich-text__text\">The costs of implementation are covered by the organizers<\/span><\/p>\n<\/li>\n<\/ul>\n<\/div>\n<\/div>\n<\/div>\n<\/div>\n<div id=\"comp-m4b6qojx5\" class=\"HcOXKn c9GqVL QxJLC3 lq2cno YQcXTT comp-m4b6qojx5 wixui-rich-text\" data-testid=\"richTextElement\">\n<p class=\"font_8 wixui-rich-text__text\"><span class=\"wixui-rich-text__text\">CONTEXT AND LOCATION OF THE PIECE:<\/span><\/p>\n<ul class=\"font_8 wixui-rich-text__text\">\n<li class=\"wixui-rich-text__text\">\n<p class=\"font_8 wixui-rich-text__text\"><span class=\"wixui-rich-text__text\">The mural is intended for the south facade of a historic house in the city centre in the protected heritage site. This is one of the most exposed areas for the realization of a large-scale mural in the city.<\/span><\/p>\n<\/li>\n<li class=\"wixui-rich-text__text\">\n<p class=\"font_8 wixui-rich-text__text\"><span class=\"wixui-rich-text__text\">Close to this new mural is the historicizing large-scale mural,\u00a0<a class=\"wixui-rich-text__text\" href=\"https:\/\/krizkyavetrelci.plzne.cz\/katalog\/dilo\/1038\/\" target=\"_blank\" rel=\"noreferrer noopener\">Teatrum Mundi<\/a>, which refers to the city&#8217;s past and cultural heritage.<\/span><\/p>\n<\/li>\n<li class=\"wixui-rich-text__text\">\n<p class=\"font_8 wixui-rich-text__text\"><span class=\"wixui-rich-text__text\">The new mural should stand as a modern complement to this historic painting. While Teatrum Mundi focuses on the past, the new work should represent the present and future of Pilsen.<\/span><\/p>\n<\/li>\n<li class=\"wixui-rich-text__text\">\n<p class=\"font_8 wixui-rich-text__text\"><span class=\"wixui-rich-text__text\">A modern concept, innovative style and elements that refer to dynamism and progressiveness are desirable. On the contrary, creating an allegory of the city in a historicizing style is not desirable.<\/span><\/p>\n<\/li>\n<\/ul>\n<\/div>\n<div id=\"comp-m4ba5td4\" class=\"comp-m4ba5td4 SPY_vo\">\n<div class=\"\" data-mesh-id=\"comp-m4ba5td4inlineContent\" data-testid=\"inline-content\">\n<div data-mesh-id=\"comp-m4ba5td4inlineContent-gridContainer\" data-testid=\"mesh-container-content\">\n<div id=\"comp-m4b6qok0\" class=\"MazNVa comp-m4b6qok0 wixui-image\"><\/div>\n<\/div>\n<\/div>\n<\/div>\n<div id=\"comp-m4b6qokf2\" class=\"HcOXKn c9GqVL QxJLC3 lq2cno YQcXTT comp-m4b6qokf2 wixui-rich-text\" data-testid=\"richTextElement\">\n<p class=\"font_8 wixui-rich-text__text\"><span class=\"wixui-rich-text__text\">THE MAIN IDEAS THAT THE PIECE SHALL EXPRESS:<\/span><\/p>\n<ul class=\"font_8 wixui-rich-text__text\">\n<li class=\"wixui-rich-text__text\">\n<p class=\"font_8 wixui-rich-text__text\"><span class=\"wixui-rich-text__text\">Pilsen is a city with a rich history, which is also looking into the future. This work should reflect the balance between tradition and innovation. Pilsen is not just a collection of buildings and streets; it is a living organism made up of the people who live here and create its identity. Every citizen is an inseparable part of the city&#8217;s story.<\/span><\/p>\n<\/li>\n<li class=\"wixui-rich-text__text\">\n<p class=\"font_8 wixui-rich-text__text\"><span class=\"wixui-rich-text__text\">Pilsen as a bridge between the past and the future: The theme of linking historical heritage with modern trends and technologies.<\/span><\/p>\n<\/li>\n<li class=\"wixui-rich-text__text\">\n<p class=\"font_8 wixui-rich-text__text\"><span class=\"wixui-rich-text__text\">People make the city: The mural should emphasize the active participation of citizens in shaping the city life.<\/span><\/p>\n<\/li>\n<li class=\"wixui-rich-text__text\">\n<p class=\"font_8 wixui-rich-text__text\"><span class=\"wixui-rich-text__text\">Reminder of the 2015 ECoC (European Capital of Culture): The piece should make a subtle but clear reference to the event that changed the cultural face of Pilsen and raised wider European awareness about the city.<\/span><\/p>\n<\/li>\n<\/ul>\n<\/div>\n<\/div>\n<\/div>\n<\/div>\n<\/div>\n<\/section>\n<section id=\"comp-m4b7n37v\" class=\"comp-m4b7n37v CohWsy wixui-column-strip\">\n<div class=\"V5AUxf\" data-testid=\"columns\">\n<div id=\"comp-m4b7n38y3\" class=\"comp-m4b7n38y3 YzqVVZ wixui-column-strip__column\">\n<div class=\"\" data-mesh-id=\"comp-m4b7n38y3inlineContent\" data-testid=\"inline-content\">\n<div data-mesh-id=\"comp-m4b7n38y3inlineContent-gridContainer\" data-testid=\"mesh-container-content\">\n<div id=\"comp-m4b7n39l2\" class=\"HcOXKn c9GqVL QxJLC3 lq2cno YQcXTT comp-m4b7n39l2 wixui-rich-text\" data-testid=\"richTextElement\">\n<p class=\"font_8 wixui-rich-text__text\"><span class=\"wixui-rich-text__text\">REQUIREMENTS:<\/span><\/p>\n<ul class=\"font_8 wixui-rich-text__text\">\n<li class=\"wixui-rich-text__text\">\n<p class=\"font_8 wixui-rich-text__text\"><span class=\"wixui-rich-text__text\">The mural shall be creative and at the same time comprehensible to the general public.<\/span><\/p>\n<\/li>\n<li class=\"wixui-rich-text__text\">\n<p class=\"font_8 wixui-rich-text__text\"><span class=\"wixui-rich-text__text\">The work shall include elements that symbolize Pilsen as an open, progressive city, while at the same time not neglecting its historical and cultural value.<\/span><\/p>\n<\/li>\n<li class=\"wixui-rich-text__text\">\n<p class=\"font_8 wixui-rich-text__text\"><span class=\"wixui-rich-text__text\">The placement of reference to 2015 ECoC can be symbolic or in the form of an integrated motif.<\/span><\/p>\n<\/li>\n<li class=\"wixui-rich-text__text\">\n<p class=\"font_8 wixui-rich-text__text\"><span class=\"wixui-rich-text__text\">A modern, innovative style that becomes a worthy and at the same time contrasting partner to the Teatrum Mundi mural.<\/span><\/p>\n<\/li>\n<\/ul>\n<p class=\"font_8 wixui-rich-text__text\"><span class=\"wixui-rich-text__text\">THE APPLICATION IN ENGLISH SHALL INCLUDE:<\/span><\/p>\n<ul class=\"font_8 wixui-rich-text__text\">\n<li class=\"wixui-rich-text__text\">\n<p class=\"font_8 wixui-rich-text__text\"><span class=\"wixui-rich-text__text\">Proposal of the piece and a visualization of the wall<\/span><\/p>\n<\/li>\n<li class=\"wixui-rich-text__text\">\n<p class=\"font_8 wixui-rich-text__text\"><span class=\"wixui-rich-text__text\">CV<\/span><\/p>\n<\/li>\n<li class=\"wixui-rich-text__text\">\n<p class=\"font_8 wixui-rich-text__text\"><span class=\"wixui-rich-text__text\">Portfolio<\/span><\/p>\n<\/li>\n<\/ul>\n<p class=\"font_8 wixui-rich-text__text\"><span class=\"wixui-rich-text__text\">SELECTION PROCEDURE:<\/span><\/p>\n<ul class=\"font_8 wixui-rich-text__text\">\n<li class=\"wixui-rich-text__text\">\n<p class=\"font_8 wixui-rich-text__text\"><span class=\"wixui-rich-text__text\">A Selection Board will review the applications received during February 2025.<\/span><\/p>\n<\/li>\n<li class=\"wixui-rich-text__text\">\n<p class=\"font_8 wixui-rich-text__text\"><span class=\"wixui-rich-text__text\">The Board will select the top 3 works and the final piece will be selected by the public, no later than 30 March 2025.<\/span><\/p>\n<\/li>\n<\/ul>\n<p class=\"font_8 wixui-rich-text__text\"><span class=\"wixui-rich-text__text\">\u00a0The Board consists of:<\/span><\/p>\n<ul class=\"font_8 wixui-rich-text__text\">\n<li class=\"wixui-rich-text__text\">\n<p class=\"font_8 wixui-rich-text__text\"><span class=\"wixui-rich-text__text\">Curatorial team of the Wallz Festival &#8211; Krist\u00fdna Jir\u00e1tov\u00e1 and Jan \u0160t\u011bp\u00e1n<\/span><\/p>\n<\/li>\n<li class=\"wixui-rich-text__text\">\n<p class=\"font_8 wixui-rich-text__text\"><span class=\"wixui-rich-text__text\">Expert curatorial team of the Department of Culture of the City of Pilsen<\/span><\/p>\n<\/li>\n<li class=\"wixui-rich-text__text\">\n<p class=\"font_8 wixui-rich-text__text\"><span class=\"wixui-rich-text__text\">Representative of the National Heritage Institute<\/span><\/p>\n<\/li>\n<\/ul>\n<p class=\"font_8 wixui-rich-text__text\"><span class=\"wixui-rich-text__text\">The Board reserves the right to reject any project without giving reasons for its decision. The decision of the Board is final and cannot be appealed.<\/span><\/p>\n<p class=\"font_8 wixui-rich-text__text\"><span class=\"wixui-rich-text__text\">The results of the call will be published by 30 March 2025 at the latest on the following websites: Wallzfestival.cz and DEPO2015.cz. All accepted applicants will be contacted by email. \u00a0\u00a0<\/span><\/p>\n<p class=\"font_8 wixui-rich-text__text\"><span class=\"wixui-rich-text__text\">DEADLINE FOR SUBMITTING APPLICATIONS:<\/span><\/p>\n<p class=\"font_8 wixui-rich-text__text\"><span class=\"wixui-rich-text__text\">20 January 2025 (inclusive)<\/span><\/p>\n<p class=\"font_8 wixui-rich-text__text\"><span class=\"wixui-rich-text__text\">Applications sent after this date will not be accepted for the selection procedure.<\/span><\/p>\n<p class=\"font_8 wixui-rich-text__text\"><span class=\"wixui-rich-text__text\">PLEASE SEND YOUR APPLICATIONS AND QUESTIONS TO:\u00a0<a class=\"wixui-rich-text__text\" href=\"mailto:stepanjan@depo2015.cz\" target=\"_self\">stepanjan@depo2015.cz<\/a><\/span><\/p>\n<p><a href=\"https:\/\/www.wallzfestival.cz\/en\/opencall2025\">More info here.<\/a><\/p>\n<\/div>\n<\/div>\n<\/div>\n<\/div>\n<\/div>\n<\/section>","protected":false},"excerpt":{"rendered":"<p>Create a unique mural in the historic center of Pilsen as part of the Pilsen Street Art Festival WALLZ No. 6! Pilsen Street Art Festival WALLZ No. 6 is looking for artists to create a large-scale permanent artwork representing the present and future of the city of Pilsen. The application deadline is January 20, with [&hellip;]<\/p>\n","protected":false},"author":8,"featured_media":34551,"comment_status":"open","ping_status":"open","sticky":false,"template":"","format":"standard","meta":{"site-sidebar-layout":"default","site-content-layout":"","ast-site-content-layout":"default","site-content-style":"default","site-sidebar-style":"default","ast-global-header-display":"","ast-banner-title-visibility":"","ast-main-header-display":"","ast-hfb-above-header-display":"","ast-hfb-below-header-display":"","ast-hfb-mobile-header-display":"","site-post-title":"","ast-breadcrumbs-content":"","ast-featured-img":"","footer-sml-layout":"","ast-disable-related-posts":"","theme-transparent-header-meta":"default","adv-header-id-meta":"","stick-header-meta":"","header-above-stick-meta":"","header-main-stick-meta":"","header-below-stick-meta":"","astra-migrate-meta-layouts":"set","ast-page-background-enabled":"default","ast-page-background-meta":{"desktop":{"background-color":"","background-image":"","background-repeat":"repeat","background-position":"center center","background-size":"auto","background-attachment":"scroll","background-type":"","background-media":"","overlay-type":"","overlay-color":"","overlay-opacity":"","overlay-gradient":""},"tablet":{"background-color":"","background-image":"","background-repeat":"repeat","background-position":"center center","background-size":"auto","background-attachment":"scroll","background-type":"","background-media":"","overlay-type":"","overlay-color":"","overlay-opacity":"","overlay-gradient":""},"mobile":{"background-color":"","background-image":"","background-repeat":"repeat","background-position":"center center","background-size":"auto","background-attachment":"scroll","background-type":"","background-media":"","overlay-type":"","overlay-color":"","overlay-opacity":"","overlay-gradient":""}},"ast-content-background-meta":{"desktop":{"background-color":"var(--ast-global-color-5)","background-image":"","background-repeat":"repeat","background-position":"center center","background-size":"auto","background-attachment":"scroll","background-type":"","background-media":"","overlay-type":"","overlay-color":"","overlay-opacity":"","overlay-gradient":""},"tablet":{"background-color":"var(--ast-global-color-5)","background-image":"","background-repeat":"repeat","background-position":"center center","background-size":"auto","background-attachment":"scroll","background-type":"","background-media":"","overlay-type":"","overlay-color":"","overlay-opacity":"","overlay-gradient":""},"mobile":{"background-color":"var(--ast-global-color-5)","background-image":"","background-repeat":"repeat","background-position":"center center","background-size":"auto","background-attachment":"scroll","background-type":"","background-media":"","overlay-type":"","overlay-color":"","overlay-opacity":"","overlay-gradient":""}},"footnotes":""},"categories":[70],"tags":[],"class_list":["post-34553","post","type-post","status-publish","format-standard","has-post-thumbnail","hentry","category-news"],"yoast_head":"<!-- This site is optimized with the Yoast SEO plugin v27.0 - https:\/\/yoast.com\/product\/yoast-seo-wordpress\/ -->\n<title>The city of Pilsen announces an open call for mural artists - Novi Sad 2022<\/title>\n<meta name=\"robots\" content=\"index, follow, max-snippet:-1, max-image-preview:large, max-video-preview:-1\" \/>\n<link rel=\"canonical\" href=\"https:\/\/novisad2022.rs\/en\/the-city-of-pilsen-announces-an-open-call-for-mural-artists\/\" \/>\n<meta property=\"og:locale\" content=\"en_US\" \/>\n<meta property=\"og:type\" content=\"article\" \/>\n<meta property=\"og:title\" content=\"The city of Pilsen announces an open call for mural artists - Novi Sad 2022\" \/>\n<meta property=\"og:description\" content=\"Create a unique mural in the historic center of Pilsen as part of the Pilsen Street Art Festival WALLZ No. 6! Pilsen Street Art Festival WALLZ No. 6 is looking for artists to create a large-scale permanent artwork representing the present and future of the city of Pilsen. The application deadline is January 20, with [&hellip;]\" \/>\n<meta property=\"og:url\" content=\"https:\/\/novisad2022.rs\/en\/the-city-of-pilsen-announces-an-open-call-for-mural-artists\/\" \/>\n<meta property=\"og:site_name\" content=\"Novi Sad 2022\" \/>\n<meta property=\"article:published_time\" content=\"2024-12-18T10:46:15+00:00\" \/>\n<meta property=\"og:image\" content=\"https:\/\/novisad2022.rs\/wp-content\/uploads\/2024\/12\/470015470_987845060034881_5497111589651642435_n.jpg\" \/>\n\t<meta property=\"og:image:width\" content=\"1080\" \/>\n\t<meta property=\"og:image:height\" content=\"1080\" \/>\n\t<meta property=\"og:image:type\" content=\"image\/jpeg\" \/>\n<meta name=\"author\" content=\"Jasmina\" \/>\n<meta name=\"twitter:card\" content=\"summary_large_image\" \/>\n<meta name=\"twitter:label1\" content=\"Written by\" \/>\n\t<meta name=\"twitter:data1\" content=\"Jasmina\" \/>\n\t<meta name=\"twitter:label2\" content=\"Est. reading time\" \/>\n\t<meta name=\"twitter:data2\" content=\"3 minutes\" \/>\n<script type=\"application\/ld+json\" class=\"yoast-schema-graph\">{\"@context\":\"https:\/\/schema.org\",\"@graph\":[{\"@type\":\"Article\",\"@id\":\"https:\/\/novisad2022.rs\/en\/the-city-of-pilsen-announces-an-open-call-for-mural-artists\/#article\",\"isPartOf\":{\"@id\":\"https:\/\/novisad2022.rs\/en\/the-city-of-pilsen-announces-an-open-call-for-mural-artists\/\"},\"author\":{\"name\":\"Jasmina\",\"@id\":\"https:\/\/novisad2022.rs\/en\/#\/schema\/person\/ac5cc999e141a0cc6699aee7c62e6a77\"},\"headline\":\"The city of Pilsen announces an open call for mural artists\",\"datePublished\":\"2024-12-18T10:46:15+00:00\",\"mainEntityOfPage\":{\"@id\":\"https:\/\/novisad2022.rs\/en\/the-city-of-pilsen-announces-an-open-call-for-mural-artists\/\"},\"wordCount\":627,\"commentCount\":0,\"image\":{\"@id\":\"https:\/\/novisad2022.rs\/en\/the-city-of-pilsen-announces-an-open-call-for-mural-artists\/#primaryimage\"},\"thumbnailUrl\":\"https:\/\/novisad2022.rs\/wp-content\/uploads\/2024\/12\/470015470_987845060034881_5497111589651642435_n.jpg\",\"articleSection\":[\"News\"],\"inLanguage\":\"en-US\",\"potentialAction\":[{\"@type\":\"CommentAction\",\"name\":\"Comment\",\"target\":[\"https:\/\/novisad2022.rs\/en\/the-city-of-pilsen-announces-an-open-call-for-mural-artists\/#respond\"]}]},{\"@type\":\"WebPage\",\"@id\":\"https:\/\/novisad2022.rs\/en\/the-city-of-pilsen-announces-an-open-call-for-mural-artists\/\",\"url\":\"https:\/\/novisad2022.rs\/en\/the-city-of-pilsen-announces-an-open-call-for-mural-artists\/\",\"name\":\"The city of Pilsen announces an open call for mural artists - Novi Sad 2022\",\"isPartOf\":{\"@id\":\"https:\/\/novisad2022.rs\/en\/#website\"},\"primaryImageOfPage\":{\"@id\":\"https:\/\/novisad2022.rs\/en\/the-city-of-pilsen-announces-an-open-call-for-mural-artists\/#primaryimage\"},\"image\":{\"@id\":\"https:\/\/novisad2022.rs\/en\/the-city-of-pilsen-announces-an-open-call-for-mural-artists\/#primaryimage\"},\"thumbnailUrl\":\"https:\/\/novisad2022.rs\/wp-content\/uploads\/2024\/12\/470015470_987845060034881_5497111589651642435_n.jpg\",\"datePublished\":\"2024-12-18T10:46:15+00:00\",\"author\":{\"@id\":\"https:\/\/novisad2022.rs\/en\/#\/schema\/person\/ac5cc999e141a0cc6699aee7c62e6a77\"},\"breadcrumb\":{\"@id\":\"https:\/\/novisad2022.rs\/en\/the-city-of-pilsen-announces-an-open-call-for-mural-artists\/#breadcrumb\"},\"inLanguage\":\"en-US\",\"potentialAction\":[{\"@type\":\"ReadAction\",\"target\":[\"https:\/\/novisad2022.rs\/en\/the-city-of-pilsen-announces-an-open-call-for-mural-artists\/\"]}]},{\"@type\":\"ImageObject\",\"inLanguage\":\"en-US\",\"@id\":\"https:\/\/novisad2022.rs\/en\/the-city-of-pilsen-announces-an-open-call-for-mural-artists\/#primaryimage\",\"url\":\"https:\/\/novisad2022.rs\/wp-content\/uploads\/2024\/12\/470015470_987845060034881_5497111589651642435_n.jpg\",\"contentUrl\":\"https:\/\/novisad2022.rs\/wp-content\/uploads\/2024\/12\/470015470_987845060034881_5497111589651642435_n.jpg\",\"width\":1080,\"height\":1080},{\"@type\":\"BreadcrumbList\",\"@id\":\"https:\/\/novisad2022.rs\/en\/the-city-of-pilsen-announces-an-open-call-for-mural-artists\/#breadcrumb\",\"itemListElement\":[{\"@type\":\"ListItem\",\"position\":1,\"name\":\"\u041f\u043e\u0447\u0435\u0442\u043d\u0430\",\"item\":\"https:\/\/novisad2022.rs\/en\/home-page\/\"},{\"@type\":\"ListItem\",\"position\":2,\"name\":\"The city of Pilsen announces an open call for mural artists\"}]},{\"@type\":\"WebSite\",\"@id\":\"https:\/\/novisad2022.rs\/en\/#website\",\"url\":\"https:\/\/novisad2022.rs\/en\/\",\"name\":\"Novi Sad 2022\",\"description\":\"European Capital of Culture\",\"potentialAction\":[{\"@type\":\"SearchAction\",\"target\":{\"@type\":\"EntryPoint\",\"urlTemplate\":\"https:\/\/novisad2022.rs\/en\/?s={search_term_string}\"},\"query-input\":{\"@type\":\"PropertyValueSpecification\",\"valueRequired\":true,\"valueName\":\"search_term_string\"}}],\"inLanguage\":\"en-US\"},{\"@type\":\"Person\",\"@id\":\"https:\/\/novisad2022.rs\/en\/#\/schema\/person\/ac5cc999e141a0cc6699aee7c62e6a77\",\"name\":\"Jasmina\",\"image\":{\"@type\":\"ImageObject\",\"inLanguage\":\"en-US\",\"@id\":\"https:\/\/novisad2022.rs\/en\/#\/schema\/person\/image\/\",\"url\":\"https:\/\/secure.gravatar.com\/avatar\/1e299e2f3bd9f7617d41a61a43fc086c80151f6f5c6fa7873322cb5d18af2492?s=96&d=mm&r=g\",\"contentUrl\":\"https:\/\/secure.gravatar.com\/avatar\/1e299e2f3bd9f7617d41a61a43fc086c80151f6f5c6fa7873322cb5d18af2492?s=96&d=mm&r=g\",\"caption\":\"Jasmina\"}}]}<\/script>\n<!-- \/ Yoast SEO plugin. -->","yoast_head_json":{"title":"The city of Pilsen announces an open call for mural artists - Novi Sad 2022","robots":{"index":"index","follow":"follow","max-snippet":"max-snippet:-1","max-image-preview":"max-image-preview:large","max-video-preview":"max-video-preview:-1"},"canonical":"https:\/\/novisad2022.rs\/en\/the-city-of-pilsen-announces-an-open-call-for-mural-artists\/","og_locale":"en_US","og_type":"article","og_title":"The city of Pilsen announces an open call for mural artists - Novi Sad 2022","og_description":"Create a unique mural in the historic center of Pilsen as part of the Pilsen Street Art Festival WALLZ No. 6! Pilsen Street Art Festival WALLZ No. 6 is looking for artists to create a large-scale permanent artwork representing the present and future of the city of Pilsen. The application deadline is January 20, with [&hellip;]","og_url":"https:\/\/novisad2022.rs\/en\/the-city-of-pilsen-announces-an-open-call-for-mural-artists\/","og_site_name":"Novi Sad 2022","article_published_time":"2024-12-18T10:46:15+00:00","og_image":[{"width":1080,"height":1080,"url":"https:\/\/novisad2022.rs\/wp-content\/uploads\/2024\/12\/470015470_987845060034881_5497111589651642435_n.jpg","type":"image\/jpeg"}],"author":"Jasmina","twitter_card":"summary_large_image","twitter_misc":{"Written by":"Jasmina","Est. reading time":"3 minutes"},"schema":{"@context":"https:\/\/schema.org","@graph":[{"@type":"Article","@id":"https:\/\/novisad2022.rs\/en\/the-city-of-pilsen-announces-an-open-call-for-mural-artists\/#article","isPartOf":{"@id":"https:\/\/novisad2022.rs\/en\/the-city-of-pilsen-announces-an-open-call-for-mural-artists\/"},"author":{"name":"Jasmina","@id":"https:\/\/novisad2022.rs\/en\/#\/schema\/person\/ac5cc999e141a0cc6699aee7c62e6a77"},"headline":"The city of Pilsen announces an open call for mural artists","datePublished":"2024-12-18T10:46:15+00:00","mainEntityOfPage":{"@id":"https:\/\/novisad2022.rs\/en\/the-city-of-pilsen-announces-an-open-call-for-mural-artists\/"},"wordCount":627,"commentCount":0,"image":{"@id":"https:\/\/novisad2022.rs\/en\/the-city-of-pilsen-announces-an-open-call-for-mural-artists\/#primaryimage"},"thumbnailUrl":"https:\/\/novisad2022.rs\/wp-content\/uploads\/2024\/12\/470015470_987845060034881_5497111589651642435_n.jpg","articleSection":["News"],"inLanguage":"en-US","potentialAction":[{"@type":"CommentAction","name":"Comment","target":["https:\/\/novisad2022.rs\/en\/the-city-of-pilsen-announces-an-open-call-for-mural-artists\/#respond"]}]},{"@type":"WebPage","@id":"https:\/\/novisad2022.rs\/en\/the-city-of-pilsen-announces-an-open-call-for-mural-artists\/","url":"https:\/\/novisad2022.rs\/en\/the-city-of-pilsen-announces-an-open-call-for-mural-artists\/","name":"The city of Pilsen announces an open call for mural artists - Novi Sad 2022","isPartOf":{"@id":"https:\/\/novisad2022.rs\/en\/#website"},"primaryImageOfPage":{"@id":"https:\/\/novisad2022.rs\/en\/the-city-of-pilsen-announces-an-open-call-for-mural-artists\/#primaryimage"},"image":{"@id":"https:\/\/novisad2022.rs\/en\/the-city-of-pilsen-announces-an-open-call-for-mural-artists\/#primaryimage"},"thumbnailUrl":"https:\/\/novisad2022.rs\/wp-content\/uploads\/2024\/12\/470015470_987845060034881_5497111589651642435_n.jpg","datePublished":"2024-12-18T10:46:15+00:00","author":{"@id":"https:\/\/novisad2022.rs\/en\/#\/schema\/person\/ac5cc999e141a0cc6699aee7c62e6a77"},"breadcrumb":{"@id":"https:\/\/novisad2022.rs\/en\/the-city-of-pilsen-announces-an-open-call-for-mural-artists\/#breadcrumb"},"inLanguage":"en-US","potentialAction":[{"@type":"ReadAction","target":["https:\/\/novisad2022.rs\/en\/the-city-of-pilsen-announces-an-open-call-for-mural-artists\/"]}]},{"@type":"ImageObject","inLanguage":"en-US","@id":"https:\/\/novisad2022.rs\/en\/the-city-of-pilsen-announces-an-open-call-for-mural-artists\/#primaryimage","url":"https:\/\/novisad2022.rs\/wp-content\/uploads\/2024\/12\/470015470_987845060034881_5497111589651642435_n.jpg","contentUrl":"https:\/\/novisad2022.rs\/wp-content\/uploads\/2024\/12\/470015470_987845060034881_5497111589651642435_n.jpg","width":1080,"height":1080},{"@type":"BreadcrumbList","@id":"https:\/\/novisad2022.rs\/en\/the-city-of-pilsen-announces-an-open-call-for-mural-artists\/#breadcrumb","itemListElement":[{"@type":"ListItem","position":1,"name":"\u041f\u043e\u0447\u0435\u0442\u043d\u0430","item":"https:\/\/novisad2022.rs\/en\/home-page\/"},{"@type":"ListItem","position":2,"name":"The city of Pilsen announces an open call for mural artists"}]},{"@type":"WebSite","@id":"https:\/\/novisad2022.rs\/en\/#website","url":"https:\/\/novisad2022.rs\/en\/","name":"Novi Sad 2022","description":"European Capital of Culture","potentialAction":[{"@type":"SearchAction","target":{"@type":"EntryPoint","urlTemplate":"https:\/\/novisad2022.rs\/en\/?s={search_term_string}"},"query-input":{"@type":"PropertyValueSpecification","valueRequired":true,"valueName":"search_term_string"}}],"inLanguage":"en-US"},{"@type":"Person","@id":"https:\/\/novisad2022.rs\/en\/#\/schema\/person\/ac5cc999e141a0cc6699aee7c62e6a77","name":"Jasmina","image":{"@type":"ImageObject","inLanguage":"en-US","@id":"https:\/\/novisad2022.rs\/en\/#\/schema\/person\/image\/","url":"https:\/\/secure.gravatar.com\/avatar\/1e299e2f3bd9f7617d41a61a43fc086c80151f6f5c6fa7873322cb5d18af2492?s=96&d=mm&r=g","contentUrl":"https:\/\/secure.gravatar.com\/avatar\/1e299e2f3bd9f7617d41a61a43fc086c80151f6f5c6fa7873322cb5d18af2492?s=96&d=mm&r=g","caption":"Jasmina"}}]}},"_links":{"self":[{"href":"https:\/\/novisad2022.rs\/en\/wp-json\/wp\/v2\/posts\/34553","targetHints":{"allow":["GET"]}}],"collection":[{"href":"https:\/\/novisad2022.rs\/en\/wp-json\/wp\/v2\/posts"}],"about":[{"href":"https:\/\/novisad2022.rs\/en\/wp-json\/wp\/v2\/types\/post"}],"author":[{"embeddable":true,"href":"https:\/\/novisad2022.rs\/en\/wp-json\/wp\/v2\/users\/8"}],"replies":[{"embeddable":true,"href":"https:\/\/novisad2022.rs\/en\/wp-json\/wp\/v2\/comments?post=34553"}],"version-history":[{"count":1,"href":"https:\/\/novisad2022.rs\/en\/wp-json\/wp\/v2\/posts\/34553\/revisions"}],"predecessor-version":[{"id":34554,"href":"https:\/\/novisad2022.rs\/en\/wp-json\/wp\/v2\/posts\/34553\/revisions\/34554"}],"wp:featuredmedia":[{"embeddable":true,"href":"https:\/\/novisad2022.rs\/en\/wp-json\/wp\/v2\/media\/34551"}],"wp:attachment":[{"href":"https:\/\/novisad2022.rs\/en\/wp-json\/wp\/v2\/media?parent=34553"}],"wp:term":[{"taxonomy":"category","embeddable":true,"href":"https:\/\/novisad2022.rs\/en\/wp-json\/wp\/v2\/categories?post=34553"},{"taxonomy":"post_tag","embeddable":true,"href":"https:\/\/novisad2022.rs\/en\/wp-json\/wp\/v2\/tags?post=34553"}],"curies":[{"name":"wp","href":"https:\/\/api.w.org\/{rel}","templated":true}]}}