{"id":35455,"date":"2025-11-12T09:25:52","date_gmt":"2025-11-12T08:25:52","guid":{"rendered":"https:\/\/novisad2022.rs\/?p=35455"},"modified":"2025-11-12T09:25:52","modified_gmt":"2025-11-12T08:25:52","slug":"parks4all-artistic-residency-in-novi-sad-successfully-completed","status":"publish","type":"post","link":"https:\/\/novisad2022.rs\/en\/parks4all-artistic-residency-in-novi-sad-successfully-completed\/","title":{"rendered":"Parks4All Artistic Residency in Novi Sad Successfully Completed"},"content":{"rendered":"<div align=\"left\"><strong>From October 15 to 29, 2025, the Parks4All Artistic Residency took place in Novi Sad\u00a0as part of the Interreg VI-A IPA Hungary\u2013Serbia Programme.<\/strong><\/p>\n<p>During two inspiring weeks,\u00a0<b>artists from Serbia and Hungary, Dragutin Rajkovi\u0107, Rozina Takacs, Milica \u0110uki\u0107, Jana Panajotovi\u0107, Damjan Bo\u017eovi\u0107, and Barbara Suboti\u0107<\/b>, created artworks in public green spaces, exploring the connection between art, community, and nature.<\/p>\n<p>The residency provided a space for creative experimentation, collaboration, and dialogue through diverse artistic expressions \u2014 from visual art and installations to performance and contemporary public art practices.<\/p>\n<div>The Parks4All project aims to activate and reinterpret public parks and green spaces, strengthening the bond between art and the community.<\/div>\n<div><\/div>\n<div><\/div>\n<div><\/div>\n<div><img decoding=\"async\" src=\"https:\/\/www.cinemacity.org\/media_lib\/files\/Damjan.jpg\" align=\"default\" border=\"0\" hspace=\"6\" vspace=\"6\" \/><\/div>\n<div><img decoding=\"async\" src=\"https:\/\/www.cinemacity.org\/media_lib\/files\/Damjan1.jpg\" align=\"default\" border=\"0\" hspace=\"6\" vspace=\"6\" \/><\/div>\n<div><\/div>\n<p>This document and event has been produced with the financial assistance of the European Union through the Interreg VI-A IPA Hungary-Serbia programme. The content of the document and event is the sole responsibility of Wemsical Serbia Youth and Cultural Association and can under no circumstances be regarded as reflecting the position of the European Union and\/or the Managing Authority of the Programme.<\/p>\n<p>The Interreg VI-A IPA Hungary-Serbia programme is implemented within the 2021-2027 European Union financial framework, under the Instrument for Pre-accession Assistance (IPA). On the basis of \u201cshared management system\u201d of the participating countries &#8211; Hungary and Serbia, the Programme funds and supports co-operation projects of organizations located in the Programme-eligible area &#8211; Hungarian counties Csongr\u00e1d-Csan\u00e1d and B\u00e1cs-Kiskun, and Serbian territories: West Ba\u010dka, North Ba\u010dka, South Ba\u010dka, North Banat, Central Banat, South Banat and Srem.<\/p>\n<div>The Programme helps the development of a stable and co-operating region and the overall quality of life in the border region. It enables economic collaboration of organizations from the two countries, nurtures the common identity, and cultural and historical heritage of the border region, and contributes to its environmental sustainability and safety.<\/div>\n<div><\/div>\n<p>For more information, please visit:\u00a0<a href=\"http:\/\/hungary-serbia.eu\/\" target=\"_self\">www.hungary-serbia.eu<\/a><\/div>\n<p>&nbsp;<\/p>\n<div>\n<div class=\"clearfix\"><\/div>\n<\/div>","protected":false},"excerpt":{"rendered":"<p>From October 15 to 29, 2025, the Parks4All Artistic Residency took place in Novi Sad\u00a0as part of the Interreg VI-A IPA Hungary\u2013Serbia Programme. During two inspiring weeks,\u00a0artists from Serbia and Hungary, Dragutin Rajkovi\u0107, Rozina Takacs, Milica \u0110uki\u0107, Jana Panajotovi\u0107, Damjan Bo\u017eovi\u0107, and Barbara Suboti\u0107, created artworks in public green spaces, exploring the connection between art, [&hellip;]<\/p>\n","protected":false},"author":8,"featured_media":35447,"comment_status":"open","ping_status":"open","sticky":false,"template":"","format":"standard","meta":{"site-sidebar-layout":"default","site-content-layout":"","ast-site-content-layout":"default","site-content-style":"default","site-sidebar-style":"default","ast-global-header-display":"","ast-banner-title-visibility":"","ast-main-header-display":"","ast-hfb-above-header-display":"","ast-hfb-below-header-display":"","ast-hfb-mobile-header-display":"","site-post-title":"","ast-breadcrumbs-content":"","ast-featured-img":"","footer-sml-layout":"","ast-disable-related-posts":"","theme-transparent-header-meta":"default","adv-header-id-meta":"","stick-header-meta":"","header-above-stick-meta":"","header-main-stick-meta":"","header-below-stick-meta":"","astra-migrate-meta-layouts":"set","ast-page-background-enabled":"default","ast-page-background-meta":{"desktop":{"background-color":"","background-image":"","background-repeat":"repeat","background-position":"center center","background-size":"auto","background-attachment":"scroll","background-type":"","background-media":"","overlay-type":"","overlay-color":"","overlay-opacity":"","overlay-gradient":""},"tablet":{"background-color":"","background-image":"","background-repeat":"repeat","background-position":"center center","background-size":"auto","background-attachment":"scroll","background-type":"","background-media":"","overlay-type":"","overlay-color":"","overlay-opacity":"","overlay-gradient":""},"mobile":{"background-color":"","background-image":"","background-repeat":"repeat","background-position":"center center","background-size":"auto","background-attachment":"scroll","background-type":"","background-media":"","overlay-type":"","overlay-color":"","overlay-opacity":"","overlay-gradient":""}},"ast-content-background-meta":{"desktop":{"background-color":"var(--ast-global-color-5)","background-image":"","background-repeat":"repeat","background-position":"center center","background-size":"auto","background-attachment":"scroll","background-type":"","background-media":"","overlay-type":"","overlay-color":"","overlay-opacity":"","overlay-gradient":""},"tablet":{"background-color":"var(--ast-global-color-5)","background-image":"","background-repeat":"repeat","background-position":"center center","background-size":"auto","background-attachment":"scroll","background-type":"","background-media":"","overlay-type":"","overlay-color":"","overlay-opacity":"","overlay-gradient":""},"mobile":{"background-color":"var(--ast-global-color-5)","background-image":"","background-repeat":"repeat","background-position":"center center","background-size":"auto","background-attachment":"scroll","background-type":"","background-media":"","overlay-type":"","overlay-color":"","overlay-opacity":"","overlay-gradient":""}},"footnotes":""},"categories":[70],"tags":[],"class_list":["post-35455","post","type-post","status-publish","format-standard","has-post-thumbnail","hentry","category-news"],"yoast_head":"<!-- This site is optimized with the Yoast SEO plugin v27.0 - https:\/\/yoast.com\/product\/yoast-seo-wordpress\/ -->\n<title>Parks4All Artistic Residency in Novi Sad Successfully Completed - Novi Sad 2022<\/title>\n<meta name=\"robots\" content=\"index, follow, max-snippet:-1, max-image-preview:large, max-video-preview:-1\" \/>\n<link rel=\"canonical\" href=\"https:\/\/novisad2022.rs\/en\/parks4all-artistic-residency-in-novi-sad-successfully-completed\/\" \/>\n<meta property=\"og:locale\" content=\"en_US\" \/>\n<meta property=\"og:type\" content=\"article\" \/>\n<meta property=\"og:title\" content=\"Parks4All Artistic Residency in Novi Sad Successfully Completed - Novi Sad 2022\" \/>\n<meta property=\"og:description\" content=\"From October 15 to 29, 2025, the Parks4All Artistic Residency took place in Novi Sad\u00a0as part of the Interreg VI-A IPA Hungary\u2013Serbia Programme. During two inspiring weeks,\u00a0artists from Serbia and Hungary, Dragutin Rajkovi\u0107, Rozina Takacs, Milica \u0110uki\u0107, Jana Panajotovi\u0107, Damjan Bo\u017eovi\u0107, and Barbara Suboti\u0107, created artworks in public green spaces, exploring the connection between art, [&hellip;]\" \/>\n<meta property=\"og:url\" content=\"https:\/\/novisad2022.rs\/en\/parks4all-artistic-residency-in-novi-sad-successfully-completed\/\" \/>\n<meta property=\"og:site_name\" content=\"Novi Sad 2022\" \/>\n<meta property=\"article:published_time\" content=\"2025-11-12T08:25:52+00:00\" \/>\n<meta property=\"og:image\" content=\"https:\/\/novisad2022.rs\/wp-content\/uploads\/2025\/11\/Dragutin.jpg\" \/>\n\t<meta property=\"og:image:width\" content=\"2016\" \/>\n\t<meta property=\"og:image:height\" content=\"1512\" \/>\n\t<meta property=\"og:image:type\" content=\"image\/jpeg\" \/>\n<meta name=\"author\" content=\"Jasmina\" \/>\n<meta name=\"twitter:card\" content=\"summary_large_image\" \/>\n<meta name=\"twitter:label1\" content=\"Written by\" \/>\n\t<meta name=\"twitter:data1\" content=\"Jasmina\" \/>\n\t<meta name=\"twitter:label2\" content=\"Est. reading time\" \/>\n\t<meta name=\"twitter:data2\" content=\"2 minutes\" \/>\n<script type=\"application\/ld+json\" class=\"yoast-schema-graph\">{\"@context\":\"https:\/\/schema.org\",\"@graph\":[{\"@type\":\"Article\",\"@id\":\"https:\/\/novisad2022.rs\/en\/parks4all-artistic-residency-in-novi-sad-successfully-completed\/#article\",\"isPartOf\":{\"@id\":\"https:\/\/novisad2022.rs\/en\/parks4all-artistic-residency-in-novi-sad-successfully-completed\/\"},\"author\":{\"name\":\"Jasmina\",\"@id\":\"https:\/\/novisad2022.rs\/en\/#\/schema\/person\/ac5cc999e141a0cc6699aee7c62e6a77\"},\"headline\":\"Parks4All Artistic Residency in Novi Sad Successfully Completed\",\"datePublished\":\"2025-11-12T08:25:52+00:00\",\"mainEntityOfPage\":{\"@id\":\"https:\/\/novisad2022.rs\/en\/parks4all-artistic-residency-in-novi-sad-successfully-completed\/\"},\"wordCount\":322,\"commentCount\":0,\"image\":{\"@id\":\"https:\/\/novisad2022.rs\/en\/parks4all-artistic-residency-in-novi-sad-successfully-completed\/#primaryimage\"},\"thumbnailUrl\":\"https:\/\/novisad2022.rs\/wp-content\/uploads\/2025\/11\/Dragutin.jpg\",\"articleSection\":[\"News\"],\"inLanguage\":\"en-US\",\"potentialAction\":[{\"@type\":\"CommentAction\",\"name\":\"Comment\",\"target\":[\"https:\/\/novisad2022.rs\/en\/parks4all-artistic-residency-in-novi-sad-successfully-completed\/#respond\"]}]},{\"@type\":\"WebPage\",\"@id\":\"https:\/\/novisad2022.rs\/en\/parks4all-artistic-residency-in-novi-sad-successfully-completed\/\",\"url\":\"https:\/\/novisad2022.rs\/en\/parks4all-artistic-residency-in-novi-sad-successfully-completed\/\",\"name\":\"Parks4All Artistic Residency in Novi Sad Successfully Completed - Novi Sad 2022\",\"isPartOf\":{\"@id\":\"https:\/\/novisad2022.rs\/en\/#website\"},\"primaryImageOfPage\":{\"@id\":\"https:\/\/novisad2022.rs\/en\/parks4all-artistic-residency-in-novi-sad-successfully-completed\/#primaryimage\"},\"image\":{\"@id\":\"https:\/\/novisad2022.rs\/en\/parks4all-artistic-residency-in-novi-sad-successfully-completed\/#primaryimage\"},\"thumbnailUrl\":\"https:\/\/novisad2022.rs\/wp-content\/uploads\/2025\/11\/Dragutin.jpg\",\"datePublished\":\"2025-11-12T08:25:52+00:00\",\"author\":{\"@id\":\"https:\/\/novisad2022.rs\/en\/#\/schema\/person\/ac5cc999e141a0cc6699aee7c62e6a77\"},\"breadcrumb\":{\"@id\":\"https:\/\/novisad2022.rs\/en\/parks4all-artistic-residency-in-novi-sad-successfully-completed\/#breadcrumb\"},\"inLanguage\":\"en-US\",\"potentialAction\":[{\"@type\":\"ReadAction\",\"target\":[\"https:\/\/novisad2022.rs\/en\/parks4all-artistic-residency-in-novi-sad-successfully-completed\/\"]}]},{\"@type\":\"ImageObject\",\"inLanguage\":\"en-US\",\"@id\":\"https:\/\/novisad2022.rs\/en\/parks4all-artistic-residency-in-novi-sad-successfully-completed\/#primaryimage\",\"url\":\"https:\/\/novisad2022.rs\/wp-content\/uploads\/2025\/11\/Dragutin.jpg\",\"contentUrl\":\"https:\/\/novisad2022.rs\/wp-content\/uploads\/2025\/11\/Dragutin.jpg\",\"width\":2016,\"height\":1512},{\"@type\":\"BreadcrumbList\",\"@id\":\"https:\/\/novisad2022.rs\/en\/parks4all-artistic-residency-in-novi-sad-successfully-completed\/#breadcrumb\",\"itemListElement\":[{\"@type\":\"ListItem\",\"position\":1,\"name\":\"\u041f\u043e\u0447\u0435\u0442\u043d\u0430\",\"item\":\"https:\/\/novisad2022.rs\/en\/home-page\/\"},{\"@type\":\"ListItem\",\"position\":2,\"name\":\"Parks4All Artistic Residency in Novi Sad Successfully Completed\"}]},{\"@type\":\"WebSite\",\"@id\":\"https:\/\/novisad2022.rs\/en\/#website\",\"url\":\"https:\/\/novisad2022.rs\/en\/\",\"name\":\"Novi Sad 2022\",\"description\":\"European Capital of Culture\",\"potentialAction\":[{\"@type\":\"SearchAction\",\"target\":{\"@type\":\"EntryPoint\",\"urlTemplate\":\"https:\/\/novisad2022.rs\/en\/?s={search_term_string}\"},\"query-input\":{\"@type\":\"PropertyValueSpecification\",\"valueRequired\":true,\"valueName\":\"search_term_string\"}}],\"inLanguage\":\"en-US\"},{\"@type\":\"Person\",\"@id\":\"https:\/\/novisad2022.rs\/en\/#\/schema\/person\/ac5cc999e141a0cc6699aee7c62e6a77\",\"name\":\"Jasmina\",\"image\":{\"@type\":\"ImageObject\",\"inLanguage\":\"en-US\",\"@id\":\"https:\/\/novisad2022.rs\/en\/#\/schema\/person\/image\/\",\"url\":\"https:\/\/secure.gravatar.com\/avatar\/1e299e2f3bd9f7617d41a61a43fc086c80151f6f5c6fa7873322cb5d18af2492?s=96&d=mm&r=g\",\"contentUrl\":\"https:\/\/secure.gravatar.com\/avatar\/1e299e2f3bd9f7617d41a61a43fc086c80151f6f5c6fa7873322cb5d18af2492?s=96&d=mm&r=g\",\"caption\":\"Jasmina\"}}]}<\/script>\n<!-- \/ Yoast SEO plugin. -->","yoast_head_json":{"title":"Parks4All Artistic Residency in Novi Sad Successfully Completed - Novi Sad 2022","robots":{"index":"index","follow":"follow","max-snippet":"max-snippet:-1","max-image-preview":"max-image-preview:large","max-video-preview":"max-video-preview:-1"},"canonical":"https:\/\/novisad2022.rs\/en\/parks4all-artistic-residency-in-novi-sad-successfully-completed\/","og_locale":"en_US","og_type":"article","og_title":"Parks4All Artistic Residency in Novi Sad Successfully Completed - Novi Sad 2022","og_description":"From October 15 to 29, 2025, the Parks4All Artistic Residency took place in Novi Sad\u00a0as part of the Interreg VI-A IPA Hungary\u2013Serbia Programme. During two inspiring weeks,\u00a0artists from Serbia and Hungary, Dragutin Rajkovi\u0107, Rozina Takacs, Milica \u0110uki\u0107, Jana Panajotovi\u0107, Damjan Bo\u017eovi\u0107, and Barbara Suboti\u0107, created artworks in public green spaces, exploring the connection between art, [&hellip;]","og_url":"https:\/\/novisad2022.rs\/en\/parks4all-artistic-residency-in-novi-sad-successfully-completed\/","og_site_name":"Novi Sad 2022","article_published_time":"2025-11-12T08:25:52+00:00","og_image":[{"width":2016,"height":1512,"url":"https:\/\/novisad2022.rs\/wp-content\/uploads\/2025\/11\/Dragutin.jpg","type":"image\/jpeg"}],"author":"Jasmina","twitter_card":"summary_large_image","twitter_misc":{"Written by":"Jasmina","Est. reading time":"2 minutes"},"schema":{"@context":"https:\/\/schema.org","@graph":[{"@type":"Article","@id":"https:\/\/novisad2022.rs\/en\/parks4all-artistic-residency-in-novi-sad-successfully-completed\/#article","isPartOf":{"@id":"https:\/\/novisad2022.rs\/en\/parks4all-artistic-residency-in-novi-sad-successfully-completed\/"},"author":{"name":"Jasmina","@id":"https:\/\/novisad2022.rs\/en\/#\/schema\/person\/ac5cc999e141a0cc6699aee7c62e6a77"},"headline":"Parks4All Artistic Residency in Novi Sad Successfully Completed","datePublished":"2025-11-12T08:25:52+00:00","mainEntityOfPage":{"@id":"https:\/\/novisad2022.rs\/en\/parks4all-artistic-residency-in-novi-sad-successfully-completed\/"},"wordCount":322,"commentCount":0,"image":{"@id":"https:\/\/novisad2022.rs\/en\/parks4all-artistic-residency-in-novi-sad-successfully-completed\/#primaryimage"},"thumbnailUrl":"https:\/\/novisad2022.rs\/wp-content\/uploads\/2025\/11\/Dragutin.jpg","articleSection":["News"],"inLanguage":"en-US","potentialAction":[{"@type":"CommentAction","name":"Comment","target":["https:\/\/novisad2022.rs\/en\/parks4all-artistic-residency-in-novi-sad-successfully-completed\/#respond"]}]},{"@type":"WebPage","@id":"https:\/\/novisad2022.rs\/en\/parks4all-artistic-residency-in-novi-sad-successfully-completed\/","url":"https:\/\/novisad2022.rs\/en\/parks4all-artistic-residency-in-novi-sad-successfully-completed\/","name":"Parks4All Artistic Residency in Novi Sad Successfully Completed - Novi Sad 2022","isPartOf":{"@id":"https:\/\/novisad2022.rs\/en\/#website"},"primaryImageOfPage":{"@id":"https:\/\/novisad2022.rs\/en\/parks4all-artistic-residency-in-novi-sad-successfully-completed\/#primaryimage"},"image":{"@id":"https:\/\/novisad2022.rs\/en\/parks4all-artistic-residency-in-novi-sad-successfully-completed\/#primaryimage"},"thumbnailUrl":"https:\/\/novisad2022.rs\/wp-content\/uploads\/2025\/11\/Dragutin.jpg","datePublished":"2025-11-12T08:25:52+00:00","author":{"@id":"https:\/\/novisad2022.rs\/en\/#\/schema\/person\/ac5cc999e141a0cc6699aee7c62e6a77"},"breadcrumb":{"@id":"https:\/\/novisad2022.rs\/en\/parks4all-artistic-residency-in-novi-sad-successfully-completed\/#breadcrumb"},"inLanguage":"en-US","potentialAction":[{"@type":"ReadAction","target":["https:\/\/novisad2022.rs\/en\/parks4all-artistic-residency-in-novi-sad-successfully-completed\/"]}]},{"@type":"ImageObject","inLanguage":"en-US","@id":"https:\/\/novisad2022.rs\/en\/parks4all-artistic-residency-in-novi-sad-successfully-completed\/#primaryimage","url":"https:\/\/novisad2022.rs\/wp-content\/uploads\/2025\/11\/Dragutin.jpg","contentUrl":"https:\/\/novisad2022.rs\/wp-content\/uploads\/2025\/11\/Dragutin.jpg","width":2016,"height":1512},{"@type":"BreadcrumbList","@id":"https:\/\/novisad2022.rs\/en\/parks4all-artistic-residency-in-novi-sad-successfully-completed\/#breadcrumb","itemListElement":[{"@type":"ListItem","position":1,"name":"\u041f\u043e\u0447\u0435\u0442\u043d\u0430","item":"https:\/\/novisad2022.rs\/en\/home-page\/"},{"@type":"ListItem","position":2,"name":"Parks4All Artistic Residency in Novi Sad Successfully Completed"}]},{"@type":"WebSite","@id":"https:\/\/novisad2022.rs\/en\/#website","url":"https:\/\/novisad2022.rs\/en\/","name":"Novi Sad 2022","description":"European Capital of Culture","potentialAction":[{"@type":"SearchAction","target":{"@type":"EntryPoint","urlTemplate":"https:\/\/novisad2022.rs\/en\/?s={search_term_string}"},"query-input":{"@type":"PropertyValueSpecification","valueRequired":true,"valueName":"search_term_string"}}],"inLanguage":"en-US"},{"@type":"Person","@id":"https:\/\/novisad2022.rs\/en\/#\/schema\/person\/ac5cc999e141a0cc6699aee7c62e6a77","name":"Jasmina","image":{"@type":"ImageObject","inLanguage":"en-US","@id":"https:\/\/novisad2022.rs\/en\/#\/schema\/person\/image\/","url":"https:\/\/secure.gravatar.com\/avatar\/1e299e2f3bd9f7617d41a61a43fc086c80151f6f5c6fa7873322cb5d18af2492?s=96&d=mm&r=g","contentUrl":"https:\/\/secure.gravatar.com\/avatar\/1e299e2f3bd9f7617d41a61a43fc086c80151f6f5c6fa7873322cb5d18af2492?s=96&d=mm&r=g","caption":"Jasmina"}}]}},"_links":{"self":[{"href":"https:\/\/novisad2022.rs\/en\/wp-json\/wp\/v2\/posts\/35455","targetHints":{"allow":["GET"]}}],"collection":[{"href":"https:\/\/novisad2022.rs\/en\/wp-json\/wp\/v2\/posts"}],"about":[{"href":"https:\/\/novisad2022.rs\/en\/wp-json\/wp\/v2\/types\/post"}],"author":[{"embeddable":true,"href":"https:\/\/novisad2022.rs\/en\/wp-json\/wp\/v2\/users\/8"}],"replies":[{"embeddable":true,"href":"https:\/\/novisad2022.rs\/en\/wp-json\/wp\/v2\/comments?post=35455"}],"version-history":[{"count":1,"href":"https:\/\/novisad2022.rs\/en\/wp-json\/wp\/v2\/posts\/35455\/revisions"}],"predecessor-version":[{"id":35456,"href":"https:\/\/novisad2022.rs\/en\/wp-json\/wp\/v2\/posts\/35455\/revisions\/35456"}],"wp:featuredmedia":[{"embeddable":true,"href":"https:\/\/novisad2022.rs\/en\/wp-json\/wp\/v2\/media\/35447"}],"wp:attachment":[{"href":"https:\/\/novisad2022.rs\/en\/wp-json\/wp\/v2\/media?parent=35455"}],"wp:term":[{"taxonomy":"category","embeddable":true,"href":"https:\/\/novisad2022.rs\/en\/wp-json\/wp\/v2\/categories?post=35455"},{"taxonomy":"post_tag","embeddable":true,"href":"https:\/\/novisad2022.rs\/en\/wp-json\/wp\/v2\/tags?post=35455"}],"curies":[{"name":"wp","href":"https:\/\/api.w.org\/{rel}","templated":true}]}}