{"id":8693,"date":"2021-01-14T15:42:15","date_gmt":"2021-01-14T15:42:15","guid":{"rendered":"https:\/\/novisad2022.rs\/2021\/01\/14\/more-than-12000-people-followed-docek-7529-online\/"},"modified":"2021-06-29T08:11:46","modified_gmt":"2021-06-29T08:11:46","slug":"more-than-12000-people-followed-docek-7529-online","status":"publish","type":"post","link":"https:\/\/novisad2022.rs\/en\/more-than-12000-people-followed-docek-7529-online\/","title":{"rendered":"More than 12,000 People Followed Do\u010dek 7529 Online"},"content":{"rendered":"<p style=\"text-align: justify;\"><strong>More than 12,000 people followed Do\u010dek 7529 via the <a href=\"https:\/\/visitns.rs\/2021\/01\/13\/onlajn-docek-7529\/\" target=\"_blank\" rel=\"noopener noreferrer\">Visit Novi Sad<\/a> platform on New Year&#8217;s Eve on 13 January.<\/strong><br \/>\n<!--more--><\/p>\n<p><img decoding=\"async\" class=\"aligncenter size-full wp-image-15314\" src=\"https:\/\/novisad2022.rs\/wp-content\/uploads\/2021\/06\/Stefan-Milenkovic-foto-Jelena-Ivanovic-2-1.jpg\" alt=\"\" \/><\/p>\n<p>Audience had an opportunity to see the concert by <strong>Stefan Milenkovi\u0107<\/strong>, a violin virtuoso, and <strong>Camerata Academica<\/strong> chamber orchestra with a special guest, <strong>Vasil Had\u017eimanov<\/strong>, on the Second Channel of the Radio Television of Serbia.<\/p>\n<p>In addition to them, <strong>Elektri\u010dni Orgazam, Bu\u010d Kesidi, D\u017eezva &amp; D\u017eezvica, Chamber ensemble, \u2018Sveti Stefan De\u010danski\u2019 choir with the \u2018Orfelin\u2019 string orchestra, the sopran Vitkay-Kucsera \u00c1gota with the pianist Jelena Simonovi\u0107 Kova\u010devi\u0107, the rapper Surreal, the musician Kick Kong<\/strong>, performed within Do\u010dek 7529, while the youngest ones had an opportunity to enjoy the opera for children by the<strong> \u2018Visoko C\u2019 Association of Artists.<\/strong><\/p>\n<p>You can see the best moments of this year\u2019s Do\u010dek in the gallery. The video is available on the <a href=\"https:\/\/visitns.rs\/2021\/01\/13\/onlajn-docek-7529\/\" target=\"_blank\" rel=\"noopener noreferrer\">following link<\/a>.<\/p>\n\n<p>During the programme of music, visual and performing arts, 14 Novi Sad spaces for culture, including the City Concert Hall, Fabrika, Skladi\u0161te, Biro and \u010celi\u010dana in Great Liman, Novi Sad Theatre and <a href=\"https:\/\/kulturnestanice.rs\/en\/\" target=\"_blank\" rel=\"noopener noreferrer\">network of cultural stations<\/a>, were presented within the Do\u010dek programme arch of the <a href=\"https:\/\/novisad2021.rs\/en\/\" target=\"_blank\" rel=\"noopener noreferrer\">Novi Sad \u2013 European Capital of Culture<\/a> project.<\/p>\n<p>&nbsp;<\/p>\n<p><em>Photo: Uro\u0161 Do\u017ei\u0107, Jelena Ivanovi\u0107<\/em><\/p>","protected":false},"excerpt":{"rendered":"<p>More than 12,000 people followed Do\u010dek 7529 via the Visit Novi Sad platform on New Year&#8217;s Eve on 13 January.<\/p>","protected":false},"author":6,"featured_media":8673,"comment_status":"open","ping_status":"open","sticky":false,"template":"","format":"standard","meta":{"site-sidebar-layout":"default","site-content-layout":"default","ast-site-content-layout":"default","site-content-style":"default","site-sidebar-style":"default","ast-global-header-display":"","ast-banner-title-visibility":"","ast-main-header-display":"","ast-hfb-above-header-display":"","ast-hfb-below-header-display":"","ast-hfb-mobile-header-display":"","site-post-title":"","ast-breadcrumbs-content":"","ast-featured-img":"","footer-sml-layout":"","ast-disable-related-posts":"","theme-transparent-header-meta":"default","adv-header-id-meta":"","stick-header-meta":"","header-above-stick-meta":"","header-main-stick-meta":"","header-below-stick-meta":"","astra-migrate-meta-layouts":"default","ast-page-background-enabled":"default","ast-page-background-meta":{"desktop":{"background-color":"","background-image":"","background-repeat":"repeat","background-position":"center center","background-size":"auto","background-attachment":"scroll","background-type":"","background-media":"","overlay-type":"","overlay-color":"","overlay-opacity":"","overlay-gradient":""},"tablet":{"background-color":"","background-image":"","background-repeat":"repeat","background-position":"center center","background-size":"auto","background-attachment":"scroll","background-type":"","background-media":"","overlay-type":"","overlay-color":"","overlay-opacity":"","overlay-gradient":""},"mobile":{"background-color":"","background-image":"","background-repeat":"repeat","background-position":"center center","background-size":"auto","background-attachment":"scroll","background-type":"","background-media":"","overlay-type":"","overlay-color":"","overlay-opacity":"","overlay-gradient":""}},"ast-content-background-meta":{"desktop":{"background-color":"var(--ast-global-color-5)","background-image":"","background-repeat":"repeat","background-position":"center center","background-size":"auto","background-attachment":"scroll","background-type":"","background-media":"","overlay-type":"","overlay-color":"","overlay-opacity":"","overlay-gradient":""},"tablet":{"background-color":"var(--ast-global-color-5)","background-image":"","background-repeat":"repeat","background-position":"center center","background-size":"auto","background-attachment":"scroll","background-type":"","background-media":"","overlay-type":"","overlay-color":"","overlay-opacity":"","overlay-gradient":""},"mobile":{"background-color":"var(--ast-global-color-5)","background-image":"","background-repeat":"repeat","background-position":"center center","background-size":"auto","background-attachment":"scroll","background-type":"","background-media":"","overlay-type":"","overlay-color":"","overlay-opacity":"","overlay-gradient":""}},"footnotes":""},"categories":[70],"tags":[1877],"class_list":["post-8693","post","type-post","status-publish","format-standard","has-post-thumbnail","hentry","category-news","tag-docek-7529-en"],"yoast_head":"<!-- This site is optimized with the Yoast SEO plugin v27.0 - https:\/\/yoast.com\/product\/yoast-seo-wordpress\/ -->\n<title>More than 12,000 People Followed Do\u010dek 7529 Online<\/title>\n<meta name=\"description\" content=\"More than 12,000 people followed Do\u010dek 7529 via the Visit Novi Sad platform on New Year&#039;s Eve on 13 January.\" \/>\n<meta name=\"robots\" content=\"index, follow, max-snippet:-1, max-image-preview:large, max-video-preview:-1\" \/>\n<link rel=\"canonical\" href=\"https:\/\/novisad2022.rs\/en\/more-than-12000-people-followed-docek-7529-online\/\" \/>\n<meta property=\"og:locale\" content=\"en_US\" \/>\n<meta property=\"og:type\" content=\"article\" \/>\n<meta property=\"og:title\" content=\"More than 12,000 People Followed Do\u010dek 7529 Online\" \/>\n<meta property=\"og:description\" content=\"More than 12,000 people followed Do\u010dek 7529 via the Visit Novi Sad platform on New Year&#039;s Eve on 13 January.\" \/>\n<meta property=\"og:url\" content=\"https:\/\/novisad2022.rs\/en\/more-than-12000-people-followed-docek-7529-online\/\" \/>\n<meta property=\"og:site_name\" content=\"Novi Sad 2022\" \/>\n<meta property=\"article:published_time\" content=\"2021-01-14T15:42:15+00:00\" \/>\n<meta property=\"article:modified_time\" content=\"2021-06-29T08:11:46+00:00\" \/>\n<meta property=\"og:image\" content=\"https:\/\/novisad2022.rs\/wp-content\/uploads\/2021\/06\/Stefan-Milenkovic-foto-Jelena-Ivanovic-4.jpg\" \/>\n\t<meta property=\"og:image:width\" content=\"1250\" \/>\n\t<meta property=\"og:image:height\" content=\"833\" \/>\n\t<meta property=\"og:image:type\" content=\"image\/jpeg\" \/>\n<meta name=\"author\" content=\"Sale S\" \/>\n<meta name=\"twitter:card\" content=\"summary_large_image\" \/>\n<meta name=\"twitter:label1\" content=\"Written by\" \/>\n\t<meta name=\"twitter:data1\" content=\"Sale S\" \/>\n\t<meta name=\"twitter:label2\" content=\"Est. reading time\" \/>\n\t<meta name=\"twitter:data2\" content=\"1 minute\" \/>\n<script type=\"application\/ld+json\" class=\"yoast-schema-graph\">{\"@context\":\"https:\/\/schema.org\",\"@graph\":[{\"@type\":\"Article\",\"@id\":\"https:\/\/novisad2022.rs\/en\/more-than-12000-people-followed-docek-7529-online\/#article\",\"isPartOf\":{\"@id\":\"https:\/\/novisad2022.rs\/en\/more-than-12000-people-followed-docek-7529-online\/\"},\"author\":{\"name\":\"Sale S\",\"@id\":\"https:\/\/novisad2022.rs\/en\/#\/schema\/person\/0b46ce05a4113371d766b9088bbbce20\"},\"headline\":\"More than 12,000 People Followed Do\u010dek 7529 Online\",\"datePublished\":\"2021-01-14T15:42:15+00:00\",\"dateModified\":\"2021-06-29T08:11:46+00:00\",\"mainEntityOfPage\":{\"@id\":\"https:\/\/novisad2022.rs\/en\/more-than-12000-people-followed-docek-7529-online\/\"},\"wordCount\":222,\"commentCount\":0,\"image\":{\"@id\":\"https:\/\/novisad2022.rs\/en\/more-than-12000-people-followed-docek-7529-online\/#primaryimage\"},\"thumbnailUrl\":\"https:\/\/novisad2022.rs\/wp-content\/uploads\/2021\/06\/Stefan-Milenkovic-foto-Jelena-Ivanovic-4.jpg\",\"keywords\":[\"do\u010dek 7529\"],\"articleSection\":[\"News\"],\"inLanguage\":\"en-US\",\"potentialAction\":[{\"@type\":\"CommentAction\",\"name\":\"Comment\",\"target\":[\"https:\/\/novisad2022.rs\/en\/more-than-12000-people-followed-docek-7529-online\/#respond\"]}]},{\"@type\":\"WebPage\",\"@id\":\"https:\/\/novisad2022.rs\/en\/more-than-12000-people-followed-docek-7529-online\/\",\"url\":\"https:\/\/novisad2022.rs\/en\/more-than-12000-people-followed-docek-7529-online\/\",\"name\":\"More than 12,000 People Followed Do\u010dek 7529 Online\",\"isPartOf\":{\"@id\":\"https:\/\/novisad2022.rs\/en\/#website\"},\"primaryImageOfPage\":{\"@id\":\"https:\/\/novisad2022.rs\/en\/more-than-12000-people-followed-docek-7529-online\/#primaryimage\"},\"image\":{\"@id\":\"https:\/\/novisad2022.rs\/en\/more-than-12000-people-followed-docek-7529-online\/#primaryimage\"},\"thumbnailUrl\":\"https:\/\/novisad2022.rs\/wp-content\/uploads\/2021\/06\/Stefan-Milenkovic-foto-Jelena-Ivanovic-4.jpg\",\"datePublished\":\"2021-01-14T15:42:15+00:00\",\"dateModified\":\"2021-06-29T08:11:46+00:00\",\"author\":{\"@id\":\"https:\/\/novisad2022.rs\/en\/#\/schema\/person\/0b46ce05a4113371d766b9088bbbce20\"},\"description\":\"More than 12,000 people followed Do\u010dek 7529 via the Visit Novi Sad platform on New Year's Eve on 13 January.\",\"breadcrumb\":{\"@id\":\"https:\/\/novisad2022.rs\/en\/more-than-12000-people-followed-docek-7529-online\/#breadcrumb\"},\"inLanguage\":\"en-US\",\"potentialAction\":[{\"@type\":\"ReadAction\",\"target\":[\"https:\/\/novisad2022.rs\/en\/more-than-12000-people-followed-docek-7529-online\/\"]}]},{\"@type\":\"ImageObject\",\"inLanguage\":\"en-US\",\"@id\":\"https:\/\/novisad2022.rs\/en\/more-than-12000-people-followed-docek-7529-online\/#primaryimage\",\"url\":\"https:\/\/novisad2022.rs\/wp-content\/uploads\/2021\/06\/Stefan-Milenkovic-foto-Jelena-Ivanovic-4.jpg\",\"contentUrl\":\"https:\/\/novisad2022.rs\/wp-content\/uploads\/2021\/06\/Stefan-Milenkovic-foto-Jelena-Ivanovic-4.jpg\",\"width\":1250,\"height\":833,\"caption\":\"do\u010dek\"},{\"@type\":\"BreadcrumbList\",\"@id\":\"https:\/\/novisad2022.rs\/en\/more-than-12000-people-followed-docek-7529-online\/#breadcrumb\",\"itemListElement\":[{\"@type\":\"ListItem\",\"position\":1,\"name\":\"\u041f\u043e\u0447\u0435\u0442\u043d\u0430\",\"item\":\"https:\/\/novisad2022.rs\/en\/home-page\/\"},{\"@type\":\"ListItem\",\"position\":2,\"name\":\"More than 12,000 People Followed Do\u010dek 7529 Online\"}]},{\"@type\":\"WebSite\",\"@id\":\"https:\/\/novisad2022.rs\/en\/#website\",\"url\":\"https:\/\/novisad2022.rs\/en\/\",\"name\":\"Novi Sad 2022\",\"description\":\"European Capital of Culture\",\"potentialAction\":[{\"@type\":\"SearchAction\",\"target\":{\"@type\":\"EntryPoint\",\"urlTemplate\":\"https:\/\/novisad2022.rs\/en\/?s={search_term_string}\"},\"query-input\":{\"@type\":\"PropertyValueSpecification\",\"valueRequired\":true,\"valueName\":\"search_term_string\"}}],\"inLanguage\":\"en-US\"},{\"@type\":\"Person\",\"@id\":\"https:\/\/novisad2022.rs\/en\/#\/schema\/person\/0b46ce05a4113371d766b9088bbbce20\",\"name\":\"Sale S\",\"image\":{\"@type\":\"ImageObject\",\"inLanguage\":\"en-US\",\"@id\":\"https:\/\/novisad2022.rs\/en\/#\/schema\/person\/image\/\",\"url\":\"https:\/\/secure.gravatar.com\/avatar\/82f0b08c08d60793b2522afccc3e3075c4fc3b64822bc5e61f39cfc4b860a235?s=96&d=mm&r=g\",\"contentUrl\":\"https:\/\/secure.gravatar.com\/avatar\/82f0b08c08d60793b2522afccc3e3075c4fc3b64822bc5e61f39cfc4b860a235?s=96&d=mm&r=g\",\"caption\":\"Sale S\"}}]}<\/script>\n<!-- \/ Yoast SEO plugin. -->","yoast_head_json":{"title":"More than 12,000 People Followed Do\u010dek 7529 Online","description":"More than 12,000 people followed Do\u010dek 7529 via the Visit Novi Sad platform on New Year's Eve on 13 January.","robots":{"index":"index","follow":"follow","max-snippet":"max-snippet:-1","max-image-preview":"max-image-preview:large","max-video-preview":"max-video-preview:-1"},"canonical":"https:\/\/novisad2022.rs\/en\/more-than-12000-people-followed-docek-7529-online\/","og_locale":"en_US","og_type":"article","og_title":"More than 12,000 People Followed Do\u010dek 7529 Online","og_description":"More than 12,000 people followed Do\u010dek 7529 via the Visit Novi Sad platform on New Year's Eve on 13 January.","og_url":"https:\/\/novisad2022.rs\/en\/more-than-12000-people-followed-docek-7529-online\/","og_site_name":"Novi Sad 2022","article_published_time":"2021-01-14T15:42:15+00:00","article_modified_time":"2021-06-29T08:11:46+00:00","og_image":[{"width":1250,"height":833,"url":"https:\/\/novisad2022.rs\/wp-content\/uploads\/2021\/06\/Stefan-Milenkovic-foto-Jelena-Ivanovic-4.jpg","type":"image\/jpeg"}],"author":"Sale S","twitter_card":"summary_large_image","twitter_misc":{"Written by":"Sale S","Est. reading time":"1 minute"},"schema":{"@context":"https:\/\/schema.org","@graph":[{"@type":"Article","@id":"https:\/\/novisad2022.rs\/en\/more-than-12000-people-followed-docek-7529-online\/#article","isPartOf":{"@id":"https:\/\/novisad2022.rs\/en\/more-than-12000-people-followed-docek-7529-online\/"},"author":{"name":"Sale S","@id":"https:\/\/novisad2022.rs\/en\/#\/schema\/person\/0b46ce05a4113371d766b9088bbbce20"},"headline":"More than 12,000 People Followed Do\u010dek 7529 Online","datePublished":"2021-01-14T15:42:15+00:00","dateModified":"2021-06-29T08:11:46+00:00","mainEntityOfPage":{"@id":"https:\/\/novisad2022.rs\/en\/more-than-12000-people-followed-docek-7529-online\/"},"wordCount":222,"commentCount":0,"image":{"@id":"https:\/\/novisad2022.rs\/en\/more-than-12000-people-followed-docek-7529-online\/#primaryimage"},"thumbnailUrl":"https:\/\/novisad2022.rs\/wp-content\/uploads\/2021\/06\/Stefan-Milenkovic-foto-Jelena-Ivanovic-4.jpg","keywords":["do\u010dek 7529"],"articleSection":["News"],"inLanguage":"en-US","potentialAction":[{"@type":"CommentAction","name":"Comment","target":["https:\/\/novisad2022.rs\/en\/more-than-12000-people-followed-docek-7529-online\/#respond"]}]},{"@type":"WebPage","@id":"https:\/\/novisad2022.rs\/en\/more-than-12000-people-followed-docek-7529-online\/","url":"https:\/\/novisad2022.rs\/en\/more-than-12000-people-followed-docek-7529-online\/","name":"More than 12,000 People Followed Do\u010dek 7529 Online","isPartOf":{"@id":"https:\/\/novisad2022.rs\/en\/#website"},"primaryImageOfPage":{"@id":"https:\/\/novisad2022.rs\/en\/more-than-12000-people-followed-docek-7529-online\/#primaryimage"},"image":{"@id":"https:\/\/novisad2022.rs\/en\/more-than-12000-people-followed-docek-7529-online\/#primaryimage"},"thumbnailUrl":"https:\/\/novisad2022.rs\/wp-content\/uploads\/2021\/06\/Stefan-Milenkovic-foto-Jelena-Ivanovic-4.jpg","datePublished":"2021-01-14T15:42:15+00:00","dateModified":"2021-06-29T08:11:46+00:00","author":{"@id":"https:\/\/novisad2022.rs\/en\/#\/schema\/person\/0b46ce05a4113371d766b9088bbbce20"},"description":"More than 12,000 people followed Do\u010dek 7529 via the Visit Novi Sad platform on New Year's Eve on 13 January.","breadcrumb":{"@id":"https:\/\/novisad2022.rs\/en\/more-than-12000-people-followed-docek-7529-online\/#breadcrumb"},"inLanguage":"en-US","potentialAction":[{"@type":"ReadAction","target":["https:\/\/novisad2022.rs\/en\/more-than-12000-people-followed-docek-7529-online\/"]}]},{"@type":"ImageObject","inLanguage":"en-US","@id":"https:\/\/novisad2022.rs\/en\/more-than-12000-people-followed-docek-7529-online\/#primaryimage","url":"https:\/\/novisad2022.rs\/wp-content\/uploads\/2021\/06\/Stefan-Milenkovic-foto-Jelena-Ivanovic-4.jpg","contentUrl":"https:\/\/novisad2022.rs\/wp-content\/uploads\/2021\/06\/Stefan-Milenkovic-foto-Jelena-Ivanovic-4.jpg","width":1250,"height":833,"caption":"do\u010dek"},{"@type":"BreadcrumbList","@id":"https:\/\/novisad2022.rs\/en\/more-than-12000-people-followed-docek-7529-online\/#breadcrumb","itemListElement":[{"@type":"ListItem","position":1,"name":"\u041f\u043e\u0447\u0435\u0442\u043d\u0430","item":"https:\/\/novisad2022.rs\/en\/home-page\/"},{"@type":"ListItem","position":2,"name":"More than 12,000 People Followed Do\u010dek 7529 Online"}]},{"@type":"WebSite","@id":"https:\/\/novisad2022.rs\/en\/#website","url":"https:\/\/novisad2022.rs\/en\/","name":"Novi Sad 2022","description":"European Capital of Culture","potentialAction":[{"@type":"SearchAction","target":{"@type":"EntryPoint","urlTemplate":"https:\/\/novisad2022.rs\/en\/?s={search_term_string}"},"query-input":{"@type":"PropertyValueSpecification","valueRequired":true,"valueName":"search_term_string"}}],"inLanguage":"en-US"},{"@type":"Person","@id":"https:\/\/novisad2022.rs\/en\/#\/schema\/person\/0b46ce05a4113371d766b9088bbbce20","name":"Sale S","image":{"@type":"ImageObject","inLanguage":"en-US","@id":"https:\/\/novisad2022.rs\/en\/#\/schema\/person\/image\/","url":"https:\/\/secure.gravatar.com\/avatar\/82f0b08c08d60793b2522afccc3e3075c4fc3b64822bc5e61f39cfc4b860a235?s=96&d=mm&r=g","contentUrl":"https:\/\/secure.gravatar.com\/avatar\/82f0b08c08d60793b2522afccc3e3075c4fc3b64822bc5e61f39cfc4b860a235?s=96&d=mm&r=g","caption":"Sale S"}}]}},"_links":{"self":[{"href":"https:\/\/novisad2022.rs\/en\/wp-json\/wp\/v2\/posts\/8693","targetHints":{"allow":["GET"]}}],"collection":[{"href":"https:\/\/novisad2022.rs\/en\/wp-json\/wp\/v2\/posts"}],"about":[{"href":"https:\/\/novisad2022.rs\/en\/wp-json\/wp\/v2\/types\/post"}],"author":[{"embeddable":true,"href":"https:\/\/novisad2022.rs\/en\/wp-json\/wp\/v2\/users\/6"}],"replies":[{"embeddable":true,"href":"https:\/\/novisad2022.rs\/en\/wp-json\/wp\/v2\/comments?post=8693"}],"version-history":[{"count":1,"href":"https:\/\/novisad2022.rs\/en\/wp-json\/wp\/v2\/posts\/8693\/revisions"}],"predecessor-version":[{"id":11799,"href":"https:\/\/novisad2022.rs\/en\/wp-json\/wp\/v2\/posts\/8693\/revisions\/11799"}],"wp:featuredmedia":[{"embeddable":true,"href":"https:\/\/novisad2022.rs\/en\/wp-json\/wp\/v2\/media\/8673"}],"wp:attachment":[{"href":"https:\/\/novisad2022.rs\/en\/wp-json\/wp\/v2\/media?parent=8693"}],"wp:term":[{"taxonomy":"category","embeddable":true,"href":"https:\/\/novisad2022.rs\/en\/wp-json\/wp\/v2\/categories?post=8693"},{"taxonomy":"post_tag","embeddable":true,"href":"https:\/\/novisad2022.rs\/en\/wp-json\/wp\/v2\/tags?post=8693"}],"curies":[{"name":"wp","href":"https:\/\/api.w.org\/{rel}","templated":true}]}}